{"id":114044,"date":"2020-01-14T11:55:44","date_gmt":"2020-01-14T17:55:44","guid":{"rendered":"http:\/\/visionpeninsular.com\/mid\/?p=114044"},"modified":"2020-01-14T11:55:51","modified_gmt":"2020-01-14T17:55:51","slug":"tren-maya-o-gran-parque","status":"publish","type":"post","link":"https:\/\/visionpeninsular.com\/mid\/tren-maya-o-gran-parque\/","title":{"rendered":"\u00bfTren Maya o Gran Parque?"},"content":{"rendered":"\n<p>Urge reabrir el debate<\/p>\n\n\n\n<p>FREDDY ESPADAS SOSA (*)<\/p>\n\n\n\n<p>Fuente: Diario de Yucat\u00e1n<\/p>\n\n\n\n<p>Nadie en su sano juicio puede negar que la eventual\nconstrucci\u00f3n del Gran Parque La Plancha en esta capital contin\u00faa siendo un tema\ncentral en la agenda p\u00fablica, en raz\u00f3n de que se contar\u00eda con un gran espacio\nverde con las instalaciones adecuadas para posibilitar la recreaci\u00f3n y la\nconvivencia arm\u00f3nica de todos los meridanos.<\/p>\n\n\n\n<p>Podemos afirmar que en la actualidad existe un amplio\nconsenso social a favor de que se edifique dicho parque, m\u00e1xime si muchos\nexpertos han advertido con abundantes evidencias cient\u00edficas que nuestra ciudad\nse encamina a un colapso econ\u00f3mico, social y ambiental, si no se corrige desde\nahora el rumbo de su desarrollo, dominado hoy por hoy por los grandes intereses\necon\u00f3micos del capital inmobiliario.<\/p>\n\n\n\n<p>El largo proceso de gestaci\u00f3n t\u00e9cnica y social de lo que hoy\nse conoce ampliamente como el proyecto del Gran Parque La Plancha fue\npuntualmente descrito en un art\u00edculo del doctor Marco Tulio Peraza Guzm\u00e1n,\nprofesor- investigador de la Facultad de Arquitectura de la Uady, publicado en\nel Diario el 8 de enero del a\u00f1o pasado. (Ver: \u201cGran Parque La Plancha: El\nregalo colaborativo para M\u00e9rida\u201d, disponible en: www.yucatan.com.mx).<\/p>\n\n\n\n<p>Refiere el citado acad\u00e9mico que desde 1995 comenzaron los\ntrabajos de varias instancias acad\u00e9micas y sociales para proponer el rescate\nintegral de los abandonados terrenos de la exestaci\u00f3n de trenes y su posible\nconversi\u00f3n en un gran parque p\u00fablico de car\u00e1cter metropolitano, el cual, en la\nvoz esperanzadora del arquitecto Fernando Medina Casares al dar cuenta del\nproyecto, \u201ccontar\u00eda con \u00e1reas verdes de recreaci\u00f3n, cultura, educaci\u00f3n y\ndeporte, donde los ni\u00f1os, j\u00f3venes y adultos puedan divertirse sanamente y\ncultivar el esp\u00edritu\u201d.<\/p>\n\n\n\n<p>Y aunque esta iniciativa fue presentada al entonces\ngobernador V\u00edctor Cervera Pacheco, no hubo ning\u00fan avance al respecto. Otro\nintento se dio en 2011 mediante el proyecto \u201cEstaci\u00f3n del Conocimiento del\nParque Metropolitano La Plancha\u201d, elaborado por el Patronato del Centro\nHist\u00f3rico de M\u00e9rida, A.C.<\/p>\n\n\n\n<p>Finalmente, el tercer momento crucial se dio desde 2014\nhasta la fecha, en el que se intensificaron los trabajos colaborativos con los\nagentes participantes y se consolidaron los avances de car\u00e1cter t\u00e9cnico, social\ny econ\u00f3mico en torno al proyecto.<\/p>\n\n\n\n<p>Haciendo una valoraci\u00f3n de conjunto sobre el ingente\nesfuerzo rese\u00f1ado por el doctor Peraza, podemos afirmar sin ninguna duda que lo\nque se inici\u00f3 en 1995 ha fraguado en un proyecto vital y de gran alcance para\nnuestra metr\u00f3poli, constituy\u00e9ndose as\u00ed en un asunto de innegable inter\u00e9s\np\u00fablico. Huelga decir que muchos expertos y estudiosos han expuesto de manera\nincuestionable los enormes beneficios que el Gran Parque traer\u00e1 a todos los\nmexicanos.<\/p>\n\n\n\n<p>Pero es aqu\u00ed donde \u201cla mula tumb\u00f3 a Genaro\u201d. Ocurre, caros\nlectores, que el empe\u00f1o del gobierno federal en construir una estaci\u00f3n del\nllamado Tren Maya en los terrenos de la exestaci\u00f3n de ferrocarriles \u2014como se ha\ndifundido ampliamente en los \u00faltimos seis meses\u2014 ha introducido un elemento\ndisruptivo en la ruta cr\u00edtica que ya hab\u00eda para la construcci\u00f3n del Gran\nParque.<\/p>\n\n\n\n<p>El proyecto se sumergi\u00f3 de pronto en un escenario de franca\nincertidumbre por lo que, en su momento, quien esto escribe exigi\u00f3 \u201cque las\nautoridades locales se pongan del lado de la sociedad, avalando y respaldando\nsin subterfugios su realizaci\u00f3n\u201d (\u201cEl proyecto del Gran Parque La Plancha:\nFuturo incierto\u201d, DY, 23 de agosto de 2019, Local, P. 4).<\/p>\n\n\n\n<p>Y nuevamente es el doctor Peraza Guzm\u00e1n quien sale a la\npalestra para denunciar lo que \u00e9l llama con toda raz\u00f3n una imposici\u00f3n de la\nestaci\u00f3n del Tren Maya, que en los hechos significar\u00e1 la cancelaci\u00f3n del Gran\nParque. Se\u00f1ala el investigador que todo parece indicar que tanto el gobierno\nestatal como el Ayuntamiento de M\u00e9rida han abandonado su postura de apoyo al\nGran Parque y han dado su anuencia al gobierno federal para que se construya\ndicha estaci\u00f3n (Ver: \u201cTren Maya en La Plancha: Imposici\u00f3n anunciada\u201d, DY, 3 de\nenero, Local, P. 4).<\/p>\n\n\n\n<p>El articulista advierte que la nueva postura de los\nrepresentantes gubernamentales locales \u2014adoptada en una reuni\u00f3n el 24 de julio\nde 2019 en la ESAY\u2014 caus\u00f3 gran sorpresa entre la sociedad, ya que existe un\nestudio denominado \u201cPlan Maestro La Plancha\u201d para hacer un gran parque urbano,\nel cual fue elaborado por la Uady y la UNAM hace dos a\u00f1os, y que ya contaba con\nel aval de los gobiernos federal, estatal y municipal, as\u00ed como de varias\norganizaciones ciudadanas, sociales y privadas.<\/p>\n\n\n\n<p>En virtud de la enorme utilidad que tendr\u00eda el Gran Parque\npara mejorar la calidad de vida de los meridanos de hoy y del futuro, as\u00ed como\npara contribuir a la recomposici\u00f3n del tejido social y enfrentarse a la crisis\nambiental que todos sufrimos, proponemos que se reabra el debate sobre lo que\nm\u00e1s conviene a los meridanos en esta grave disyuntiva: Gran Parque o estaci\u00f3n\ndel Tren Maya.<\/p>\n\n\n\n<p>Puesto que tanto el gobierno estatal como el Ayuntamiento de\nM\u00e9rida han cedido ante las presiones del gobierno federal, traicionando las m\u00e1s\naltas aspiraciones y sue\u00f1os de los meridanos, es necesario que se active la\ndiscusi\u00f3n p\u00fablica sobre este dilema, para lo cual es indispensable la\nparticipaci\u00f3n decisiva de las organizaciones de la sociedad civil, c\u00e1maras\nempresariales, universidades p\u00fablicas y privadas, colonos, acad\u00e9micos e\ninvestigadores. Se trata de una verdadera urgencia social. Veremos.\u2014 M\u00e9rida,\nYucat\u00e1n.<\/p>\n\n\n\n<p>canek_1999@yahoo.com.mx<\/p>\n\n\n\n<p>Doctor en Educaci\u00f3n. Profesor-investigador independiente.<\/p>\n<div class='share-to-whatsapp-wrapper'><div class='share-on-whsp'>Share on: <\/div><a data-text='\u00bfTren Maya o Gran Parque?' data-link='https:\/\/visionpeninsular.com\/mid\/tren-maya-o-gran-parque\/' class='whatsapp-button whatsapp-share'>WhatsApp<\/a><div class='clear '><\/div><\/div>","protected":false},"excerpt":{"rendered":"<p>Urge reabrir el debate FREDDY ESPADAS SOSA (*) Fuente: Diario de Yucat\u00e1n Nadie en su sano juicio puede negar que la eventual construcci\u00f3n del Gran Parque La Plancha en esta capital contin\u00faa siendo un tema central en la agenda p\u00fablica, en raz\u00f3n de que se contar\u00eda con un gran espacio verde con las instalaciones adecuadas &hellip;<\/p>\n","protected":false},"author":5,"featured_media":114045,"comment_status":"open","ping_status":"open","sticky":false,"template":"","format":"standard","meta":{"_mi_skip_tracking":false},"categories":[44],"tags":[9934,19064,11798],"_links":{"self":[{"href":"https:\/\/visionpeninsular.com\/mid\/wp-json\/wp\/v2\/posts\/114044"}],"collection":[{"href":"https:\/\/visionpeninsular.com\/mid\/wp-json\/wp\/v2\/posts"}],"about":[{"href":"https:\/\/visionpeninsular.com\/mid\/wp-json\/wp\/v2\/types\/post"}],"author":[{"embeddable":true,"href":"https:\/\/visionpeninsular.com\/mid\/wp-json\/wp\/v2\/users\/5"}],"replies":[{"embeddable":true,"href":"https:\/\/visionpeninsular.com\/mid\/wp-json\/wp\/v2\/comments?post=114044"}],"version-history":[{"count":1,"href":"https:\/\/visionpeninsular.com\/mid\/wp-json\/wp\/v2\/posts\/114044\/revisions"}],"predecessor-version":[{"id":114046,"href":"https:\/\/visionpeninsular.com\/mid\/wp-json\/wp\/v2\/posts\/114044\/revisions\/114046"}],"wp:featuredmedia":[{"embeddable":true,"href":"https:\/\/visionpeninsular.com\/mid\/wp-json\/wp\/v2\/media\/114045"}],"wp:attachment":[{"href":"https:\/\/visionpeninsular.com\/mid\/wp-json\/wp\/v2\/media?parent=114044"}],"wp:term":[{"taxonomy":"category","embeddable":true,"href":"https:\/\/visionpeninsular.com\/mid\/wp-json\/wp\/v2\/categories?post=114044"},{"taxonomy":"post_tag","embeddable":true,"href":"https:\/\/visionpeninsular.com\/mid\/wp-json\/wp\/v2\/tags?post=114044"}],"curies":[{"name":"wp","href":"https:\/\/api.w.org\/{rel}","templated":true}]}}