{"id":113975,"date":"2020-01-13T10:36:58","date_gmt":"2020-01-13T16:36:58","guid":{"rendered":"http:\/\/visionpeninsular.com\/mid\/?p=113975"},"modified":"2020-01-13T10:37:20","modified_gmt":"2020-01-13T16:37:20","slug":"dirigia-el-inah-ahora-dirige-la-salud-nacional","status":"publish","type":"post","link":"https:\/\/visionpeninsular.com\/mid\/dirigia-el-inah-ahora-dirige-la-salud-nacional\/","title":{"rendered":"Dirig\u00eda el INAH&#8230; Ahora dirige la SALUD NACIONAL!!!"},"content":{"rendered":"\n<p>Andr\u00e9s Manuel L\u00f3pez Obrador puso LA SALUD EN MANOS DE un\nexperto en HISTORIA: El Tabasque\u00f1o Ex director del INAH en algunos estados;\nJUAN ANTONIO FERRER fue nombrado por su paisano como Director Nacional del Instituto\nNacional de la Salud (INSABI)<\/p>\n\n\n\n<p>ANUNCI\u00d3 QUE EL MI\u00c9RCOLES, ABRIR\u00c1 EL FUNCIONAMIENTO Del\nHOSPITAL DE TEKAX &#8230; \u201cherencia vieja de Ivonne Ortega que, solo tuvo Consulta\nexterna con Rolando Zapata&#8230;\u00bfAHORA SI SER\u00c1 HOSPITAL???<\/p>\n\n\n\n<p><strong>ANTES DE SER DIRECTOR\nDEL INSABI, JUAN ANTONIO FERRER TRABAJ\u00d3 EN EL INAH<\/strong><\/p>\n\n\n\n<p>El actual director del Insabi carece de experiencia en el\nsector salud; s\u00f3lo trabaj\u00f3 en el cuidado del patrimonio cultural del INAH y fue\ndirector de zonas arqueol\u00f3gicas en Chiapas y Veracruz.<\/p>\n\n\n\n<p><strong><em>&nbsp;Juan Antonio Ferrer Insabi <\/em><\/strong><\/p>\n\n\n\n<p>Antes de ser director del Insabi, Juan Antonio Ferrer se\ndesempe\u00f1\u00f3 como director del Instituto Nacional de Antropolog\u00eda e Historia de\nTabasco. (FOTO: Cuartoscuro )<\/p>\n\n\n\n<p>Brenda Ya\u00f1ez<\/p>\n\n\n\n<p>@brendayaes<\/p>\n\n\n\n<p>Fuente: Expansi\u00f3n Pol\u00edtica<\/p>\n\n\n\n<p>En la primera semana de operaciones del Instituto de Salud\npara el Bienestar (Insabi), el nombre de su director, Juan Antonio Ferrer\nAguilar, se volvi\u00f3 relevante por los problemas de cobros en la prestaci\u00f3n de\nservicios de salud en hospitales p\u00fablicos, pero cu\u00e1l es la trayectoria previa\ndel director de este organismo dependiente de la Secretar\u00eda de Salud que se ha\nfijado la meta de atender a m\u00e1s de 60 millones de mexicanos?<\/p>\n\n\n\n<p>Seg\u00fan la informaci\u00f3n p\u00fablica, Juan Antonio Ferrer no ten\u00eda\nexperiencia previa en el sector salud; estos son sus datos:<\/p>\n\n\n\n<p>Ferrer Aguilar trabaj\u00f3 durante varios a\u00f1os en el Instituto\nNacional de Antropolog\u00eda e Historia (INAH) y se desempe\u00f1\u00f3 como director de\nvarias zonas arqueol\u00f3gicas del pa\u00eds, teniendo como su principal tarea la de\nconservar, proteger el patrimonio prehist\u00f3rico, arqueol\u00f3gico, antropol\u00f3gico,\nhist\u00f3rico del pa\u00eds.<\/p>\n\n\n\n<p>Ahora, que \u2018salt\u00f3\u2019 al Insabi, por designaci\u00f3n de su paisano,\nel presidente Andr\u00e9s Manuel L\u00f3pez Obrador, su trabajo es decidir en d\u00f3nde y\nc\u00f3mo ejercer el presupuesto autorizado del Insabi, adem\u00e1s de nombrar a los\ncoordinadores que estar\u00e1n al frente de las regiones de este Instituto.<\/p>\n\n\n\n<p>Preparaci\u00f3n acad\u00e9mica<\/p>\n\n\n\n<p>Ferrer Aguilar es maestro en Administraci\u00f3n de Empresas para\nEjecutivo por la Universidad Olmeca y licenciado en Administraci\u00f3n de Empresas\npor el Instituto Tecnol\u00f3gico de Tabasco.<\/p>\n\n\n\n<p>Experiencia laboral<\/p>\n\n\n\n<p>Fue subdirector del Centro INAH en Chiapas (1989 &#8211; 1993).<\/p>\n\n\n\n<p>Labor\u00f3 como director de la zona arqueol\u00f3gica del Tajin,\nVeracruz (1993 -1994).<\/p>\n\n\n\n<p>Se desempe\u00f1\u00f3 como director administrativo de la Central de\nMaquinaria de Tabasco (1995 &#8211; 1998).<\/p>\n\n\n\n<p>Tambi\u00e9n fue director de las zonas arqueol\u00f3gicas de Palanque,\nBonampak y Yaxchilan (1998 &#8211; 2004).<\/p>\n\n\n\n<p>De 2004 a 2012, fue delegado del INAH en Tabasco.<\/p>\n\n\n\n<p>En el municipio de Centro, Tabasco se desempe\u00f1\u00f3, primero,\ncomo secretario del Ayuntamiento (2013-2015) durante la administraci\u00f3n de\nHumberto de los Santos Bertruy y, luego, fue ratificado en el Concejo Municipal\nde Centro (2016).<\/p>\n\n\n\n<p>En 2016, fue nombrado director del Sistema para el\nDesarrollo Integral de la Familia (DIF) municipal de Centro.<\/p>\n\n\n\n<p>Antes de asumir la direcci\u00f3n del Insabi, Ferrer Aguilar\nregres\u00f3 a trabajar al INAH y se desempe\u00f1\u00f3 como delegado del Instituto, en\nTabasco.<\/p>\n\n\n\n<p>De acuerdo con el portal N\u00f3mina Transparente de la\nAdministraci\u00f3n P\u00fablica Federal, Ferrer Aguilar es Comisionado Nacional de\nProtecci\u00f3n Social en Salud y percibe un salario neto de 97,066 pesos.<\/p>\n\n\n\n<p>Han pasado nueve d\u00edas desde que el Insabi arranc\u00f3\noperaciones y las dudas y quejas en torno a su funcionamiento han salido a la\nluz, sobre todo por el presunto cobro de cuotas de recuperaci\u00f3n en hospitales\nde primer, segundo y tercer nivel, esto pese a que el presidente L\u00f3pez Obrador\nprometi\u00f3 que la atenci\u00f3n m\u00e9dica ser\u00eda totalmente gratuita.<\/p>\n\n\n\n<p>Al respecto Ferrer Aguilar precis\u00f3 este mi\u00e9rcoles, en\nentrevista con Radio F\u00f3rmula que, por ley, la atenci\u00f3n de primer y segundo\nnivel estar\u00e1 totalmente cubierta, pero no ser\u00e1 as\u00ed con la de tercer nivel, en\nla que se deber\u00e1n pagar cuotas de recuperaci\u00f3n a los centros nacionales de\nsalud.<\/p>\n\n\n\n<p>&#8220;No es que lo diga Juan Ferrer, hay una ley que se\nreform\u00f3: la Ley General de Salud, el art\u00edculo 77, establece que los servicios\nde salud que se prestan en el territorio nacional son gratuitos, est\u00e1 por ley,\nno lo digo yo. La cuota est\u00e1 por ley; ah\u00ed en la ley hay una parte que dice que\nlo que no cubre el Seguro Popular, pero es la diferencia. No es que haya una\ntarifa por padecimientos. Tenemos la obligaci\u00f3n de trabajar en esa parte; hay\nuna ley que permite que se haga esa cuota de recuperaci\u00f3n, solamente de esa\nparte de la diferencia no cubre esa parte&#8221;, justific\u00f3.<\/p>\n<div class='share-to-whatsapp-wrapper'><div class='share-on-whsp'>Share on: <\/div><a data-text='Dirig\u00eda el INAH... Ahora dirige la SALUD NACIONAL!!!' data-link='https:\/\/visionpeninsular.com\/mid\/dirigia-el-inah-ahora-dirige-la-salud-nacional\/' class='whatsapp-button whatsapp-share'>WhatsApp<\/a><div class='clear '><\/div><\/div>","protected":false},"excerpt":{"rendered":"<p>Andr\u00e9s Manuel L\u00f3pez Obrador puso LA SALUD EN MANOS DE un experto en HISTORIA: El Tabasque\u00f1o Ex director del INAH en algunos estados; JUAN ANTONIO FERRER fue nombrado por su paisano como Director Nacional del Instituto Nacional de la Salud (INSABI) ANUNCI\u00d3 QUE EL MI\u00c9RCOLES, ABRIR\u00c1 EL FUNCIONAMIENTO Del HOSPITAL DE TEKAX &#8230; \u201cherencia vieja &hellip;<\/p>\n","protected":false},"author":5,"featured_media":113976,"comment_status":"open","ping_status":"open","sticky":false,"template":"","format":"standard","meta":{"_mi_skip_tracking":false},"categories":[50,37],"tags":[904,19053,4183],"_links":{"self":[{"href":"https:\/\/visionpeninsular.com\/mid\/wp-json\/wp\/v2\/posts\/113975"}],"collection":[{"href":"https:\/\/visionpeninsular.com\/mid\/wp-json\/wp\/v2\/posts"}],"about":[{"href":"https:\/\/visionpeninsular.com\/mid\/wp-json\/wp\/v2\/types\/post"}],"author":[{"embeddable":true,"href":"https:\/\/visionpeninsular.com\/mid\/wp-json\/wp\/v2\/users\/5"}],"replies":[{"embeddable":true,"href":"https:\/\/visionpeninsular.com\/mid\/wp-json\/wp\/v2\/comments?post=113975"}],"version-history":[{"count":1,"href":"https:\/\/visionpeninsular.com\/mid\/wp-json\/wp\/v2\/posts\/113975\/revisions"}],"predecessor-version":[{"id":113977,"href":"https:\/\/visionpeninsular.com\/mid\/wp-json\/wp\/v2\/posts\/113975\/revisions\/113977"}],"wp:featuredmedia":[{"embeddable":true,"href":"https:\/\/visionpeninsular.com\/mid\/wp-json\/wp\/v2\/media\/113976"}],"wp:attachment":[{"href":"https:\/\/visionpeninsular.com\/mid\/wp-json\/wp\/v2\/media?parent=113975"}],"wp:term":[{"taxonomy":"category","embeddable":true,"href":"https:\/\/visionpeninsular.com\/mid\/wp-json\/wp\/v2\/categories?post=113975"},{"taxonomy":"post_tag","embeddable":true,"href":"https:\/\/visionpeninsular.com\/mid\/wp-json\/wp\/v2\/tags?post=113975"}],"curies":[{"name":"wp","href":"https:\/\/api.w.org\/{rel}","templated":true}]}}