{"id":113861,"date":"2020-01-11T08:18:54","date_gmt":"2020-01-11T14:18:54","guid":{"rendered":"http:\/\/visionpeninsular.com\/mid\/?p=113861"},"modified":"2020-01-11T08:19:19","modified_gmt":"2020-01-11T14:19:19","slug":"respuesta-de-la-comuna-a-la-postura-de-canaco-servytur","status":"publish","type":"post","link":"https:\/\/visionpeninsular.com\/mid\/respuesta-de-la-comuna-a-la-postura-de-canaco-servytur\/","title":{"rendered":"Respuesta de la Comuna a la postura de CANACO-SERVYTUR"},"content":{"rendered":"\n<p>En respuesta a la postura emitida por los afiliados de la\nC\u00e1mara Nacional de Comercio, Servicios y Turismo (Canaco Servytur) de M\u00e9rida,\nel Ayuntamiento de M\u00e9rida precisa lo siguiente:<\/p>\n\n\n\n<p>La Ciudad de M\u00e9rida celebra cada a\u00f1o el aniversario de su\nFundaci\u00f3n con un amplio programa de actividades culturales y art\u00edsticas, el\ncual se presenta con anticipaci\u00f3n, como ocurri\u00f3 en esta ocasi\u00f3n, cuando desde\ndiciembre pasado se dio a conocer la programaci\u00f3n con motivo de los 478 a\u00f1os de\nla ciudad.<\/p>\n\n\n\n<p>Incluso, se dio a conocer con anticipaci\u00f3n que para la\nrealizaci\u00f3n de algunos eventos, principalmente los masivos, se presentar\u00edan\ncierres de calles para el tr\u00e1fico vehicular.<\/p>\n\n\n\n<p>Por tal motivo, se difundieron de manera oportuna los\nhorarios y puntos que se mantendr\u00edan cerrados a fin de que la poblaci\u00f3n pueda\ntomar las previsiones necesarias.<\/p>\n\n\n\n<p>De manera puntual y p\u00fablicamente, con el apoyo de los medios\nde comunicaci\u00f3n, se ha dado a conocer informaci\u00f3n sobre todos y cada uno de los\neventos y actos masivos que alentar el entusiasmo por la celebraci\u00f3n de nuestra\nCiudad.<\/p>\n\n\n\n<p>El Ayuntamiento de M\u00e9rida tiene el firme compromiso de\nfomentar la cultura y el arte y m\u00e1s a\u00fan, el sentido de identidad y pertenencia\ncon las tradiciones y costumbres que son emblema de nuestra gran ciudad y del\norgullo de nuestra ciudadan\u00eda.<\/p>\n\n\n\n<p>Con la realizaci\u00f3n de este festival de la ciudad tambi\u00e9n se\nimpulsa el turismo, ya que durante estas fechas el municipio recibe a miles de\nturistas nacionales y extranjeros que asisten a dichos espect\u00e1culos, con lo que\ntambi\u00e9n se presentan una derrama econ\u00f3mica importante para ese sector, ya sea\nhotelero, prestador de servicios o comercial.<\/p>\n<div class='share-to-whatsapp-wrapper'><div class='share-on-whsp'>Share on: <\/div><a data-text='Respuesta de la Comuna a la postura de CANACO-SERVYTUR' data-link='https:\/\/visionpeninsular.com\/mid\/respuesta-de-la-comuna-a-la-postura-de-canaco-servytur\/' class='whatsapp-button whatsapp-share'>WhatsApp<\/a><div class='clear '><\/div><\/div>","protected":false},"excerpt":{"rendered":"<p>En respuesta a la postura emitida por los afiliados de la C\u00e1mara Nacional de Comercio, Servicios y Turismo (Canaco Servytur) de M\u00e9rida, el Ayuntamiento de M\u00e9rida precisa lo siguiente: La Ciudad de M\u00e9rida celebra cada a\u00f1o el aniversario de su Fundaci\u00f3n con un amplio programa de actividades culturales y art\u00edsticas, el cual se presenta con &hellip;<\/p>\n","protected":false},"author":5,"featured_media":113862,"comment_status":"open","ping_status":"open","sticky":false,"template":"","format":"standard","meta":{"_mi_skip_tracking":false},"categories":[49,37],"tags":[19040],"_links":{"self":[{"href":"https:\/\/visionpeninsular.com\/mid\/wp-json\/wp\/v2\/posts\/113861"}],"collection":[{"href":"https:\/\/visionpeninsular.com\/mid\/wp-json\/wp\/v2\/posts"}],"about":[{"href":"https:\/\/visionpeninsular.com\/mid\/wp-json\/wp\/v2\/types\/post"}],"author":[{"embeddable":true,"href":"https:\/\/visionpeninsular.com\/mid\/wp-json\/wp\/v2\/users\/5"}],"replies":[{"embeddable":true,"href":"https:\/\/visionpeninsular.com\/mid\/wp-json\/wp\/v2\/comments?post=113861"}],"version-history":[{"count":1,"href":"https:\/\/visionpeninsular.com\/mid\/wp-json\/wp\/v2\/posts\/113861\/revisions"}],"predecessor-version":[{"id":113863,"href":"https:\/\/visionpeninsular.com\/mid\/wp-json\/wp\/v2\/posts\/113861\/revisions\/113863"}],"wp:featuredmedia":[{"embeddable":true,"href":"https:\/\/visionpeninsular.com\/mid\/wp-json\/wp\/v2\/media\/113862"}],"wp:attachment":[{"href":"https:\/\/visionpeninsular.com\/mid\/wp-json\/wp\/v2\/media?parent=113861"}],"wp:term":[{"taxonomy":"category","embeddable":true,"href":"https:\/\/visionpeninsular.com\/mid\/wp-json\/wp\/v2\/categories?post=113861"},{"taxonomy":"post_tag","embeddable":true,"href":"https:\/\/visionpeninsular.com\/mid\/wp-json\/wp\/v2\/tags?post=113861"}],"curies":[{"name":"wp","href":"https:\/\/api.w.org\/{rel}","templated":true}]}}