{"id":113590,"date":"2020-01-08T10:00:39","date_gmt":"2020-01-08T16:00:39","guid":{"rendered":"http:\/\/visionpeninsular.com\/mid\/?p=113590"},"modified":"2020-01-08T10:00:54","modified_gmt":"2020-01-08T16:00:54","slug":"agentes-de-la-ssp-detienen-a-presunto-secuestrador-buscado-en-guerrero","status":"publish","type":"post","link":"https:\/\/visionpeninsular.com\/mid\/agentes-de-la-ssp-detienen-a-presunto-secuestrador-buscado-en-guerrero\/","title":{"rendered":"Agentes de la SSP detienen a presunto secuestrador buscado en Guerrero"},"content":{"rendered":"\n<p>Elementos de la Polic\u00eda Estatal de Investigaci\u00f3n (PEI) de la\nSecretar\u00eda de Seguridad P\u00fablica (SSP) detuvieron en M\u00e9rida a un sujeto acusado\ndel delito de secuestro en el estado de Guerrero.<\/p>\n\n\n\n<p>Se trata de Jos\u00e9 Alberto M. G. de 29 a\u00f1os de edad, contra\nquien pesa una orden de aprehensi\u00f3n vigente desde octubre del a\u00f1o pasado en\naquella entidad.<\/p>\n\n\n\n<p>Los agentes investigadores de la SSP capturaron al sujeto\ncuando conduc\u00eda una camioneta con placas del Estado de M\u00e9xico, con vidrios\npolarizados, en un fraccionamiento del poniente de M\u00e9rida.<\/p>\n\n\n\n<p>Este martes los polic\u00edas estatales entregaron al individuo a\nelementos de la Fiscal\u00eda del estado de Guerrero a fin de que sea trasladado\npara que contin\u00fae el proceso legal.<\/p>\n\n\n\n<p>Bolet\u00edn de Prensa<\/p>\n<div class='share-to-whatsapp-wrapper'><div class='share-on-whsp'>Share on: <\/div><a data-text='Agentes de la SSP detienen a presunto secuestrador buscado en Guerrero' data-link='https:\/\/visionpeninsular.com\/mid\/agentes-de-la-ssp-detienen-a-presunto-secuestrador-buscado-en-guerrero\/' class='whatsapp-button whatsapp-share'>WhatsApp<\/a><div class='clear '><\/div><\/div>","protected":false},"excerpt":{"rendered":"<p>Elementos de la Polic\u00eda Estatal de Investigaci\u00f3n (PEI) de la Secretar\u00eda de Seguridad P\u00fablica (SSP) detuvieron en M\u00e9rida a un sujeto acusado del delito de secuestro en el estado de Guerrero. Se trata de Jos\u00e9 Alberto M. G. de 29 a\u00f1os de edad, contra quien pesa una orden de aprehensi\u00f3n vigente desde octubre del a\u00f1o &hellip;<\/p>\n","protected":false},"author":5,"featured_media":113591,"comment_status":"open","ping_status":"open","sticky":false,"template":"","format":"standard","meta":{"_mi_skip_tracking":false},"categories":[50,37],"tags":[18999,18998,752],"_links":{"self":[{"href":"https:\/\/visionpeninsular.com\/mid\/wp-json\/wp\/v2\/posts\/113590"}],"collection":[{"href":"https:\/\/visionpeninsular.com\/mid\/wp-json\/wp\/v2\/posts"}],"about":[{"href":"https:\/\/visionpeninsular.com\/mid\/wp-json\/wp\/v2\/types\/post"}],"author":[{"embeddable":true,"href":"https:\/\/visionpeninsular.com\/mid\/wp-json\/wp\/v2\/users\/5"}],"replies":[{"embeddable":true,"href":"https:\/\/visionpeninsular.com\/mid\/wp-json\/wp\/v2\/comments?post=113590"}],"version-history":[{"count":1,"href":"https:\/\/visionpeninsular.com\/mid\/wp-json\/wp\/v2\/posts\/113590\/revisions"}],"predecessor-version":[{"id":113592,"href":"https:\/\/visionpeninsular.com\/mid\/wp-json\/wp\/v2\/posts\/113590\/revisions\/113592"}],"wp:featuredmedia":[{"embeddable":true,"href":"https:\/\/visionpeninsular.com\/mid\/wp-json\/wp\/v2\/media\/113591"}],"wp:attachment":[{"href":"https:\/\/visionpeninsular.com\/mid\/wp-json\/wp\/v2\/media?parent=113590"}],"wp:term":[{"taxonomy":"category","embeddable":true,"href":"https:\/\/visionpeninsular.com\/mid\/wp-json\/wp\/v2\/categories?post=113590"},{"taxonomy":"post_tag","embeddable":true,"href":"https:\/\/visionpeninsular.com\/mid\/wp-json\/wp\/v2\/tags?post=113590"}],"curies":[{"name":"wp","href":"https:\/\/api.w.org\/{rel}","templated":true}]}}