{"id":113583,"date":"2020-01-08T09:51:42","date_gmt":"2020-01-08T15:51:42","guid":{"rendered":"http:\/\/visionpeninsular.com\/mid\/?p=113583"},"modified":"2020-01-08T09:52:01","modified_gmt":"2020-01-08T15:52:01","slug":"renan-barrera-promovera-este-ano-programas-sociales-de-mayor-relevancia","status":"publish","type":"post","link":"https:\/\/visionpeninsular.com\/mid\/renan-barrera-promovera-este-ano-programas-sociales-de-mayor-relevancia\/","title":{"rendered":"Ren\u00e1n Barrera promover\u00e1 este a\u00f1o programas sociales de mayor relevancia"},"content":{"rendered":"\n<p><em>El primer edil se\nre\u00fane con los directores del \u00e1rea social para definir futuras acciones<\/em><\/p>\n\n\n\n<p>En reuni\u00f3n con los directores del \u00e1rea social del\nAyuntamiento, el alcalde Ren\u00e1n Barrera Concha gir\u00f3 instrucciones para reforzar\ny orientar algunos de los programas sociales de mayor relevancia que se\nimpulsar\u00e1n durante este a\u00f1o, promoviendo siempre la participaci\u00f3n ciudadana, el\ncuidado de la salud, el fomento al deporte y los buenos h\u00e1bitos.<\/p>\n\n\n\n<p>El alcalde y los directores hicieron un breve repaso de lo\nlogrado hasta ahora en la administraci\u00f3n en el sector social y acordaron\nacciones para 2020 que permitan ofrecer cada vez mejores resultados para\nbeneficio de las familias meridanas.<\/p>\n\n\n\n<p>\u2014No hay que perder de vista que nuestro objetivo principal\nsiempre es el bienestar de los meridanos y por eso es conveniente que hagamos\nel repaso de lo logrado hasta ahora y con base en esto reforcemos todo lo que\nsea necesario para ofrecerles cada vez mejores resultados \u2014dijo el mun\u00edcipe.<\/p>\n\n\n\n<p>En la reuni\u00f3n estuvieron Julio Sauma Castillo, secretario de\nParticipaci\u00f3n Ciudadana, y los directores Irving Berl\u00edn&nbsp; Villafa\u00f1a, de Cultura; Eira P\u00f3lito Garc\u00eda, de\nla Unidad de Atenci\u00f3n Ciudadana; Jes\u00fas Aguilar y Aguilar, de Bienestar Social y\nSusy Pasos Alpuche, del DIF Municipal.<\/p>\n\n\n\n<p>En cuanto a la Secretar\u00eda de Participaci\u00f3n Ciudadana, el\nalcalde instruy\u00f3 a Sauma Castillo para mantener y consolidar las acciones transversales,\nde manera que las pol\u00edticas p\u00fablicas municipales lleguen a todas las \u00e1reas de\nla administraci\u00f3n p\u00fablica.<\/p>\n\n\n\n<p>\u2014El a\u00f1o que reci\u00e9n concluy\u00f3 logramos una excelente\nparticipaci\u00f3n ciudadana, ya que fueron muchos los ciudadanos que se\ninvolucraron en el trabajo municipal \u2014expres\u00f3\u2014. Ahora estamos emprendiendo\nnuevas acciones que mantengan ese inter\u00e9s y aumente el apoyo ciudadano a las\nacciones y decisiones de gobierno.<\/p>\n\n\n\n<p>Se\u00f1al\u00f3 que entre los planes para 2020 figura tambi\u00e9n brindar\nmayor apoyo a los j\u00f3venes que deseen realizar su servicio social en el\nAyuntamiento.<\/p>\n\n\n\n<p>\u2014Lo que queremos es que no vean ese servicio social como un\nmero tr\u00e1mite, sino que sientan que son parte importante del desarrollo que\npromueve el municipio y que su contribuci\u00f3n es parte fundamental de ese\ndesarrollo \u2014puntualiz\u00f3.<\/p>\n\n\n\n<p>Tambi\u00e9n se preparan nuevos programas para fomentar el\nvoluntariado ciudadano en el Ayuntamiento.<\/p>\n\n\n\n<p>Sauma Castillo se comprometi\u00f3 tambi\u00e9n a potenciar los\nresultados de la participaci\u00f3n ciudadana en los consejos consultivos, a trav\u00e9s\nde los cuales en 2019 ya se comenzaron a tomar decisiones conjuntas entre\ngobierno municipal y poblaci\u00f3n.<\/p>\n\n\n\n<p>Barrera Concha reconoci\u00f3 el trabajo realizado con los\nconsejos consultivos y remarc\u00f3 que ahora es necesario visibilizar sus acciones\ny resultados en beneficio de la poblaci\u00f3n.<\/p>\n\n\n\n<p>Asimismo, en la reuni\u00f3n se dio a conocer que el \u00e1rea de\nBienestar Social pondr\u00e1 en marcha este mes un nuevo programa que se llevar\u00e1,\npor sectores, a los parques de la ciudad para dar a conocer y promover los\nservicios municipales que se ofrecen en las diferentes zonas de la ciudad.<\/p>\n\n\n\n<p>Jes\u00fas Aguilar y Aguilar explic\u00f3 que por instrucciones del\nalcalde en ese programa participar\u00e1n las \u00e1reas de Juventud, Deporte, Educaci\u00f3n\ny Salud, adem\u00e1s de que se invitar\u00e1 a agrupaciones civiles que tambi\u00e9n ofrezcan\nactividades y servicios en la zona donde se lleve el programa.<\/p>\n\n\n\n<p>\u2014La idea es integrar todos los servicios y promoverlos en\nuna sola jornada, con el apoyo de las escuelas \u2014abund\u00f3.<\/p>\n\n\n\n<p>Explic\u00f3 que, entre otras cosas, se llevar\u00e1n tambi\u00e9n a las\nescuelas del sector programas como los de activaci\u00f3n f\u00edsica, a fin de que ni\u00f1os\ny j\u00f3venes conozcan las opciones que en esta materia ofrece el Ayuntamiento para\nel bienestar integral.<\/p>\n\n\n\n<p>\u2014Pero no seremos s\u00f3lo nosotros, sino que invitaremos tambi\u00e9n\na agrupaciones deportivas del sector del que se trate \u2014dijo.<\/p>\n\n\n\n<p>Adem\u00e1s, se promover\u00e1 la lectura con los m\u00f3dulos de bibliotecas,\nse hablar\u00e1 m\u00e1s de todo lo que ofrecer el Gran Pulm\u00f3n de M\u00e9rida, se informar\u00e1 de\nlos m\u00f3dulos veterinarios, las campa\u00f1as de vacunaci\u00f3n antirr\u00e1bica, entre otras\ncosas.<\/p>\n\n\n\n<p>En la reuni\u00f3n con el alcalde, el director de Cultura Irving\nBerl\u00edn, habl\u00f3 de las actividades del M\u00e9rida Fest, que desde su inicio han\ndespertado el inter\u00e9s y atra\u00eddo a cientos de espectadores.<\/p>\n\n\n\n<p>Record\u00f3 que el viernes 10 ser\u00e1 el concierto de Diego Torres,\ncarta fuerte del festival, en la Plaza Principal y se espera que asistan miles\nde personas.<\/p>\n\n\n\n<p>\u2014Nos queda casi un mes de eventos culturales como parte del\nM\u00e9rida Fest que celebra el aniversario 478 de la ciudad, como el Coloquio\nInternacional de Diplomacia Cultural en las Ciudades \u2014precis\u00f3.<\/p>\n\n\n\n<p>Afirm\u00f3 que siguiendo las indicaciones del alcalde, este a\u00f1o\nel programa incluye disciplinas y artistas que cubren un amplio espectro de\ng\u00e9neros, a fin de llegar a ni\u00f1os, j\u00f3venes y adultos.<\/p>\n\n\n\n<p>\u2014En cuanto concluya este M\u00e9rida Fest ya estaremos tambi\u00e9n de\nlleno en la programaci\u00f3n de otras actividades culturales para este a\u00f1o y para\nel festival del pr\u00f3ximo a\u00f1o \u2014abund\u00f3.<\/p>\n\n\n\n<p>Agradeci\u00f3 al alcalde el apoyo a la cultura en todos los\n\u00e1mbitos, ya que es uno de los pilares que ayuda a seguir construyendo una\nciudad de paz, en la que reinan la armon\u00eda y la concordia.<\/p>\n\n\n\n<p>Finalmente, el alcalde exhort\u00f3 a los directores a no bajar\nla guardia en ning\u00fan momento y buscar cada vez f\u00f3rmulas innovadoras, haciendo\nuso de toda la tecnolog\u00eda a nuestro alcance, para mejorar los programas que el\nAyuntamiento ofrece a los meridanos.<\/p>\n<div class='share-to-whatsapp-wrapper'><div class='share-on-whsp'>Share on: <\/div><a data-text='Ren\u00e1n Barrera promover\u00e1 este a\u00f1o programas sociales de mayor relevancia' data-link='https:\/\/visionpeninsular.com\/mid\/renan-barrera-promovera-este-ano-programas-sociales-de-mayor-relevancia\/' class='whatsapp-button whatsapp-share'>WhatsApp<\/a><div class='clear '><\/div><\/div>","protected":false},"excerpt":{"rendered":"<p>El primer edil se re\u00fane con los directores del \u00e1rea social para definir futuras acciones En reuni\u00f3n con los directores del \u00e1rea social del Ayuntamiento, el alcalde Ren\u00e1n Barrera Concha gir\u00f3 instrucciones para reforzar y orientar algunos de los programas sociales de mayor relevancia que se impulsar\u00e1n durante este a\u00f1o, promoviendo siempre la participaci\u00f3n ciudadana, &hellip;<\/p>\n","protected":false},"author":5,"featured_media":113584,"comment_status":"open","ping_status":"open","sticky":false,"template":"","format":"standard","meta":{"_mi_skip_tracking":false},"categories":[50,37],"tags":[41,18997],"_links":{"self":[{"href":"https:\/\/visionpeninsular.com\/mid\/wp-json\/wp\/v2\/posts\/113583"}],"collection":[{"href":"https:\/\/visionpeninsular.com\/mid\/wp-json\/wp\/v2\/posts"}],"about":[{"href":"https:\/\/visionpeninsular.com\/mid\/wp-json\/wp\/v2\/types\/post"}],"author":[{"embeddable":true,"href":"https:\/\/visionpeninsular.com\/mid\/wp-json\/wp\/v2\/users\/5"}],"replies":[{"embeddable":true,"href":"https:\/\/visionpeninsular.com\/mid\/wp-json\/wp\/v2\/comments?post=113583"}],"version-history":[{"count":1,"href":"https:\/\/visionpeninsular.com\/mid\/wp-json\/wp\/v2\/posts\/113583\/revisions"}],"predecessor-version":[{"id":113585,"href":"https:\/\/visionpeninsular.com\/mid\/wp-json\/wp\/v2\/posts\/113583\/revisions\/113585"}],"wp:featuredmedia":[{"embeddable":true,"href":"https:\/\/visionpeninsular.com\/mid\/wp-json\/wp\/v2\/media\/113584"}],"wp:attachment":[{"href":"https:\/\/visionpeninsular.com\/mid\/wp-json\/wp\/v2\/media?parent=113583"}],"wp:term":[{"taxonomy":"category","embeddable":true,"href":"https:\/\/visionpeninsular.com\/mid\/wp-json\/wp\/v2\/categories?post=113583"},{"taxonomy":"post_tag","embeddable":true,"href":"https:\/\/visionpeninsular.com\/mid\/wp-json\/wp\/v2\/tags?post=113583"}],"curies":[{"name":"wp","href":"https:\/\/api.w.org\/{rel}","templated":true}]}}