{"id":113552,"date":"2020-01-07T10:30:54","date_gmt":"2020-01-07T16:30:54","guid":{"rendered":"http:\/\/visionpeninsular.com\/mid\/?p=113552"},"modified":"2020-01-07T10:31:12","modified_gmt":"2020-01-07T16:31:12","slug":"en-funciones-el-protocolo-contra-menores-acosadores-en-merida","status":"publish","type":"post","link":"https:\/\/visionpeninsular.com\/mid\/en-funciones-el-protocolo-contra-menores-acosadores-en-merida\/","title":{"rendered":"En funciones el  protocolo contra menores acosadores en M\u00e9rida"},"content":{"rendered":"\n<p>El secretario municipal, Alejandro Ruz Castro, se\u00f1al\u00f3 que el\nCabildo cumpli\u00f3 en tiempo con la puesta en funciones del protocolo contra menos\nacosadores en M\u00e9rida, &nbsp;que form\u00f3 parte de\nlas modificaciones vigentes para sancionar los casos de acoso que surgen en el\ncentro de la ciudad<\/p>\n\n\n\n<p>\u201cYa est\u00e1 en funcionamiento (el protocolo), ya se est\u00e1\nimplementando. La polic\u00eda municipal con el DIF y el Instituto de la Mujer,\ntrabajaron durante 6 meses para la elaboraci\u00f3n del protocolo. Ya se cuenta con\n\u00e9l para que en cualquier momento que haya la detenci\u00f3n de alg\u00fan menor, se tenga\nlos lineamientos adecuados para no vulnerar ning\u00fan derecho\u201d, dijo.<\/p>\n\n\n\n<p>Indic\u00f3 que como pate del protocolo, &nbsp;el proceso debe ser en presencia de un\npsic\u00f3logo y un trabajador social, adem\u00e1s de que se debe notificar al tutor y en\nsu caso, a la PRODEMEFA, ante alguna situaci\u00f3n espec\u00edfica, para lo que se cont\u00f3\ncon la labor de la Sala Unitaria de Justicia para Menores del Tribunal Superior\nde Justicia, quien aport\u00f3 propuestas para la conformaci\u00f3n.<\/p>\n\n\n\n<p>Los polic\u00edas municipales y jueces calificadores fueron capacitados\npara la implementaci\u00f3n de esta medida, sobre todo porque previo a \u00e9sta, se\nreportaron casos de menores infractores.<\/p>\n\n\n\n<p>\u201cDurante la elaboraci\u00f3n del protocolo, ellos intervinieron\nen la elaboraci\u00f3n porque ellos traen el d\u00eda a &nbsp;d\u00eda de las detenciones. Entonces, ellos\nparticiparon de manera activa y se hizo en conjunto con ellos y los asesores\njur\u00eddicos del ayuntamiento\u201d, explic\u00f3.<\/p>\n\n\n\n<p>\u201cAntes si ha habido casos de menores se\u00f1alados por acoso, y\nse hab\u00eda estado cubriendo ciertos requisitos especiales, en cuanto se trata de\nun menor a un mayor de edad\u201d, mencion\u00f3.<\/p>\n\n\n\n<p>La modificaci\u00f3n al Reglamento de Polic\u00eda, en materia del\ncombate al acoso, entr\u00f3 en vigor en abril de 2019, aunque los regidores\ntuvieron 6 meses para presentar el protocolo para la atenci\u00f3n de menores.<\/p>\n<div class='share-to-whatsapp-wrapper'><div class='share-on-whsp'>Share on: <\/div><a data-text='En funciones el  protocolo contra menores acosadores en M\u00e9rida' data-link='https:\/\/visionpeninsular.com\/mid\/en-funciones-el-protocolo-contra-menores-acosadores-en-merida\/' class='whatsapp-button whatsapp-share'>WhatsApp<\/a><div class='clear '><\/div><\/div>","protected":false},"excerpt":{"rendered":"<p>El secretario municipal, Alejandro Ruz Castro, se\u00f1al\u00f3 que el Cabildo cumpli\u00f3 en tiempo con la puesta en funciones del protocolo contra menos acosadores en M\u00e9rida, &nbsp;que form\u00f3 parte de las modificaciones vigentes para sancionar los casos de acoso que surgen en el centro de la ciudad \u201cYa est\u00e1 en funcionamiento (el protocolo), ya se est\u00e1 &hellip;<\/p>\n","protected":false},"author":5,"featured_media":113553,"comment_status":"open","ping_status":"open","sticky":false,"template":"","format":"standard","meta":{"_mi_skip_tracking":false},"categories":[50,37],"tags":[41,11515,18993],"_links":{"self":[{"href":"https:\/\/visionpeninsular.com\/mid\/wp-json\/wp\/v2\/posts\/113552"}],"collection":[{"href":"https:\/\/visionpeninsular.com\/mid\/wp-json\/wp\/v2\/posts"}],"about":[{"href":"https:\/\/visionpeninsular.com\/mid\/wp-json\/wp\/v2\/types\/post"}],"author":[{"embeddable":true,"href":"https:\/\/visionpeninsular.com\/mid\/wp-json\/wp\/v2\/users\/5"}],"replies":[{"embeddable":true,"href":"https:\/\/visionpeninsular.com\/mid\/wp-json\/wp\/v2\/comments?post=113552"}],"version-history":[{"count":1,"href":"https:\/\/visionpeninsular.com\/mid\/wp-json\/wp\/v2\/posts\/113552\/revisions"}],"predecessor-version":[{"id":113554,"href":"https:\/\/visionpeninsular.com\/mid\/wp-json\/wp\/v2\/posts\/113552\/revisions\/113554"}],"wp:featuredmedia":[{"embeddable":true,"href":"https:\/\/visionpeninsular.com\/mid\/wp-json\/wp\/v2\/media\/113553"}],"wp:attachment":[{"href":"https:\/\/visionpeninsular.com\/mid\/wp-json\/wp\/v2\/media?parent=113552"}],"wp:term":[{"taxonomy":"category","embeddable":true,"href":"https:\/\/visionpeninsular.com\/mid\/wp-json\/wp\/v2\/categories?post=113552"},{"taxonomy":"post_tag","embeddable":true,"href":"https:\/\/visionpeninsular.com\/mid\/wp-json\/wp\/v2\/tags?post=113552"}],"curies":[{"name":"wp","href":"https:\/\/api.w.org\/{rel}","templated":true}]}}