{"id":113481,"date":"2020-01-07T08:49:06","date_gmt":"2020-01-07T14:49:06","guid":{"rendered":"http:\/\/visionpeninsular.com\/mid\/?p=113481"},"modified":"2020-01-07T08:49:15","modified_gmt":"2020-01-07T14:49:15","slug":"autoridades-estatales-y-municipales-asisten-a-la-misa-por-el-aniversario-de-merida","status":"publish","type":"post","link":"https:\/\/visionpeninsular.com\/mid\/autoridades-estatales-y-municipales-asisten-a-la-misa-por-el-aniversario-de-merida\/","title":{"rendered":"Autoridades estatales y municipales asisten a la misa por el Aniversario de M\u00e9rida"},"content":{"rendered":"\n<p>Autoridades estatales y municipales, encabezadas por el\ngobernador Mauricio Vila Dosal y el alcalde de M\u00e9rida, Ren\u00e1n Barrera Concha,\nparticiparon esta ma\u00f1ana en la misa especial que con motivo del 478 aniversario\nde la fundaci\u00f3n de M\u00e9rida celebr\u00f3 en la S.I. Catedral el arzobispo de Yucat\u00e1n,\nMons. Gustavo Dom\u00ednguez Vega.<\/p>\n\n\n\n<figure class=\"wp-block-image size-large\"><img loading=\"lazy\" width=\"704\" height=\"472\" src=\"http:\/\/visionpeninsular.com\/mid\/wp-content\/uploads\/2020\/01\/misa-2.png\" alt=\"\" class=\"wp-image-113483\" srcset=\"https:\/\/visionpeninsular.com\/mid\/wp-content\/uploads\/2020\/01\/misa-2.png 704w, https:\/\/visionpeninsular.com\/mid\/wp-content\/uploads\/2020\/01\/misa-2-300x201.png 300w, https:\/\/visionpeninsular.com\/mid\/wp-content\/uploads\/2020\/01\/misa-2-110x75.png 110w\" sizes=\"(max-width: 704px) 100vw, 704px\" \/><\/figure>\n\n\n\n<p>El edil meridano estuvo acompa\u00f1ado por su esposa, Diana\nCastillo Laviada. Tambi\u00e9n asistieron funcionarios de ambas administraciones, la\nestatal y la municipal.<\/p>\n\n\n\n<figure class=\"wp-block-image size-large\"><img loading=\"lazy\" width=\"700\" height=\"480\" src=\"http:\/\/visionpeninsular.com\/mid\/wp-content\/uploads\/2020\/01\/misa-3.png\" alt=\"\" class=\"wp-image-113484\" srcset=\"https:\/\/visionpeninsular.com\/mid\/wp-content\/uploads\/2020\/01\/misa-3.png 700w, https:\/\/visionpeninsular.com\/mid\/wp-content\/uploads\/2020\/01\/misa-3-300x206.png 300w, https:\/\/visionpeninsular.com\/mid\/wp-content\/uploads\/2020\/01\/misa-3-110x75.png 110w\" sizes=\"(max-width: 700px) 100vw, 700px\" \/><\/figure>\n\n\n\n<p>Adem\u00e1s, decenas de meridanos y visitantes de otras partes\ndel pa\u00eds y del extranjero acudieron a la ceremonia, que cont\u00f3 con la emotiva\nparticipaci\u00f3n del Coro de la Ciudad, dirigido por Nidia G\u00f3ngora, y la Orquesta\nde C\u00e1mara de M\u00e9rida, bajo la batuta del maestro Russel Monta\u00f1ez.<\/p>\n<div class='share-to-whatsapp-wrapper'><div class='share-on-whsp'>Share on: <\/div><a data-text='Autoridades estatales y municipales asisten a la misa por el Aniversario de M\u00e9rida' data-link='https:\/\/visionpeninsular.com\/mid\/autoridades-estatales-y-municipales-asisten-a-la-misa-por-el-aniversario-de-merida\/' class='whatsapp-button whatsapp-share'>WhatsApp<\/a><div class='clear '><\/div><\/div>","protected":false},"excerpt":{"rendered":"<p>Autoridades estatales y municipales, encabezadas por el gobernador Mauricio Vila Dosal y el alcalde de M\u00e9rida, Ren\u00e1n Barrera Concha, participaron esta ma\u00f1ana en la misa especial que con motivo del 478 aniversario de la fundaci\u00f3n de M\u00e9rida celebr\u00f3 en la S.I. Catedral el arzobispo de Yucat\u00e1n, Mons. Gustavo Dom\u00ednguez Vega. El edil meridano estuvo acompa\u00f1ado &hellip;<\/p>\n","protected":false},"author":5,"featured_media":113482,"comment_status":"open","ping_status":"open","sticky":false,"template":"","format":"standard","meta":{"_mi_skip_tracking":false},"categories":[50,37],"tags":[18984,1039,18983],"_links":{"self":[{"href":"https:\/\/visionpeninsular.com\/mid\/wp-json\/wp\/v2\/posts\/113481"}],"collection":[{"href":"https:\/\/visionpeninsular.com\/mid\/wp-json\/wp\/v2\/posts"}],"about":[{"href":"https:\/\/visionpeninsular.com\/mid\/wp-json\/wp\/v2\/types\/post"}],"author":[{"embeddable":true,"href":"https:\/\/visionpeninsular.com\/mid\/wp-json\/wp\/v2\/users\/5"}],"replies":[{"embeddable":true,"href":"https:\/\/visionpeninsular.com\/mid\/wp-json\/wp\/v2\/comments?post=113481"}],"version-history":[{"count":1,"href":"https:\/\/visionpeninsular.com\/mid\/wp-json\/wp\/v2\/posts\/113481\/revisions"}],"predecessor-version":[{"id":113485,"href":"https:\/\/visionpeninsular.com\/mid\/wp-json\/wp\/v2\/posts\/113481\/revisions\/113485"}],"wp:featuredmedia":[{"embeddable":true,"href":"https:\/\/visionpeninsular.com\/mid\/wp-json\/wp\/v2\/media\/113482"}],"wp:attachment":[{"href":"https:\/\/visionpeninsular.com\/mid\/wp-json\/wp\/v2\/media?parent=113481"}],"wp:term":[{"taxonomy":"category","embeddable":true,"href":"https:\/\/visionpeninsular.com\/mid\/wp-json\/wp\/v2\/categories?post=113481"},{"taxonomy":"post_tag","embeddable":true,"href":"https:\/\/visionpeninsular.com\/mid\/wp-json\/wp\/v2\/tags?post=113481"}],"curies":[{"name":"wp","href":"https:\/\/api.w.org\/{rel}","templated":true}]}}