{"id":113474,"date":"2020-01-07T08:39:44","date_gmt":"2020-01-07T14:39:44","guid":{"rendered":"http:\/\/visionpeninsular.com\/mid\/?p=113474"},"modified":"2020-01-07T08:39:54","modified_gmt":"2020-01-07T14:39:54","slug":"anuncian-ajustes-y-nombramientos-en-el-gobierno-de-mauricio-vila","status":"publish","type":"post","link":"https:\/\/visionpeninsular.com\/mid\/anuncian-ajustes-y-nombramientos-en-el-gobierno-de-mauricio-vila\/","title":{"rendered":"Anuncian ajustes y nombramientos en el gobierno de Mauricio Vila"},"content":{"rendered":"\n<p>Con el objetivo de hacer eficientes los recursos, lo que\npermitir\u00e1 el ahorro y fortalecer a distintas dependencias y as\u00ed brindar un\nmejor servicio para las familias yucatecas, el Gobierno Estatal ha dispuesto\nuna serie de cambios en su estructura administrativa.<\/p>\n\n\n\n<p>Estos cambios se inscriben en el marco de las fusiones\nanunciadas desde noviembre del a\u00f1o pasado, cuando se adelant\u00f3 que se reducir\u00eda\nla estructura administrativa mediante la fusi\u00f3n de 7 entidades, con lo que se\ncontin\u00faa con el plan de austeridad que implement\u00f3 el gobernador Mauricio Vila\nDosal para hacer m\u00e1s eficiente el servicio p\u00fablico y generar mayores ahorros.<\/p>\n\n\n\n<p>Los cambios dispuestos son los siguientes:<\/p>\n\n\n\n<p>El MVZ. Gerardo Antonio Escaroz Soler es nombrado director\ngeneral de Educaci\u00f3n Superior y sustituye al Dr. Luis Rodr\u00edguez Carvajal.<\/p>\n\n\n\n<p>La psic\u00f3loga Joana Noem\u00ed Brice\u00f1o Ascencio ser\u00e1 la directora\ndel Cepredey (Centro Estatal de Prevenci\u00f3n Social del Delito y Participaci\u00f3n\nCiudadana).<\/p>\n\n\n\n<p>La psic\u00f3loga Brice\u00f1o Ascencio sustituye a Gabriela Baqueiro\nValencia quien se har\u00e1 cargo ahora del Centro Especializado en la Aplicaci\u00f3n de\nMedidas para Adolescentes (Ceama).<\/p>\n\n\n\n<p>Por su parte, la Mtra. Virginia Arana P\u00e9rez asumir\u00e1\ntemporalmente las funciones de Direcci\u00f3n del Centro Internacional de Congresos\n(CIC), luego de la renuncia de Federico Trevi\u00f1o Villarreal.<\/p>\n\n\n\n<p>Virginia Arana es la Directora Promoci\u00f3n y Relaciones\nP\u00fablicas del mismo lugar dependiente del Fideicomiso P\u00fablico para el Desarrollo\ndel Turismo de Reuniones en Yucat\u00e1n (Fideture).<\/p>\n\n\n\n<p>Asimismo, Sergio Alberto Victoria Palma ha sido nombrado\nEncargado de Despacho de la Direcci\u00f3n General del Colegio de Estudios\nCient\u00edficos y Tecnol\u00f3gicos del Estado de Yucat\u00e1n (Cecytey), ante la renuncia de\nFernando Alberto Cervera Pardenilla.<\/p>\n\n\n\n<p>En todos estos cambios se destaca el profesionalismo y la\nexperiencia no solo en el servicio p\u00fablico sino en labores y aportaciones\nciudadanas que ponen de manifiesto la inclusi\u00f3n y el privilegiar los resultados\nen beneficio de toda la poblaci\u00f3n.<\/p>\n\n\n\n<p>El 8 de noviembre de 2019 se anunci\u00f3 que se reducir\u00eda la\nestructura administrativa mediante la fusi\u00f3n de 7 entidades, con lo que se\ncontin\u00faa con el plan de austeridad que implementa el Gobernador Mauricio Vila\nDosal para hacer m\u00e1s eficiente el servicio p\u00fablico y generar mayores ahorros.<\/p>\n\n\n\n<p>Las 7 instancias gubernamentales que desaparecer\u00e1n para\nfusionarse con otras, se suman a otras 8 que se fusionaron como parte de la\nreorganizaci\u00f3n que se realiz\u00f3 al inicio de la actual administraci\u00f3n estatal,\npara hacer un total de 15 dependencias las que ya han pasado por este proceso.<\/p>\n\n\n\n<p>Las acciones contempladas dentro de esta reorganizaci\u00f3n\nadministrativa p\u00fablica estatal no impactar\u00e1n los servicios que brinda el Estado\na la ciudadan\u00eda, por lo que se continuar\u00e1 proporcionando los bienes y servicios\nque actualmente dichas entidades brindan, y tampoco se afectar\u00e1n los \u00e1mbitos de\nseguridad p\u00fablica, procuraci\u00f3n de justicia, obra p\u00fablica, salud y educaci\u00f3n,\ntoda vez que es imprescindible mantener la movilidad en la econom\u00eda del estado\ny los altos niveles de seguridad, as\u00ed como garantizar una buena educaci\u00f3n y\nservicios de salud de calidad.<\/p>\n\n\n\n<p>Tras un profundo an\u00e1lisis, se identific\u00f3 a 7 entidades que,\npor sus afinidades, funciones y actividades, son susceptibles de fusionarse y\ncontinuar cumpliendo con su objeto dentro de la administraci\u00f3n p\u00fablica estatal,\ncomo son el Instituto de Becas y Cr\u00e9dito Educativo del Estado (Ibecey), la\nJunta de Asistencia Privada de Yucat\u00e1n (Japey), la Administraci\u00f3n del\nPatrimonio de la Beneficencia P\u00fablica del estado (Apbpy), la Casa de las\nArtesan\u00edas (Caey), el Instituto de Infraestructura Carretera de Yucat\u00e1n (Incay),\nel Instituto para el Desarrollo y Certificaci\u00f3n de la Infraestructura F\u00edsica\nEducativa y El\u00e9ctrica de Yucat\u00e1n (Idefeey), el Instituto de Capacitaci\u00f3n para\nel Trabajo del Estado (Icatey), entre otras.<\/p>\n<div class='share-to-whatsapp-wrapper'><div class='share-on-whsp'>Share on: <\/div><a data-text='Anuncian ajustes y nombramientos en el gobierno de Mauricio Vila' data-link='https:\/\/visionpeninsular.com\/mid\/anuncian-ajustes-y-nombramientos-en-el-gobierno-de-mauricio-vila\/' class='whatsapp-button whatsapp-share'>WhatsApp<\/a><div class='clear '><\/div><\/div>","protected":false},"excerpt":{"rendered":"<p>Con el objetivo de hacer eficientes los recursos, lo que permitir\u00e1 el ahorro y fortalecer a distintas dependencias y as\u00ed brindar un mejor servicio para las familias yucatecas, el Gobierno Estatal ha dispuesto una serie de cambios en su estructura administrativa. Estos cambios se inscriben en el marco de las fusiones anunciadas desde noviembre del &hellip;<\/p>\n","protected":false},"author":5,"featured_media":113475,"comment_status":"open","ping_status":"open","sticky":false,"template":"","format":"standard","meta":{"_mi_skip_tracking":false},"categories":[49,37],"tags":[18982],"_links":{"self":[{"href":"https:\/\/visionpeninsular.com\/mid\/wp-json\/wp\/v2\/posts\/113474"}],"collection":[{"href":"https:\/\/visionpeninsular.com\/mid\/wp-json\/wp\/v2\/posts"}],"about":[{"href":"https:\/\/visionpeninsular.com\/mid\/wp-json\/wp\/v2\/types\/post"}],"author":[{"embeddable":true,"href":"https:\/\/visionpeninsular.com\/mid\/wp-json\/wp\/v2\/users\/5"}],"replies":[{"embeddable":true,"href":"https:\/\/visionpeninsular.com\/mid\/wp-json\/wp\/v2\/comments?post=113474"}],"version-history":[{"count":1,"href":"https:\/\/visionpeninsular.com\/mid\/wp-json\/wp\/v2\/posts\/113474\/revisions"}],"predecessor-version":[{"id":113476,"href":"https:\/\/visionpeninsular.com\/mid\/wp-json\/wp\/v2\/posts\/113474\/revisions\/113476"}],"wp:featuredmedia":[{"embeddable":true,"href":"https:\/\/visionpeninsular.com\/mid\/wp-json\/wp\/v2\/media\/113475"}],"wp:attachment":[{"href":"https:\/\/visionpeninsular.com\/mid\/wp-json\/wp\/v2\/media?parent=113474"}],"wp:term":[{"taxonomy":"category","embeddable":true,"href":"https:\/\/visionpeninsular.com\/mid\/wp-json\/wp\/v2\/categories?post=113474"},{"taxonomy":"post_tag","embeddable":true,"href":"https:\/\/visionpeninsular.com\/mid\/wp-json\/wp\/v2\/tags?post=113474"}],"curies":[{"name":"wp","href":"https:\/\/api.w.org\/{rel}","templated":true}]}}