{"id":113415,"date":"2020-01-06T07:33:26","date_gmt":"2020-01-06T13:33:26","guid":{"rendered":"http:\/\/visionpeninsular.com\/mid\/?p=113415"},"modified":"2020-01-06T07:33:46","modified_gmt":"2020-01-06T13:33:46","slug":"encabeza-renan-barrera-concha-el-inicio-de-los-festejos-por-el-478o-aniversario-de-merida","status":"publish","type":"post","link":"https:\/\/visionpeninsular.com\/mid\/encabeza-renan-barrera-concha-el-inicio-de-los-festejos-por-el-478o-aniversario-de-merida\/","title":{"rendered":"Encabeza Ren\u00e1n Barrera Concha el inicio de los festejos por el 478\u00ba. Aniversario de M\u00e9rida"},"content":{"rendered":"\n<p><em>Miles de meridanos y\nvisitantes entonan las ma\u00f1anitas a la ciudad y participan en la callejoneada<\/em><\/p>\n\n\n\n<p>La trova yucateca, reconocida a nivel nacional e\ninternacional como distintivo de M\u00e9rida, fue el marco perfecto para celebrar el\naniversario 478&nbsp; de la fundaci\u00f3n de la\ncapital yucateca y esta noche impregn\u00f3 de romanticismo las calles del centro\nhist\u00f3rico en la tradicional callejoneada y las ma\u00f1anitas a la ciudad,\nactividades que encabez\u00f3 el alcalde Ren\u00e1n Barrera Concha.<\/p>\n\n\n\n<p>Los festejos comenzaron desde las 10 de la noche en el\nparque de Santa Luc\u00eda, donde se ofreci\u00f3 una serenata especial con la\nparticipaci\u00f3n del tr\u00edo \u201cM\u00e9rida linda\u201d.<\/p>\n\n\n\n<figure class=\"wp-block-image size-large\"><img loading=\"lazy\" width=\"700\" height=\"472\" src=\"http:\/\/visionpeninsular.com\/mid\/wp-content\/uploads\/2020\/01\/m\u00e9rida-porta.png\" alt=\"\" class=\"wp-image-113417\" srcset=\"https:\/\/visionpeninsular.com\/mid\/wp-content\/uploads\/2020\/01\/m\u00e9rida-porta.png 700w, https:\/\/visionpeninsular.com\/mid\/wp-content\/uploads\/2020\/01\/m\u00e9rida-porta-300x202.png 300w, https:\/\/visionpeninsular.com\/mid\/wp-content\/uploads\/2020\/01\/m\u00e9rida-porta-110x75.png 110w\" sizes=\"(max-width: 700px) 100vw, 700px\" \/><\/figure>\n\n\n\n<p>A ese lugar lleg\u00f3 el alcalde Ren\u00e1n Barrera, acompa\u00f1ado de su\nesposa Diana Castillo Laviada, ambos luciendo el traje regional, para encabezar\nla callejoneada, que parti\u00f3 a las 23 horas de la calle 62 con 55 y que cont\u00f3\ncon la participaci\u00f3n de cientos de trovadores y miles de meridanos y visitantes\nque se sumaron a la fiesta de M\u00e9rida.<\/p>\n\n\n\n<p>El Concejal encabez\u00f3 la larga columna de trovadores de\ncuatro asociaciones locales, integrantes del Ballet Folcl\u00f3rico Titular del\nAyuntamiento, e invitados especiales para dirigirse a los bajos del Palacio\nMunicipal.<\/p>\n\n\n\n<figure class=\"wp-block-image size-large\"><img loading=\"lazy\" width=\"704\" height=\"488\" src=\"http:\/\/visionpeninsular.com\/mid\/wp-content\/uploads\/2020\/01\/m\u00e9rida-3.png\" alt=\"\" class=\"wp-image-113418\" srcset=\"https:\/\/visionpeninsular.com\/mid\/wp-content\/uploads\/2020\/01\/m\u00e9rida-3.png 704w, https:\/\/visionpeninsular.com\/mid\/wp-content\/uploads\/2020\/01\/m\u00e9rida-3-300x208.png 300w, https:\/\/visionpeninsular.com\/mid\/wp-content\/uploads\/2020\/01\/m\u00e9rida-3-110x75.png 110w\" sizes=\"(max-width: 704px) 100vw, 704px\" \/><\/figure>\n\n\n\n<p>Entre acordes de guitarra y canciones de la trova cl\u00e1sica,\nla columna avanz\u00f3 lentamente por las calles que separan el parque de Santa\nLuc\u00eda del Palacio Municipal. A lo largo del derrotero se observ\u00f3 a numerosos\nturistas que con c\u00e1maras o tel\u00e9fonos en mano grababan o tomaban fotos de la\ntradicional estampa, en la que pr\u00e1cticamente todos los participantes iban\nataviados de mestizos.<\/p>\n\n\n\n<p>En la jornada nocturna, enmarcada en un agradable clima y\nque se convirti\u00f3 en una aut\u00e9ntica fiesta musical,&nbsp; participaron 180 trovadores de las\nagrupaciones &#8220;Armando Manzanero&#8221;, &#8220;Guty C\u00e1rdenas&#8221;,\n&#8220;Pepe Dom\u00ednguez&#8221; y &#8220;Pastor Cervera&#8221;.<\/p>\n\n\n\n<figure class=\"wp-block-image size-large\"><img loading=\"lazy\" width=\"724\" height=\"472\" src=\"http:\/\/visionpeninsular.com\/mid\/wp-content\/uploads\/2020\/01\/m\u00e9rida-4.png\" alt=\"\" class=\"wp-image-113419\" srcset=\"https:\/\/visionpeninsular.com\/mid\/wp-content\/uploads\/2020\/01\/m\u00e9rida-4.png 724w, https:\/\/visionpeninsular.com\/mid\/wp-content\/uploads\/2020\/01\/m\u00e9rida-4-300x196.png 300w\" sizes=\"(max-width: 724px) 100vw, 724px\" \/><\/figure>\n\n\n\n<p>La callejoneada y las ma\u00f1anitas a la ciudad fueron el\ninicio, emotivo y po\u00e9tico, de los festejos por el 478 aniversario de la\nfundaci\u00f3n de M\u00e9rida.<\/p>\n\n\n\n<p>Al llegar a la tarima instalada en los bajos del Palacio\nMunicipal, los trovadores interpretaron los temas \u201cAcuarela&#8221;, &#8220;Noche\nenvidiosa&#8221;, &#8220;Quisiera&#8221;, &#8220;Peregrina&#8221;, &#8220;Manos de\narmi\u00f1o&#8221;, &#8220;A Yucat\u00e1n&#8221;, &#8220;Ella&#8221; y &#8220;En tus\nojos&#8221;.<\/p>\n\n\n\n<p>Posteriormente, todos los trovadores entonaron las\nma\u00f1anitas, reforzados por el gran coro que formaron miles de personas que se\ndieron cita en el festejo, mientras el Palacio Municipal se cubr\u00eda de luces\ncomo parte de un atractivo espect\u00e1culo de pirotecnia.<\/p>\n\n\n\n<p>Las luces, la m\u00fasica y los aplausos de todos los asistentes\npusieron el broche de oro a la noche que disfrutaron propios y extra\u00f1os y que\ncada a\u00f1o atrae a mayor n\u00famero de personas.<\/p>\n\n\n\n<p>Acompa\u00f1aron tambi\u00e9n al alcalde en esta noche de fiesta y\ntambi\u00e9n vistiendo el traje regional, los diputados locales, Manuel D\u00edaz Su\u00e1rez\ny Kathia Bolio Pinelo, as\u00ed como Alejandro Ruz Castro, secretario municipal;\nDiana Canto Moreno, s\u00edndico municipal; Irving Berl\u00edn Villafa\u00f1a, director de\nCultura, entre otros directores y regidores de la Comuna.<\/p>\n<div class='share-to-whatsapp-wrapper'><div class='share-on-whsp'>Share on: <\/div><a data-text='Encabeza Ren\u00e1n Barrera Concha el inicio de los festejos por el 478\u00ba. Aniversario de M\u00e9rida' data-link='https:\/\/visionpeninsular.com\/mid\/encabeza-renan-barrera-concha-el-inicio-de-los-festejos-por-el-478o-aniversario-de-merida\/' class='whatsapp-button whatsapp-share'>WhatsApp<\/a><div class='clear '><\/div><\/div>","protected":false},"excerpt":{"rendered":"<p>Miles de meridanos y visitantes entonan las ma\u00f1anitas a la ciudad y participan en la callejoneada La trova yucateca, reconocida a nivel nacional e internacional como distintivo de M\u00e9rida, fue el marco perfecto para celebrar el aniversario 478&nbsp; de la fundaci\u00f3n de la capital yucateca y esta noche impregn\u00f3 de romanticismo las calles del centro &hellip;<\/p>\n","protected":false},"author":5,"featured_media":113416,"comment_status":"open","ping_status":"open","sticky":false,"template":"","format":"standard","meta":{"_mi_skip_tracking":false},"categories":[50,37],"tags":[18972,18971,18970,17586],"_links":{"self":[{"href":"https:\/\/visionpeninsular.com\/mid\/wp-json\/wp\/v2\/posts\/113415"}],"collection":[{"href":"https:\/\/visionpeninsular.com\/mid\/wp-json\/wp\/v2\/posts"}],"about":[{"href":"https:\/\/visionpeninsular.com\/mid\/wp-json\/wp\/v2\/types\/post"}],"author":[{"embeddable":true,"href":"https:\/\/visionpeninsular.com\/mid\/wp-json\/wp\/v2\/users\/5"}],"replies":[{"embeddable":true,"href":"https:\/\/visionpeninsular.com\/mid\/wp-json\/wp\/v2\/comments?post=113415"}],"version-history":[{"count":1,"href":"https:\/\/visionpeninsular.com\/mid\/wp-json\/wp\/v2\/posts\/113415\/revisions"}],"predecessor-version":[{"id":113420,"href":"https:\/\/visionpeninsular.com\/mid\/wp-json\/wp\/v2\/posts\/113415\/revisions\/113420"}],"wp:featuredmedia":[{"embeddable":true,"href":"https:\/\/visionpeninsular.com\/mid\/wp-json\/wp\/v2\/media\/113416"}],"wp:attachment":[{"href":"https:\/\/visionpeninsular.com\/mid\/wp-json\/wp\/v2\/media?parent=113415"}],"wp:term":[{"taxonomy":"category","embeddable":true,"href":"https:\/\/visionpeninsular.com\/mid\/wp-json\/wp\/v2\/categories?post=113415"},{"taxonomy":"post_tag","embeddable":true,"href":"https:\/\/visionpeninsular.com\/mid\/wp-json\/wp\/v2\/tags?post=113415"}],"curies":[{"name":"wp","href":"https:\/\/api.w.org\/{rel}","templated":true}]}}