{"id":113366,"date":"2020-01-05T10:36:27","date_gmt":"2020-01-05T16:36:27","guid":{"rendered":"http:\/\/visionpeninsular.com\/mid\/?p=113366"},"modified":"2020-01-05T10:36:31","modified_gmt":"2020-01-05T16:36:31","slug":"recibe-el-gobernador-mauricio-vila-dosal-a-monsenor-jorge-carlos-patron-wong","status":"publish","type":"post","link":"https:\/\/visionpeninsular.com\/mid\/recibe-el-gobernador-mauricio-vila-dosal-a-monsenor-jorge-carlos-patron-wong\/","title":{"rendered":"Recibe el Gobernador Mauricio Vila Dosal a Monse\u00f1or Jorge Carlos Patr\u00f3n Wong"},"content":{"rendered":"\n<p>&nbsp;Al recibir al Monse\u00f1or\nJorge Carlos Patr\u00f3n Wong, Secretario para los Seminarios de la Congregaci\u00f3n\npara el Clero, durante su visita a Yucat\u00e1n, el Gobernador Mauricio Vila Dosal\nle expres\u00f3 sus buenos deseos para este 2020.<\/p>\n\n\n\n<p>Acompa\u00f1ado de su esposa Mar\u00eda Eugenia Ortiz Abraham, y sus\nhijos Alejandrina, Mauricio y Santiago, Vila Dosal felicit\u00f3 a Monse\u00f1or Patr\u00f3n\nWong por la Navidad y le dese\u00f3 felicidad, paz y amor en este inicio de a\u00f1o.<\/p>\n\n\n\n<p>Por su parte, el arzobispo yucateco extern\u00f3 sus parabienes\npara el Gobernador, su familia y los yucatecos. Asimismo, dese\u00f3 prosperidad y\narmon\u00eda para el estado.<\/p>\n<div class='share-to-whatsapp-wrapper'><div class='share-on-whsp'>Share on: <\/div><a data-text='Recibe el Gobernador Mauricio Vila Dosal a Monse\u00f1or Jorge Carlos Patr\u00f3n Wong' data-link='https:\/\/visionpeninsular.com\/mid\/recibe-el-gobernador-mauricio-vila-dosal-a-monsenor-jorge-carlos-patron-wong\/' class='whatsapp-button whatsapp-share'>WhatsApp<\/a><div class='clear '><\/div><\/div>","protected":false},"excerpt":{"rendered":"<p>&nbsp;Al recibir al Monse\u00f1or Jorge Carlos Patr\u00f3n Wong, Secretario para los Seminarios de la Congregaci\u00f3n para el Clero, durante su visita a Yucat\u00e1n, el Gobernador Mauricio Vila Dosal le expres\u00f3 sus buenos deseos para este 2020. Acompa\u00f1ado de su esposa Mar\u00eda Eugenia Ortiz Abraham, y sus hijos Alejandrina, Mauricio y Santiago, Vila Dosal felicit\u00f3 a &hellip;<\/p>\n","protected":false},"author":5,"featured_media":113367,"comment_status":"open","ping_status":"open","sticky":false,"template":"","format":"standard","meta":{"_mi_skip_tracking":false},"categories":[50,37],"tags":[18957],"_links":{"self":[{"href":"https:\/\/visionpeninsular.com\/mid\/wp-json\/wp\/v2\/posts\/113366"}],"collection":[{"href":"https:\/\/visionpeninsular.com\/mid\/wp-json\/wp\/v2\/posts"}],"about":[{"href":"https:\/\/visionpeninsular.com\/mid\/wp-json\/wp\/v2\/types\/post"}],"author":[{"embeddable":true,"href":"https:\/\/visionpeninsular.com\/mid\/wp-json\/wp\/v2\/users\/5"}],"replies":[{"embeddable":true,"href":"https:\/\/visionpeninsular.com\/mid\/wp-json\/wp\/v2\/comments?post=113366"}],"version-history":[{"count":1,"href":"https:\/\/visionpeninsular.com\/mid\/wp-json\/wp\/v2\/posts\/113366\/revisions"}],"predecessor-version":[{"id":113368,"href":"https:\/\/visionpeninsular.com\/mid\/wp-json\/wp\/v2\/posts\/113366\/revisions\/113368"}],"wp:featuredmedia":[{"embeddable":true,"href":"https:\/\/visionpeninsular.com\/mid\/wp-json\/wp\/v2\/media\/113367"}],"wp:attachment":[{"href":"https:\/\/visionpeninsular.com\/mid\/wp-json\/wp\/v2\/media?parent=113366"}],"wp:term":[{"taxonomy":"category","embeddable":true,"href":"https:\/\/visionpeninsular.com\/mid\/wp-json\/wp\/v2\/categories?post=113366"},{"taxonomy":"post_tag","embeddable":true,"href":"https:\/\/visionpeninsular.com\/mid\/wp-json\/wp\/v2\/tags?post=113366"}],"curies":[{"name":"wp","href":"https:\/\/api.w.org\/{rel}","templated":true}]}}