{"id":113332,"date":"2020-01-04T11:14:56","date_gmt":"2020-01-04T17:14:56","guid":{"rendered":"http:\/\/visionpeninsular.com\/mid\/?p=113332"},"modified":"2020-01-04T11:15:06","modified_gmt":"2020-01-04T17:15:06","slug":"dos-actos-para-conmemorar-a-felipe-carrillo-puerto","status":"publish","type":"post","link":"https:\/\/visionpeninsular.com\/mid\/dos-actos-para-conmemorar-a-felipe-carrillo-puerto\/","title":{"rendered":"Dos actos para conmemorar a Felipe Carrillo Puerto"},"content":{"rendered":"\n<p>En dos actos p\u00fablicos, se record\u00f3 en Yucat\u00e1n el legado del m\u00e1rtir del proletariado, Felipe Carrillo Puerto, al conmemorarse el 96 aniversario de su fusilamiento.<\/p>\n\n\n\n<p>En la ceremonia oficial realizada por autoridades\nuniversitarias, civiles y militares le rindieron honores ante su busto en el\nCementerio General de M\u00e9rida.<\/p>\n\n\n\n<p>A nombre de los tres poderes del Estado, el consejero\nJur\u00eddico, Mauricio Tappan Silveira, destac\u00f3 que la frase: \u201cNo abandon\u00e9is a mis\nindios\u201d, mencionada por Felipe Carrillo Puerto en su lecho de muerte, es el\nclaro ejemplo del inter\u00e9s central por el que vivi\u00f3 y ejerci\u00f3 la pol\u00edtica en\ndefensa de la poblaci\u00f3n m\u00e1s vulnerable.<\/p>\n\n\n\n<p>Por su parte, el director de la Facultad de Arquitectura de\nla Universidad Aut\u00f3noma de Yucat\u00e1n (UADY), Alfredo Jos\u00e9 Alonzo Aguilar, asegur\u00f3\nque el legado de Felipe Carrillo Puerto contin\u00faa vivo en diferentes obras y con\nlas trasformaciones que realiz\u00f3 en la vida social y pol\u00edtica del Estado.<\/p>\n\n\n\n<figure class=\"wp-block-image size-large\"><img loading=\"lazy\" width=\"800\" height=\"534\" src=\"http:\/\/visionpeninsular.com\/mid\/wp-content\/uploads\/2020\/01\/CARRILLO-PUERTO-4-scaled-1.jpg\" alt=\"\" class=\"wp-image-113334\" srcset=\"https:\/\/visionpeninsular.com\/mid\/wp-content\/uploads\/2020\/01\/CARRILLO-PUERTO-4-scaled-1.jpg 800w, https:\/\/visionpeninsular.com\/mid\/wp-content\/uploads\/2020\/01\/CARRILLO-PUERTO-4-scaled-1-300x200.jpg 300w, https:\/\/visionpeninsular.com\/mid\/wp-content\/uploads\/2020\/01\/CARRILLO-PUERTO-4-scaled-1-768x513.jpg 768w\" sizes=\"(max-width: 800px) 100vw, 800px\" \/><\/figure>\n\n\n\n<p>En su mensaje, record\u00f3 que el llamado \u201cDrag\u00f3n de los Ojos\nVerdes\u201d encabez\u00f3 la repartici\u00f3n de 664 mil 835 hect\u00e1reas a m\u00e1s de 34 mil\ncampesinos de la regi\u00f3n, construy\u00f3 carreteras como estrategia para el\ndesarrollo agr\u00edcola y comercial, adem\u00e1s de haber propuesto iniciativas de leyes\nque buscaban transformar diversos \u00e1mbitos del estado, e incluso algunas de\n\u00e9stas fueron adelantadas a su \u00e9poca.<\/p>\n\n\n\n<p>En el evento estuvieron presentes Jos\u00e9 de Jes\u00fas Williams,\nrector de la UADY; Mar\u00eda Dolores Fritz Sierra, secretaria general de Gobierno,\nen representaci\u00f3n del gobernador Mauricio Vila Dosal; Luis Catz\u00edn Dur\u00e1n,\npresidente del Partido Socialista del Sureste; Ricardo de Jes\u00fas \u00c1vila Heredia,\npresidente del Tribunal Superior de Justicia y del Consejo de la Judicatura del\nEstado.<\/p>\n\n\n\n<p>El otro acto se realiz\u00f3 en la Casa del Pueblo en donde el\npresidente estatal del PRI, Francisco Torres Rivas, llam\u00f3 a \u201cno bajar la guardia\nante los tiempos que se viven hoy en M\u00e9xico, y particularmente en nuestro\nestado, en donde hoy se atenta en contra del pueblo, particularmente en contra\nde los que menos tienen como en la \u00e9poca de Carrillo Puerto.<\/p>\n\n\n\n<figure class=\"wp-block-image size-large\"><img loading=\"lazy\" width=\"800\" height=\"534\" src=\"http:\/\/visionpeninsular.com\/mid\/wp-content\/uploads\/2020\/01\/FELIPE-CARRILLO-PUERTO-5-scaled-1.jpg\" alt=\"\" class=\"wp-image-113335\" srcset=\"https:\/\/visionpeninsular.com\/mid\/wp-content\/uploads\/2020\/01\/FELIPE-CARRILLO-PUERTO-5-scaled-1.jpg 800w, https:\/\/visionpeninsular.com\/mid\/wp-content\/uploads\/2020\/01\/FELIPE-CARRILLO-PUERTO-5-scaled-1-300x200.jpg 300w, https:\/\/visionpeninsular.com\/mid\/wp-content\/uploads\/2020\/01\/FELIPE-CARRILLO-PUERTO-5-scaled-1-768x513.jpg 768w\" sizes=\"(max-width: 800px) 100vw, 800px\" \/><\/figure>\n\n\n\n<p>En este sentido, afirm\u00f3 que hoy toca a los priistas\nencabezar una revoluci\u00f3n dentro de ese partido y refrendar los ideales de\ndemocracia y justicia social que enarbolamos; \u201cel PRI jam\u00e1s debi\u00f3 alejarse de\nsu bandera de Justicia Social\u201d.<\/p>\n<div class='share-to-whatsapp-wrapper'><div class='share-on-whsp'>Share on: <\/div><a data-text='Dos actos para conmemorar a Felipe Carrillo Puerto' data-link='https:\/\/visionpeninsular.com\/mid\/dos-actos-para-conmemorar-a-felipe-carrillo-puerto\/' class='whatsapp-button whatsapp-share'>WhatsApp<\/a><div class='clear '><\/div><\/div>","protected":false},"excerpt":{"rendered":"<p>En dos actos p\u00fablicos, se record\u00f3 en Yucat\u00e1n el legado del m\u00e1rtir del proletariado, Felipe Carrillo Puerto, al conmemorarse el 96 aniversario de su fusilamiento. En la ceremonia oficial realizada por autoridades universitarias, civiles y militares le rindieron honores ante su busto en el Cementerio General de M\u00e9rida. A nombre de los tres poderes del &hellip;<\/p>\n","protected":false},"author":5,"featured_media":113333,"comment_status":"open","ping_status":"open","sticky":false,"template":"","format":"standard","meta":{"_mi_skip_tracking":false},"categories":[50,37],"tags":[18951,18952],"_links":{"self":[{"href":"https:\/\/visionpeninsular.com\/mid\/wp-json\/wp\/v2\/posts\/113332"}],"collection":[{"href":"https:\/\/visionpeninsular.com\/mid\/wp-json\/wp\/v2\/posts"}],"about":[{"href":"https:\/\/visionpeninsular.com\/mid\/wp-json\/wp\/v2\/types\/post"}],"author":[{"embeddable":true,"href":"https:\/\/visionpeninsular.com\/mid\/wp-json\/wp\/v2\/users\/5"}],"replies":[{"embeddable":true,"href":"https:\/\/visionpeninsular.com\/mid\/wp-json\/wp\/v2\/comments?post=113332"}],"version-history":[{"count":1,"href":"https:\/\/visionpeninsular.com\/mid\/wp-json\/wp\/v2\/posts\/113332\/revisions"}],"predecessor-version":[{"id":113336,"href":"https:\/\/visionpeninsular.com\/mid\/wp-json\/wp\/v2\/posts\/113332\/revisions\/113336"}],"wp:featuredmedia":[{"embeddable":true,"href":"https:\/\/visionpeninsular.com\/mid\/wp-json\/wp\/v2\/media\/113333"}],"wp:attachment":[{"href":"https:\/\/visionpeninsular.com\/mid\/wp-json\/wp\/v2\/media?parent=113332"}],"wp:term":[{"taxonomy":"category","embeddable":true,"href":"https:\/\/visionpeninsular.com\/mid\/wp-json\/wp\/v2\/categories?post=113332"},{"taxonomy":"post_tag","embeddable":true,"href":"https:\/\/visionpeninsular.com\/mid\/wp-json\/wp\/v2\/tags?post=113332"}],"curies":[{"name":"wp","href":"https:\/\/api.w.org\/{rel}","templated":true}]}}