{"id":113322,"date":"2020-01-04T10:59:42","date_gmt":"2020-01-04T16:59:42","guid":{"rendered":"http:\/\/visionpeninsular.com\/mid\/?p=113322"},"modified":"2020-01-04T11:00:00","modified_gmt":"2020-01-04T17:00:00","slug":"el-ayuntamiento-de-merida-refuerza-la-cultura-del-reciclaje-entre-los-ciudadanos","status":"publish","type":"post","link":"https:\/\/visionpeninsular.com\/mid\/el-ayuntamiento-de-merida-refuerza-la-cultura-del-reciclaje-entre-los-ciudadanos\/","title":{"rendered":"El Ayuntamiento de M\u00e9rida refuerza la cultura del reciclaje entre los ciudadanos"},"content":{"rendered":"\n<p><em>Se inaugura el tercer\nMega Punto Verde en el fraccionamiento San Marcos Sustentable<\/em><\/p>\n\n\n\n<p>Para continuar el fomento de la sustentabilidad entre los\nmeridanos, el Ayuntamiento de M\u00e9rida que encabeza el alcalde Ren\u00e1n Barrera\nConcha instal\u00f3 hoy el tercer Mega Punto Verde en el fraccionamiento San Marcos\nSustentable.<\/p>\n\n\n\n<p>Con esta instalaci\u00f3n se busca fomentar la cultura del\nreciclaje, con lo cual se contribuye tambi\u00e9n al cuidado del medioambiente.<\/p>\n\n\n\n<figure class=\"wp-block-image size-large\"><img loading=\"lazy\" width=\"696\" height=\"472\" src=\"http:\/\/visionpeninsular.com\/mid\/wp-content\/uploads\/2020\/01\/punto-1.png\" alt=\"\" class=\"wp-image-113325\" srcset=\"https:\/\/visionpeninsular.com\/mid\/wp-content\/uploads\/2020\/01\/punto-1.png 696w, https:\/\/visionpeninsular.com\/mid\/wp-content\/uploads\/2020\/01\/punto-1-300x203.png 300w, https:\/\/visionpeninsular.com\/mid\/wp-content\/uploads\/2020\/01\/punto-1-110x75.png 110w\" sizes=\"(max-width: 696px) 100vw, 696px\" \/><\/figure>\n\n\n\n<p>El objetivo del proyecto, que forma parte de la estrategia\nBasura Cero, es ofrecer modelos novedosos de recolecci\u00f3n de residuos\nambientalmente amigable, a trav\u00e9s de la participaci\u00f3n de todos los ciudadanos,\nas\u00ed como de los tres \u00f3rdenes de gobierno y de la sociedad civil organizada,\nse\u00f1al\u00f3 el secretario de Participaci\u00f3n Ciudadana, Julio Sauma Castillo.<\/p>\n\n\n\n<p>\u2014Este programa es un claro ejemplo de que haciendo sinergia\npodemos tener mejores resultados, por eso todos tenemos una parte en este\njuego, nadie puede quedarse fuera del equipo llamado M\u00e9rida\u2014dijo.<\/p>\n\n\n\n<figure class=\"wp-block-image size-large\"><img loading=\"lazy\" width=\"688\" height=\"468\" src=\"http:\/\/visionpeninsular.com\/mid\/wp-content\/uploads\/2020\/01\/punto-2.png\" alt=\"\" class=\"wp-image-113326\" srcset=\"https:\/\/visionpeninsular.com\/mid\/wp-content\/uploads\/2020\/01\/punto-2.png 688w, https:\/\/visionpeninsular.com\/mid\/wp-content\/uploads\/2020\/01\/punto-2-300x204.png 300w, https:\/\/visionpeninsular.com\/mid\/wp-content\/uploads\/2020\/01\/punto-2-110x75.png 110w\" sizes=\"(max-width: 688px) 100vw, 688px\" \/><\/figure>\n\n\n\n<p>Sauma Castillo indic\u00f3 que estos esfuerzos que el\nAyuntamiento impulsa en materia de sustentabilidad&nbsp; pretenden generar una mayor responsabilidad\nciudadana en la disposici\u00f3n de los residuos, a trav\u00e9s de estos contenedores,\npor lo que los exhort\u00f3 a transmitir el mensaje a las nuevas generaciones.<\/p>\n\n\n\n<p>\u2014No es suficiente lo que hagan las autoridades por eso se\nnecesita la aportaci\u00f3n de la ciudadan\u00eda, d\u00e1ndole el ejemplo a sus hijos para\nque juntos contrarrestemos el da\u00f1o que le hemos hecho al planeta\u2014indic\u00f3.<\/p>\n\n\n\n<p>Por su parte, Eugenia Correa Arce, directora de la Unidad de\nDesarrollo Sustentable, record\u00f3 que el programa contar\u00e1 con 200 Puntos Verdes,\ntanto m\u00f3viles como est\u00e1ticos, en puntos estrat\u00e9gicos de la ciudad, para\nfacilitar el reciclaje y concientizar sobre la importancia del cuidado\nmedioambiental.<\/p>\n\n\n\n<p>Los desperdicios que se pueden llevar son: aceite\ncomestible, electr\u00f3nicos peque\u00f1os y medianos, papel, pilas, cart\u00f3n, aluminio,\nvidrio, envases PET y de polietileno de alta densidad (generalmente son\nbotellas de productos de limpieza), y envolturas.<\/p>\n\n\n\n<p>Para poder llevar los residuos es necesario que est\u00e9n\nlimpios, secos y aplastados, en el caso del cart\u00f3n de preferencia atado,\nagreg\u00f3.<\/p>\n\n\n\n<p>En su turno, Ricardo Combaluzier Medina, director general de\nConstrucasa, reconoci\u00f3 las estrategias que el alcalde Ren\u00e1n Barrera Concha\nimpulsa para la preservaci\u00f3n del medioambiente, por lo que exhort\u00f3 a los\nempresarios, c\u00e1maras, colegios, universidades y asociaciones civiles a sumarse\na este tipo de programas que tienen como objetivo el fomento de la cultura de\nla separaci\u00f3n, reciclaje y la correcta disposici\u00f3n de los residuos de manejo\nespecial y peligrosos domiciliarios; y as\u00ed promover la econom\u00eda circular en la\nciudad de M\u00e9rida.<\/p>\n\n\n\n<p>Alexia Lizarraga Quintero, directora ejecutiva de Kanan Kab\nA. C. expres\u00f3 que es de vital importancia generar alianzas para tener un\nimpacto mayor en este tipo de acciones que realiza el Ayuntamiento de M\u00e9rida,\npero sobretodo adoptar el h\u00e1bito en la separaci\u00f3n de los residuos s\u00f3lidos\nutilizando el Mega Punto Verde.<\/p>\n\n\n\n<p>Al evento asistieron tambi\u00e9n Richar Mut Tun, regidor\nintegrante de la Comisi\u00f3n de Sustentabilidad; Edgardo Bolio Arceo, director del\nInstituto Municipal de Planeaci\u00f3n de M\u00e9rida (IMPLAN); Andr\u00e9s Galv\u00e1n Torres,\ndirector general del Organismo de Cuenca Pen\u00ednsula de Yucat\u00e1n; Waldemar G\u00f3mez\nFlores, presidente del Colegio de Ingenieros Civiles de Yucat\u00e1n; Jorge Arjona\nArcila, presidente de la Federaci\u00f3n de Colegio de Profesionales; Carlos Mart\u00edn\nBrice\u00f1o, gerente de Fundaci\u00f3n Bepensa y&nbsp;\nJazm\u00edn Montes Osorio, vecina de San Marcos Sustentable.<\/p>\n<div class='share-to-whatsapp-wrapper'><div class='share-on-whsp'>Share on: <\/div><a data-text='El Ayuntamiento de M\u00e9rida refuerza la cultura del reciclaje entre los ciudadanos' data-link='https:\/\/visionpeninsular.com\/mid\/el-ayuntamiento-de-merida-refuerza-la-cultura-del-reciclaje-entre-los-ciudadanos\/' class='whatsapp-button whatsapp-share'>WhatsApp<\/a><div class='clear '><\/div><\/div>","protected":false},"excerpt":{"rendered":"<p>Se inaugura el tercer Mega Punto Verde en el fraccionamiento San Marcos Sustentable Para continuar el fomento de la sustentabilidad entre los meridanos, el Ayuntamiento de M\u00e9rida que encabeza el alcalde Ren\u00e1n Barrera Concha instal\u00f3 hoy el tercer Mega Punto Verde en el fraccionamiento San Marcos Sustentable. Con esta instalaci\u00f3n se busca fomentar la cultura &hellip;<\/p>\n","protected":false},"author":5,"featured_media":113324,"comment_status":"open","ping_status":"open","sticky":false,"template":"","format":"standard","meta":{"_mi_skip_tracking":false},"categories":[50,37],"tags":[41,18603,3400,18950],"_links":{"self":[{"href":"https:\/\/visionpeninsular.com\/mid\/wp-json\/wp\/v2\/posts\/113322"}],"collection":[{"href":"https:\/\/visionpeninsular.com\/mid\/wp-json\/wp\/v2\/posts"}],"about":[{"href":"https:\/\/visionpeninsular.com\/mid\/wp-json\/wp\/v2\/types\/post"}],"author":[{"embeddable":true,"href":"https:\/\/visionpeninsular.com\/mid\/wp-json\/wp\/v2\/users\/5"}],"replies":[{"embeddable":true,"href":"https:\/\/visionpeninsular.com\/mid\/wp-json\/wp\/v2\/comments?post=113322"}],"version-history":[{"count":1,"href":"https:\/\/visionpeninsular.com\/mid\/wp-json\/wp\/v2\/posts\/113322\/revisions"}],"predecessor-version":[{"id":113327,"href":"https:\/\/visionpeninsular.com\/mid\/wp-json\/wp\/v2\/posts\/113322\/revisions\/113327"}],"wp:featuredmedia":[{"embeddable":true,"href":"https:\/\/visionpeninsular.com\/mid\/wp-json\/wp\/v2\/media\/113324"}],"wp:attachment":[{"href":"https:\/\/visionpeninsular.com\/mid\/wp-json\/wp\/v2\/media?parent=113322"}],"wp:term":[{"taxonomy":"category","embeddable":true,"href":"https:\/\/visionpeninsular.com\/mid\/wp-json\/wp\/v2\/categories?post=113322"},{"taxonomy":"post_tag","embeddable":true,"href":"https:\/\/visionpeninsular.com\/mid\/wp-json\/wp\/v2\/tags?post=113322"}],"curies":[{"name":"wp","href":"https:\/\/api.w.org\/{rel}","templated":true}]}}