{"id":112563,"date":"2019-12-28T11:34:26","date_gmt":"2019-12-28T17:34:26","guid":{"rendered":"http:\/\/visionpeninsular.com\/mid\/?p=112563"},"modified":"2019-12-28T11:34:40","modified_gmt":"2019-12-28T17:34:40","slug":"presenta-renan-barrera-el-merida-fest-2020-que-celebra-el-dialogo-multicultural-a-traves-del-arte","status":"publish","type":"post","link":"https:\/\/visionpeninsular.com\/mid\/presenta-renan-barrera-el-merida-fest-2020-que-celebra-el-dialogo-multicultural-a-traves-del-arte\/","title":{"rendered":"Presenta  Ren\u00e1n Barrera el M\u00e9rida Fest 2020, que celebra el di\u00e1logo multicultural a trav\u00e9s del arte"},"content":{"rendered":"\n<p><em>Con el lema \u201cVivir\npara convivir\u201d el festival por el aniversario 478 de la ciudad ser\u00e1 del 5 al 26\nde enero<\/em><\/p>\n\n\n\n<p>El pr\u00f3ximo a\u00f1o&nbsp; ser\u00e1\nimportante&nbsp; para la ciudad&nbsp; ya que como Ayuntamiento buscaremos\nconsolidar las pol\u00edticas culturales que le den sentido de pertenencia e\nidentidad a M\u00e9rida, manifest\u00f3 el alcalde Ren\u00e1n Barrera Concha al presidir la\npresentaci\u00f3n oficial del programa M\u00e9rida Fest 2020 \u201cVivir para Convivir\u201d, que\nse realizar\u00e1 del 5 al 26 de enero con motivo del 478 aniversario de la\nfundaci\u00f3n de la ciudad.<\/p>\n\n\n\n<p>Acompa\u00f1ado de \u00c9rica Millet Corona, Secretaria de la Cultura\ny las Artes del Gobierno del Estado, as\u00ed como de artistas y funcionarios\nmunicipales, el primer edil se\u00f1al\u00f3 que el objetivo del M\u00e9rida Fest 2020 es\nsubrayar nuestros valores como ciudad, celebrar el di\u00e1logo multicultural que\nnos distingue y que nos permite acercar a nuevos p\u00fablicos con una oferta art\u00edstica\nde calidad.<\/p>\n\n\n\n<figure class=\"wp-block-image size-large\"><img loading=\"lazy\" width=\"784\" height=\"464\" src=\"http:\/\/visionpeninsular.com\/mid\/wp-content\/uploads\/2019\/12\/m\u00e9rida-fest-1.png\" alt=\"\" class=\"wp-image-112569\" srcset=\"https:\/\/visionpeninsular.com\/mid\/wp-content\/uploads\/2019\/12\/m\u00e9rida-fest-1.png 784w, https:\/\/visionpeninsular.com\/mid\/wp-content\/uploads\/2019\/12\/m\u00e9rida-fest-1-300x178.png 300w, https:\/\/visionpeninsular.com\/mid\/wp-content\/uploads\/2019\/12\/m\u00e9rida-fest-1-768x455.png 768w\" sizes=\"(max-width: 784px) 100vw, 784px\" \/><\/figure>\n\n\n\n<p>Expres\u00f3 que todos los artistas incluidos en el festival\nintegran un cartel de primer mundo y fueron seleccionados de manera puntual\nbuscando llegar a nuevos auditorios, reconociendo la pluralidad de los\nmeridanos que hoy vivimos y convivimos aqu\u00ed.<\/p>\n\n\n\n<p>Agreg\u00f3&nbsp; que la idea de\neste festival que reunir\u00e1 a 650 artistas locales, nacionales e internacionales,\nes tambi\u00e9n reconocer el bagaje cultural que existe en la ciudad, donde\nactualmente habitan alrededor de 100 mil personas procedentes de otros pa\u00edses\ndel mundo, de ah\u00ed que, dijo, esta es una oportunidad m\u00e1s de regocijarnos con\nella, de recorrerla a pie y de renovar nuestra responsabilidad ciudadana por\ncuidarla y protegerla.<\/p>\n\n\n\n<p>\u2014Lo que queremos es precisamente que podamos vivir para\nconvivir en medio de un ambiente de cultura que es sin\u00f3nimo de libertad, de\nexpresi\u00f3n de alegr\u00eda y de convivencia, M\u00e9rida es una ciudad que es reconocida\nen todo el mundo por su talento y cultura lo que nos motiva a seguir impulsando\neste tipo de festivales para el disfrute de los meridanos y visitantes\u2014 apunt\u00f3.<\/p>\n\n\n\n<p>El M\u00e9rida Fest 2020&nbsp;\nse desarrollar\u00e1 en 30 sedes de la ciudad, con un total de 130 eventos de\ndistintas disciplinas como danza, m\u00fasica, teatro, literatura, cine entre otras.<\/p>\n\n\n\n<figure class=\"wp-block-image size-large\"><img loading=\"lazy\" width=\"732\" height=\"460\" src=\"http:\/\/visionpeninsular.com\/mid\/wp-content\/uploads\/2019\/12\/m\u00e9rida-fest-2.png\" alt=\"\" class=\"wp-image-112570\" srcset=\"https:\/\/visionpeninsular.com\/mid\/wp-content\/uploads\/2019\/12\/m\u00e9rida-fest-2.png 732w, https:\/\/visionpeninsular.com\/mid\/wp-content\/uploads\/2019\/12\/m\u00e9rida-fest-2-300x189.png 300w\" sizes=\"(max-width: 732px) 100vw, 732px\" \/><\/figure>\n\n\n\n<p>El concierto de apertura del festival estar\u00e1 a cargo de la\ncantautora yucateca Ang\u00e9lica Balado y har\u00e1 alusi\u00f3n a la equidad de g\u00e9nero e\nincluir\u00e1 a varias mujeres que se dedican a la trova.<\/p>\n\n\n\n<p>En el concierto, titulado \u201cM\u00e9rida es nombre de mujer\u201d,\nparticipar\u00e1n 10 cantantes, 7 mujeres y 3 hombres, con repertorio de trova\nyucateca tradicional y contempor\u00e1nea.<\/p>\n\n\n\n<p>Agreg\u00f3 que aunado a ello la mitad del repertorio musical\nestar\u00e1 integrado por canciones de mujeres compositoras, todas yucatecas.<\/p>\n\n\n\n<p>Otra innovaci\u00f3n, refiri\u00f3, ser\u00e1 la presentaci\u00f3n de la canci\u00f3n\nMestiza, de Chan Cil (Cirilo&nbsp; Baqueiro\nPreve) con nuevos arreglos, a fin de acercar a las nuevas generaciones a este\ng\u00e9nero musical.<\/p>\n\n\n\n<p>\u2014Esta canci\u00f3n incluye arreglos nuevos porque a intenci\u00f3n es\nque la gente que vive aqu\u00ed en M\u00e9rida y que proviene de muchas partes del mundo,\nconozcan nuestra trova con un sonido m\u00e1s universal\u2014 expres\u00f3.<\/p>\n\n\n\n<p>En su turno, el director de Cultura, Irving Berl\u00edn\nVillafa\u00f1a, inform\u00f3 que la cartelera art\u00edstica incluir\u00e1 como plato fuerte la\npresentaci\u00f3n estelar del cantante Diego Torres, quien ser\u00e1 el encargado de\ncerrar las actividades culturales del M\u00e9rida Fest 2020, en un concierto que se\nrealizar\u00e1 en la Plaza Grande de M\u00e9rida.<\/p>\n\n\n\n<p>En el mismo plano internacional, la cartelera cultural\ntambi\u00e9n incluir\u00e1 la participaci\u00f3n de artistas de artistas de Holanda, Cuba,\nJap\u00f3n, Portugal, China, Argentina, Colombia y Estados Unidos, como Michal\nKamal, Pancho Amat, Fidel Nadal,Los Pericos, y la \u00d3pera de Sichuan.<\/p>\n\n\n\n<p>Asimismo, estar\u00e1n Fanfarrias en el aire, Belli &amp; J\u00fadice,\nTomoko, Tr\u00edo Nova Colombia, Paloma del Cerro, Naci\u00f3n Ekeko y Live Set\n(argentina), Stabat Mater con Dorela Cela &amp; Teodora Drozdik-Popovi\u0107\n(Italia) y el Dj Joeski, de Estados Unidos.<\/p>\n\n\n\n<p>En \u00e1mbito nacional se contar\u00e1 con la presencia de Los Socios\ndel Ritmo, la Compa\u00f1\u00eda Nacional de Teatro, Marionetas de la esquina, Rodrigo de\nla Cadena, Cleyver, Compa\u00f1\u00eda Teatral del Norte, entre otros.<\/p>\n\n\n\n<p>Mujer Inmortal, Los Cuatro Cuartos, Eduardo V\u00e1zquez, Noche\nde M\u00fasica ligera, Cort\u00e9s Ancona, Azul y lineando l\u00edneas, Los Perros, 55\naniversario de Santa Luc\u00eda y Mia Monforte, conformar\u00e1n las actividades y a los\nartistas locales que estar\u00e1n presentes en el M\u00e9rida Fest 2020.<\/p>\n\n\n\n<p>Cabe resaltar que el Festival de la ciudad ha generado gran\nconvocatoria en las \u00faltimas 5 ediciones al reunir a m\u00e1s de 700 mil asistentes\nquienes han disfrutado en grande de cada jornada cultural.<\/p>\n\n\n\n<p>En la presentaci\u00f3n que tuvo lugar en el patio central del\nCentro Cultural de M\u00e9rida Olimpo, tambi\u00e9n estuvieron: Ang\u00e9lica Balado,\nMargarita Robleda Moguel, Escritora, novelista, cantante y conferencista; Mar\u00eda\nTeresa G\u00f3mez Rivero, Cantautora y Arturo Le\u00f3n Itz\u00e1, Regidor Presidente de la\nComisi\u00f3n de Cultura.<\/p>\n\n\n\n<p>Igualmente, Fabiola Garc\u00eda Maga\u00f1a, Susy Pasos Alpuche,\ndirectoras del Instituto Municipal de la Mujer y del DIF M\u00e9rida; la cantautora\nMar\u00eda San Felipe y las int\u00e9rpretes, Malena Dur\u00e1n, Cintia Navarrete e Isabel\nGarc\u00eda.<\/p>\n<div class='share-to-whatsapp-wrapper'><div class='share-on-whsp'>Share on: <\/div><a data-text='Presenta  Ren\u00e1n Barrera el M\u00e9rida Fest 2020, que celebra el di\u00e1logo multicultural a trav\u00e9s del arte' data-link='https:\/\/visionpeninsular.com\/mid\/presenta-renan-barrera-el-merida-fest-2020-que-celebra-el-dialogo-multicultural-a-traves-del-arte\/' class='whatsapp-button whatsapp-share'>WhatsApp<\/a><div class='clear '><\/div><\/div>","protected":false},"excerpt":{"rendered":"<p>Con el lema \u201cVivir para convivir\u201d el festival por el aniversario 478 de la ciudad ser\u00e1 del 5 al 26 de enero El pr\u00f3ximo a\u00f1o&nbsp; ser\u00e1 importante&nbsp; para la ciudad&nbsp; ya que como Ayuntamiento buscaremos consolidar las pol\u00edticas culturales que le den sentido de pertenencia e identidad a M\u00e9rida, manifest\u00f3 el alcalde Ren\u00e1n Barrera Concha &hellip;<\/p>\n","protected":false},"author":5,"featured_media":112568,"comment_status":"open","ping_status":"open","sticky":false,"template":"","format":"standard","meta":{"_mi_skip_tracking":false},"categories":[50,37],"tags":[10433,18869],"_links":{"self":[{"href":"https:\/\/visionpeninsular.com\/mid\/wp-json\/wp\/v2\/posts\/112563"}],"collection":[{"href":"https:\/\/visionpeninsular.com\/mid\/wp-json\/wp\/v2\/posts"}],"about":[{"href":"https:\/\/visionpeninsular.com\/mid\/wp-json\/wp\/v2\/types\/post"}],"author":[{"embeddable":true,"href":"https:\/\/visionpeninsular.com\/mid\/wp-json\/wp\/v2\/users\/5"}],"replies":[{"embeddable":true,"href":"https:\/\/visionpeninsular.com\/mid\/wp-json\/wp\/v2\/comments?post=112563"}],"version-history":[{"count":1,"href":"https:\/\/visionpeninsular.com\/mid\/wp-json\/wp\/v2\/posts\/112563\/revisions"}],"predecessor-version":[{"id":112571,"href":"https:\/\/visionpeninsular.com\/mid\/wp-json\/wp\/v2\/posts\/112563\/revisions\/112571"}],"wp:featuredmedia":[{"embeddable":true,"href":"https:\/\/visionpeninsular.com\/mid\/wp-json\/wp\/v2\/media\/112568"}],"wp:attachment":[{"href":"https:\/\/visionpeninsular.com\/mid\/wp-json\/wp\/v2\/media?parent=112563"}],"wp:term":[{"taxonomy":"category","embeddable":true,"href":"https:\/\/visionpeninsular.com\/mid\/wp-json\/wp\/v2\/categories?post=112563"},{"taxonomy":"post_tag","embeddable":true,"href":"https:\/\/visionpeninsular.com\/mid\/wp-json\/wp\/v2\/tags?post=112563"}],"curies":[{"name":"wp","href":"https:\/\/api.w.org\/{rel}","templated":true}]}}