{"id":112499,"date":"2019-12-27T11:51:02","date_gmt":"2019-12-27T17:51:02","guid":{"rendered":"http:\/\/visionpeninsular.com\/mid\/?p=112499"},"modified":"2019-12-27T11:51:30","modified_gmt":"2019-12-27T17:51:30","slug":"recortes-no-afectaran-programas-culturales-erica-millet","status":"publish","type":"post","link":"https:\/\/visionpeninsular.com\/mid\/recortes-no-afectaran-programas-culturales-erica-millet\/","title":{"rendered":"Recortes no afectar\u00e1n programas culturales: Erica Millet"},"content":{"rendered":"\n<p>La secretaria de la Cultura y las Artes de Yucat\u00e1n, Erica\nMillet Corona, descart\u00f3 que haya afectaciones a la operaci\u00f3n de programas\nculturales en 2020, y se\u00f1al\u00f3 que &nbsp;se\nimplementar\u00e1n acciones de priorizaci\u00f3n de las estrategias de la dependencia, de\nmodo que los recortes a su presupuesto, previstos para el pr\u00f3ximo a\u00f1o, no\ncausen mayores afectaciones.<\/p>\n\n\n\n<p>\u201cVamos a hacer una evaluaci\u00f3n muy seria de c\u00f3mo distribuir\nlos recursos que est\u00e1n comprometidos de la federaci\u00f3n con el estado para que\npodamos darle continuidad a los programas que ya tenemos\u201d, extern\u00f3.<\/p>\n\n\n\n<p>\u201cNecesitamos poder garantizar esta continuidad de los\nproyectos que fueron exitosos y los programas que son ya reconocidos y que dan\nvida a nuestros festivales\u201d, se\u00f1al\u00f3.<\/p>\n\n\n\n<p>Erica Millet precis\u00f3 que se tiene definido los programas y\nproyectos prioritarios para mantener y reforzar el pr\u00f3ximo a\u00f1o, principalmente\nlos encaminados a la promoci\u00f3n cultural en municipios yucatecos.<\/p>\n\n\n\n<p>\u201cEste programa que tenemos, \u201cCultura para todos\u201d, es una\nprioridad de las m\u00e1s altas para el destino de los recursos, ya que este se\nvuelve el centro alrededor del cual giran otras actividades. Al darle vida a\nlas casas culturales y reactivar la actividad cultural, pues activamos el\nquehacer cultural de municipios completos\u201d, apunt\u00f3.<\/p>\n\n\n\n<p>Destac\u00f3 que tambi\u00e9n se continuar\u00e1 con el impulso a los\ncentros culturales, como el de la Ib\u00e9rica, que fue visitado por el gobernador,\nMauricio Vila Dosal.<\/p>\n\n\n\n<p>Se\u00f1al\u00f3 que tambi\u00e9n se mantendr\u00e1 la profesionalizaci\u00f3n en\nmateria de arte y cultura para dar continuidad a programas estatales, as\u00ed como\nseguir impulsando las acciones de difusi\u00f3n en los centros culturales de los municipios.<\/p>\n<div class='share-to-whatsapp-wrapper'><div class='share-on-whsp'>Share on: <\/div><a data-text='Recortes no afectar\u00e1n programas culturales: Erica Millet' data-link='https:\/\/visionpeninsular.com\/mid\/recortes-no-afectaran-programas-culturales-erica-millet\/' class='whatsapp-button whatsapp-share'>WhatsApp<\/a><div class='clear '><\/div><\/div>","protected":false},"excerpt":{"rendered":"<p>La secretaria de la Cultura y las Artes de Yucat\u00e1n, Erica Millet Corona, descart\u00f3 que haya afectaciones a la operaci\u00f3n de programas culturales en 2020, y se\u00f1al\u00f3 que &nbsp;se implementar\u00e1n acciones de priorizaci\u00f3n de las estrategias de la dependencia, de modo que los recortes a su presupuesto, previstos para el pr\u00f3ximo a\u00f1o, no causen mayores &hellip;<\/p>\n","protected":false},"author":5,"featured_media":112504,"comment_status":"open","ping_status":"open","sticky":false,"template":"","format":"standard","meta":{"_mi_skip_tracking":false},"categories":[50,37],"tags":[18861,18860,1557],"_links":{"self":[{"href":"https:\/\/visionpeninsular.com\/mid\/wp-json\/wp\/v2\/posts\/112499"}],"collection":[{"href":"https:\/\/visionpeninsular.com\/mid\/wp-json\/wp\/v2\/posts"}],"about":[{"href":"https:\/\/visionpeninsular.com\/mid\/wp-json\/wp\/v2\/types\/post"}],"author":[{"embeddable":true,"href":"https:\/\/visionpeninsular.com\/mid\/wp-json\/wp\/v2\/users\/5"}],"replies":[{"embeddable":true,"href":"https:\/\/visionpeninsular.com\/mid\/wp-json\/wp\/v2\/comments?post=112499"}],"version-history":[{"count":1,"href":"https:\/\/visionpeninsular.com\/mid\/wp-json\/wp\/v2\/posts\/112499\/revisions"}],"predecessor-version":[{"id":112505,"href":"https:\/\/visionpeninsular.com\/mid\/wp-json\/wp\/v2\/posts\/112499\/revisions\/112505"}],"wp:featuredmedia":[{"embeddable":true,"href":"https:\/\/visionpeninsular.com\/mid\/wp-json\/wp\/v2\/media\/112504"}],"wp:attachment":[{"href":"https:\/\/visionpeninsular.com\/mid\/wp-json\/wp\/v2\/media?parent=112499"}],"wp:term":[{"taxonomy":"category","embeddable":true,"href":"https:\/\/visionpeninsular.com\/mid\/wp-json\/wp\/v2\/categories?post=112499"},{"taxonomy":"post_tag","embeddable":true,"href":"https:\/\/visionpeninsular.com\/mid\/wp-json\/wp\/v2\/tags?post=112499"}],"curies":[{"name":"wp","href":"https:\/\/api.w.org\/{rel}","templated":true}]}}