{"id":112488,"date":"2019-12-27T11:39:26","date_gmt":"2019-12-27T17:39:26","guid":{"rendered":"http:\/\/visionpeninsular.com\/mid\/?p=112488"},"modified":"2019-12-27T11:39:34","modified_gmt":"2019-12-27T17:39:34","slug":"permanecera-en-prision-karateka-que-golpeo-salvajemente-a-joven-en-merida","status":"publish","type":"post","link":"https:\/\/visionpeninsular.com\/mid\/permanecera-en-prision-karateka-que-golpeo-salvajemente-a-joven-en-merida\/","title":{"rendered":"Permanecer\u00e1 en prisi\u00f3n karateka que golpe\u00f3 salvajemente a joven en M\u00e9rida"},"content":{"rendered":"\n<p>Christian de Jes\u00fas Contreras Dom\u00ednguez permanecer\u00e1 en\nprisi\u00f3n tras ser vinculado a proceso por el delito de lesiones calificadas en\nagravio de una joven de identidad reservada, en el mes de noviembre del pasado\na\u00f1o 2018.<\/p>\n\n\n\n<p>&nbsp;La Fiscal\u00eda General\ndel Estado (FGE) present\u00f3 los datos de prueba para que se resolviera la\nsituaci\u00f3n legal del imputado, por lo que la Jueza Segunda de Control del Primer\nDistrito Judicial, decret\u00f3 el auto de vinculaci\u00f3n a proceso y ratific\u00f3 la\nmedida cautelar de prisi\u00f3n preventiva solicitada por la FGE, que se mantendr\u00e1\nvigente por todo el tiempo que dure el proceso.<\/p>\n\n\n\n<p>De acuerdo con la informaci\u00f3n reunida en la causa penal\n236\/2018 se se\u00f1ala que los hechos ocurrieron el siete de noviembre del a\u00f1o\npasado, cuando el imputado &nbsp;ejerci\u00f3\nviolencia f\u00edsica y psicol\u00f3gica en agravio de la joven v\u00edctima, a quien agredi\u00f3\na golpes utilizando un madero y sus propias manos, por lo que le provoc\u00f3\nlesiones que tardan m\u00e1s de 15 d\u00edas en sanar, tal como dictamin\u00f3 un perito del\nServicio M\u00e9dico Forense.<\/p>\n\n\n\n<p>Tras definirse la situaci\u00f3n legal del imputado, la Juez de\nControl otorg\u00f3 un plazo de mes y medio para el cierre de investigaci\u00f3n\ncomplementar\u00eda, tiempo durante el cual se continuar\u00e1 con las diligencias del\ncaso.<\/p>\n<div class='share-to-whatsapp-wrapper'><div class='share-on-whsp'>Share on: <\/div><a data-text='Permanecer\u00e1 en prisi\u00f3n karateka que golpe\u00f3 salvajemente a joven en M\u00e9rida' data-link='https:\/\/visionpeninsular.com\/mid\/permanecera-en-prision-karateka-que-golpeo-salvajemente-a-joven-en-merida\/' class='whatsapp-button whatsapp-share'>WhatsApp<\/a><div class='clear '><\/div><\/div>","protected":false},"excerpt":{"rendered":"<p>Christian de Jes\u00fas Contreras Dom\u00ednguez permanecer\u00e1 en prisi\u00f3n tras ser vinculado a proceso por el delito de lesiones calificadas en agravio de una joven de identidad reservada, en el mes de noviembre del pasado a\u00f1o 2018. &nbsp;La Fiscal\u00eda General del Estado (FGE) present\u00f3 los datos de prueba para que se resolviera la situaci\u00f3n legal del &hellip;<\/p>\n","protected":false},"author":5,"featured_media":112493,"comment_status":"open","ping_status":"open","sticky":false,"template":"","format":"standard","meta":{"_mi_skip_tracking":false},"categories":[50,37],"tags":[18859],"_links":{"self":[{"href":"https:\/\/visionpeninsular.com\/mid\/wp-json\/wp\/v2\/posts\/112488"}],"collection":[{"href":"https:\/\/visionpeninsular.com\/mid\/wp-json\/wp\/v2\/posts"}],"about":[{"href":"https:\/\/visionpeninsular.com\/mid\/wp-json\/wp\/v2\/types\/post"}],"author":[{"embeddable":true,"href":"https:\/\/visionpeninsular.com\/mid\/wp-json\/wp\/v2\/users\/5"}],"replies":[{"embeddable":true,"href":"https:\/\/visionpeninsular.com\/mid\/wp-json\/wp\/v2\/comments?post=112488"}],"version-history":[{"count":1,"href":"https:\/\/visionpeninsular.com\/mid\/wp-json\/wp\/v2\/posts\/112488\/revisions"}],"predecessor-version":[{"id":112494,"href":"https:\/\/visionpeninsular.com\/mid\/wp-json\/wp\/v2\/posts\/112488\/revisions\/112494"}],"wp:featuredmedia":[{"embeddable":true,"href":"https:\/\/visionpeninsular.com\/mid\/wp-json\/wp\/v2\/media\/112493"}],"wp:attachment":[{"href":"https:\/\/visionpeninsular.com\/mid\/wp-json\/wp\/v2\/media?parent=112488"}],"wp:term":[{"taxonomy":"category","embeddable":true,"href":"https:\/\/visionpeninsular.com\/mid\/wp-json\/wp\/v2\/categories?post=112488"},{"taxonomy":"post_tag","embeddable":true,"href":"https:\/\/visionpeninsular.com\/mid\/wp-json\/wp\/v2\/tags?post=112488"}],"curies":[{"name":"wp","href":"https:\/\/api.w.org\/{rel}","templated":true}]}}