{"id":112449,"date":"2019-12-27T10:43:19","date_gmt":"2019-12-27T16:43:19","guid":{"rendered":"http:\/\/visionpeninsular.com\/mid\/?p=112449"},"modified":"2019-12-27T10:44:23","modified_gmt":"2019-12-27T16:44:23","slug":"el-alcalde-renan-barrera-convive-con-familias-del-centro-de-atencion-y-refugio-para-mujeres","status":"publish","type":"post","link":"https:\/\/visionpeninsular.com\/mid\/el-alcalde-renan-barrera-convive-con-familias-del-centro-de-atencion-y-refugio-para-mujeres\/","title":{"rendered":"El alcalde Ren\u00e1n Barrera convive con familias del Centro de Atenci\u00f3n y Refugio para Mujeres"},"content":{"rendered":"\n<p><em>En 9 a\u00f1os 484 personas\nhan encontrado en ese sitio un nuevo hogar, para salir adelante<\/em><\/p>\n\n\n\n<p>La Navidad es una \u00e9poca de reflexi\u00f3n y eso nos debe motivar\na seguir adelante, a continuar mejorando nuestras vidas, creer firmemente que\nhay un futuro mejor para todas las familias y tener la certeza de que, en la\nmedida de sus posibilidades, el Ayuntamiento estar\u00e1 siempre para darles todo el\napoyo necesario, manifest\u00f3 el alcalde Ren\u00e1n Barrera Concha durante un c\u00e1lido\nencuentro con familias residentes del Centro de Atenci\u00f3n y Refugio para Mujeres\n(CAREM).<\/p>\n\n\n\n<p>Acompa\u00f1ado de Fabiola Garc\u00eda Maga\u00f1a y Emma Vela Cano,\ndirectoras del Instituto de la Mujer y del Refugio CAREM, el concejal acudi\u00f3 a\ndicho centro para convivir con las madres de familia y sus hijos que habitan\ntemporalmente en ese lugar y llevarles un mensaje de esperanza.<\/p>\n\n\n\n<p>En un emotivo convivio donde prevaleci\u00f3 la alegr\u00eda infantil,\nel Mun\u00edcipe les agradeci\u00f3 la confianza que depositan en el Ayuntamiento de\nM\u00e9rida y en el Instituto de la Mujer para su seguridad.<\/p>\n\n\n\n<p>Remarc\u00f3 que las mujeres y sus hijos que est\u00e1n en el refugio son\nprioridad municipal y afirm\u00f3 que el Ayuntamiento seguir\u00e1 trabajando con\nprogramas y acciones transversales para la prevenci\u00f3n y atenci\u00f3n del tema de la\nviolencia.<\/p>\n\n\n\n<p>\u2014Si\u00e9ntanse en libertad de acudir a nosotros con la confianza\nde que encontrar\u00e1n ayuda, orientaci\u00f3n, servicios jur\u00eddicos y apoyo en general\npara salir adelante\u2014 expres\u00f3.<\/p>\n\n\n\n<p>Barrera Concha record\u00f3 que en el lapso de 9 a\u00f1os 484\npersonas han encontrado un nuevo hogar en el refugio. De esa cifra, 181 han\nsido mujeres y 303 menores. Invit\u00f3 al personal que labora en la instituci\u00f3n a\nseguir trabajando con compromiso y ah\u00ednco en favor de las personas que m\u00e1s lo\nnecesitan.<\/p>\n\n\n\n<figure class=\"wp-block-image size-large\"><img loading=\"lazy\" width=\"372\" height=\"472\" src=\"http:\/\/visionpeninsular.com\/mid\/wp-content\/uploads\/2019\/12\/refugio-2.png\" alt=\"\" class=\"wp-image-112455\" srcset=\"https:\/\/visionpeninsular.com\/mid\/wp-content\/uploads\/2019\/12\/refugio-2.png 372w, https:\/\/visionpeninsular.com\/mid\/wp-content\/uploads\/2019\/12\/refugio-2-236x300.png 236w\" sizes=\"(max-width: 372px) 100vw, 372px\" \/><\/figure>\n\n\n\n<p>Puntualiz\u00f3 que no obstante los se\u00f1alamientos de los cierres\nde los refugios de las mujeres en el pa\u00eds, el Ayuntamiento de M\u00e9rida permaneci\u00f3\nfirme en su postura de defender la permanencia de este espacio debido a que\nrepresenta la oportunidad de una vida mejor para las familias que han vivido\nsituaciones de violencia extrema y son acogidos por el refugio con la esperanza\nde rehacer una nueva vida.<\/p>\n\n\n\n<p>\u2014 Somos sensibles a cada una de sus situaciones, por eso les\nofrecemos apoyos cada vez m\u00e1s humanos, que les permitan recuperarse del abuso\nsufrido durante el tiempo que sea necesario, por eso tambi\u00e9n les pido que\ncuando salgan de aqu\u00ed si se cruzan con personas o familias que viven casos\nsimilares, por favor h\u00e1ganles saber que aqu\u00ed contamos con un equipo de\nprofesionales, dedicada al 100% a ayudarles para que salgan de ese problema en\nel que se encuentran\u2014 asever\u00f3.<\/p>\n\n\n\n<p>Como parte de la din\u00e1mica, los peque\u00f1os habitantes del\nCAREM, interpretaron villancicos y presentaron unas manualidades hechas con\npiedras pintadas en el que reflejaron sus deseos de Navidad, los cuales hac\u00edan\nalusi\u00f3n a una nueva vida llena de sonrisas, un hogar y una familia feliz.<\/p>\n\n\n\n<p>Cabe destacar que actualmente el CAREM alberga 5 n\u00facleos\nfamiliares a quienes brinda servicios especializados, integrales, que\ngarantizan su seguridad y los cuidados que requieren mientras permanecen ah\u00ed.<\/p>\n\n\n\n<p>Los servicios especializados que ofrece son: Atenci\u00f3n\nintegral para cada familia, atenci\u00f3n jur\u00eddica, atenci\u00f3n de trabajo social,\neducaci\u00f3n primaria y preescolar multigrado, psicopedagog\u00eda, salud conformada\npor enfermer\u00eda, nutrici\u00f3n y m\u00e9dica y atenci\u00f3n psicol\u00f3gica para mujeres, ni\u00f1as,\nni\u00f1os y adolescentes.<\/p>\n\n\n\n<p>En febrero de este a\u00f1o, el refugio fue remozado, pasando de\n7 a 14 habitaciones, adem\u00e1s se generaron espacios de atenci\u00f3n especializada\npara ni\u00f1as, ni\u00f1os y adolescentes, se brindaron espacios de capacitaci\u00f3n laboral\npara las mujeres, as\u00ed como de recreaci\u00f3n y esparcimiento para las mujeres sus\nhijas e hijos.<\/p>\n\n\n\n<p>Igualmente, en mayo de 2019 el Instituto Municipal de la\nMujer result\u00f3 beneficiado con un subsidio federal de $6 millones 279 mil\n489.50, otorgado a trav\u00e9s del Centro Nacional de Equidad de G\u00e9nero y Salud\nReproductiva. Esto permite a la Comuna, seguir fortaleciendo los servicios que\npresta a las mujeres en el refugio, donde se encuentran bajo resguardo temporal\npor la situaci\u00f3n de violencia extrema en su entorno familiar.<\/p>\n<div class='share-to-whatsapp-wrapper'><div class='share-on-whsp'>Share on: <\/div><a data-text='El alcalde Ren\u00e1n Barrera convive con familias del Centro de Atenci\u00f3n y Refugio para Mujeres' data-link='https:\/\/visionpeninsular.com\/mid\/el-alcalde-renan-barrera-convive-con-familias-del-centro-de-atencion-y-refugio-para-mujeres\/' class='whatsapp-button whatsapp-share'>WhatsApp<\/a><div class='clear '><\/div><\/div>","protected":false},"excerpt":{"rendered":"<p>En 9 a\u00f1os 484 personas han encontrado en ese sitio un nuevo hogar, para salir adelante La Navidad es una \u00e9poca de reflexi\u00f3n y eso nos debe motivar a seguir adelante, a continuar mejorando nuestras vidas, creer firmemente que hay un futuro mejor para todas las familias y tener la certeza de que, en la &hellip;<\/p>\n","protected":false},"author":5,"featured_media":112454,"comment_status":"open","ping_status":"open","sticky":false,"template":"","format":"standard","meta":{"_mi_skip_tracking":false},"categories":[50,37],"tags":[14667,3405,5338],"_links":{"self":[{"href":"https:\/\/visionpeninsular.com\/mid\/wp-json\/wp\/v2\/posts\/112449"}],"collection":[{"href":"https:\/\/visionpeninsular.com\/mid\/wp-json\/wp\/v2\/posts"}],"about":[{"href":"https:\/\/visionpeninsular.com\/mid\/wp-json\/wp\/v2\/types\/post"}],"author":[{"embeddable":true,"href":"https:\/\/visionpeninsular.com\/mid\/wp-json\/wp\/v2\/users\/5"}],"replies":[{"embeddable":true,"href":"https:\/\/visionpeninsular.com\/mid\/wp-json\/wp\/v2\/comments?post=112449"}],"version-history":[{"count":1,"href":"https:\/\/visionpeninsular.com\/mid\/wp-json\/wp\/v2\/posts\/112449\/revisions"}],"predecessor-version":[{"id":112456,"href":"https:\/\/visionpeninsular.com\/mid\/wp-json\/wp\/v2\/posts\/112449\/revisions\/112456"}],"wp:featuredmedia":[{"embeddable":true,"href":"https:\/\/visionpeninsular.com\/mid\/wp-json\/wp\/v2\/media\/112454"}],"wp:attachment":[{"href":"https:\/\/visionpeninsular.com\/mid\/wp-json\/wp\/v2\/media?parent=112449"}],"wp:term":[{"taxonomy":"category","embeddable":true,"href":"https:\/\/visionpeninsular.com\/mid\/wp-json\/wp\/v2\/categories?post=112449"},{"taxonomy":"post_tag","embeddable":true,"href":"https:\/\/visionpeninsular.com\/mid\/wp-json\/wp\/v2\/tags?post=112449"}],"curies":[{"name":"wp","href":"https:\/\/api.w.org\/{rel}","templated":true}]}}