{"id":112292,"date":"2019-12-25T11:58:50","date_gmt":"2019-12-25T17:58:50","guid":{"rendered":"http:\/\/visionpeninsular.com\/mid\/?p=112292"},"modified":"2019-12-25T11:58:56","modified_gmt":"2019-12-25T17:58:56","slug":"el-gobernador-mauricio-vila-dosal-se-reune-con-policias-yucatecos-en-nochebuena","status":"publish","type":"post","link":"https:\/\/visionpeninsular.com\/mid\/el-gobernador-mauricio-vila-dosal-se-reune-con-policias-yucatecos-en-nochebuena\/","title":{"rendered":"El Gobernador Mauricio Vila Dosal se re\u00fane con polic\u00edas yucatecos en Nochebuena"},"content":{"rendered":"\n<p>&nbsp;El Gobernador\nMauricio Vila Dosal comparti\u00f3 una cena en esta Nochebuena con elementos de la\nSecretar\u00eda de Seguridad P\u00fablica, a quienes reconoci\u00f3 por su compromiso, as\u00ed\ncomo el de muchos yucatecos como doctores, param\u00e9dicos, enfermeras, bomberos,\nentre otros, quienes hoy realizan su guardia y no pueden estar con su familia\npor estar trabajando para cuidar de Yucat\u00e1n y mantener la tranquilidad en todos\nlos hogares del estado.<\/p>\n\n\n\n<figure class=\"wp-block-image size-large\"><img loading=\"lazy\" width=\"1024\" height=\"682\" src=\"http:\/\/visionpeninsular.com\/mid\/wp-content\/uploads\/2019\/12\/nochebuena-1-1024x682.jpg\" alt=\"\" class=\"wp-image-112298\" srcset=\"https:\/\/visionpeninsular.com\/mid\/wp-content\/uploads\/2019\/12\/nochebuena-1-1024x682.jpg 1024w, https:\/\/visionpeninsular.com\/mid\/wp-content\/uploads\/2019\/12\/nochebuena-1-300x200.jpg 300w, https:\/\/visionpeninsular.com\/mid\/wp-content\/uploads\/2019\/12\/nochebuena-1-768x511.jpg 768w, https:\/\/visionpeninsular.com\/mid\/wp-content\/uploads\/2019\/12\/nochebuena-1-310x205.jpg 310w, https:\/\/visionpeninsular.com\/mid\/wp-content\/uploads\/2019\/12\/nochebuena-1.jpg 1280w\" sizes=\"(max-width: 1024px) 100vw, 1024px\" \/><\/figure>\n\n\n\n<p>Como cada noche, Martha Isela Maga\u00f1a Espadas se preparaba\npara salir a cumplir una de las jornadas m\u00e1s largas del a\u00f1o por las\ncelebraciones de Nochebuena y Navidad, lejos de su familia para proteger a la\nciudadan\u00eda yucateca, sin embargo, esta noche fue distinta, ya que ella, junto\ncon m\u00e1s de 100 elementos, recibi\u00f3 la visita del Gobernador, acompa\u00f1ado de su\nesposa Mar\u00eda Eugenia Ortiz Abraham y sus tres hijos, Alejandrina, Mauricio y\nSantiago.<\/p>\n\n\n\n<figure class=\"wp-block-image size-large\"><img loading=\"lazy\" width=\"1024\" height=\"682\" src=\"http:\/\/visionpeninsular.com\/mid\/wp-content\/uploads\/2019\/12\/nochebuena-2-1024x682.jpg\" alt=\"\" class=\"wp-image-112299\" srcset=\"https:\/\/visionpeninsular.com\/mid\/wp-content\/uploads\/2019\/12\/nochebuena-2-1024x682.jpg 1024w, https:\/\/visionpeninsular.com\/mid\/wp-content\/uploads\/2019\/12\/nochebuena-2-300x200.jpg 300w, https:\/\/visionpeninsular.com\/mid\/wp-content\/uploads\/2019\/12\/nochebuena-2-768x511.jpg 768w, https:\/\/visionpeninsular.com\/mid\/wp-content\/uploads\/2019\/12\/nochebuena-2-310x205.jpg 310w, https:\/\/visionpeninsular.com\/mid\/wp-content\/uploads\/2019\/12\/nochebuena-2.jpg 1280w\" sizes=\"(max-width: 1024px) 100vw, 1024px\" \/><\/figure>\n\n\n\n<p>Al respecto Maga\u00f1a Espadas quien realiza patrullajes en las\ncalles, luego de tener la oportunidad de haberse sentado junto a Vila Dosal,\ndijo que en esta base es la primera vez que un Gobernador les visita en estas\nfechas, lo cual para ella tiene mucho significado, ya que siente el verdadero\nrespaldo por parte de las autoridades.<\/p>\n\n\n\n<p>A pesar de no tener pareja e hijos, ella coment\u00f3 que el no\npasar estas fechas con sus padres le es dif\u00edcil en ocasiones, sin embargo,\ntiene la tranquilidad y seguridad que as\u00ed como ella cuida de otros hogares,\ncompa\u00f1eros suyos protegen a su familia.<\/p>\n\n\n\n<figure class=\"wp-block-image size-large\"><img loading=\"lazy\" width=\"1024\" height=\"682\" src=\"http:\/\/visionpeninsular.com\/mid\/wp-content\/uploads\/2019\/12\/nochebuena-3-1024x682.jpg\" alt=\"\" class=\"wp-image-112300\" srcset=\"https:\/\/visionpeninsular.com\/mid\/wp-content\/uploads\/2019\/12\/nochebuena-3-1024x682.jpg 1024w, https:\/\/visionpeninsular.com\/mid\/wp-content\/uploads\/2019\/12\/nochebuena-3-300x200.jpg 300w, https:\/\/visionpeninsular.com\/mid\/wp-content\/uploads\/2019\/12\/nochebuena-3-768x511.jpg 768w, https:\/\/visionpeninsular.com\/mid\/wp-content\/uploads\/2019\/12\/nochebuena-3-310x205.jpg 310w, https:\/\/visionpeninsular.com\/mid\/wp-content\/uploads\/2019\/12\/nochebuena-3.jpg 1280w\" sizes=\"(max-width: 1024px) 100vw, 1024px\" \/><\/figure>\n\n\n\n<p>\u201cDesde mi punto de vista estar aqu\u00ed nos compromete todav\u00eda\nm\u00e1s a proteger a todo Yucat\u00e1n y me siento agradecida por tener esta\noportunidad. Dentro de todos los Gobernadores, es la primera vez que contamos\ncon la visita de uno y sentimos que tenemos su apoyo, lo cual es importante\nporque es un equilibrio entre dar y recibir\u201d, apunt\u00f3.<\/p>\n\n\n\n<p>Alrededor de las 8:30 de la noche, el Gobernador arrib\u00f3 a la\nBase del Sector Norte de la SSP, en donde tambi\u00e9n estuvieron Luis Felipe Said\u00e9n\nOjeda, secretario de Seguridad P\u00fablica del estado y el inspector General, \u00c1ngel\nAntonio Torres M\u00e9ndez, director de este sector.<\/p>\n\n\n\n<figure class=\"wp-block-image size-large\"><img loading=\"lazy\" width=\"1024\" height=\"682\" src=\"http:\/\/visionpeninsular.com\/mid\/wp-content\/uploads\/2019\/12\/nochebuena-4-1024x682.jpg\" alt=\"\" class=\"wp-image-112301\" srcset=\"https:\/\/visionpeninsular.com\/mid\/wp-content\/uploads\/2019\/12\/nochebuena-4-1024x682.jpg 1024w, https:\/\/visionpeninsular.com\/mid\/wp-content\/uploads\/2019\/12\/nochebuena-4-300x200.jpg 300w, https:\/\/visionpeninsular.com\/mid\/wp-content\/uploads\/2019\/12\/nochebuena-4-768x511.jpg 768w, https:\/\/visionpeninsular.com\/mid\/wp-content\/uploads\/2019\/12\/nochebuena-4-310x205.jpg 310w, https:\/\/visionpeninsular.com\/mid\/wp-content\/uploads\/2019\/12\/nochebuena-4.jpg 1280w\" sizes=\"(max-width: 1024px) 100vw, 1024px\" \/><\/figure>\n\n\n\n<p>En el lugar, Vila Dosal se sent\u00f3 junto a los elementos de\nseguridad, quienes le compartieron las principales experiencias que viven para\nestas fechas y en general sobre su labor polic\u00edaca, adem\u00e1s de detallar las\nventajas que tienen al recibir cada vez m\u00e1s y mejores herramientas para\ndesarrollar su trabajo, mientras degustaron de un pavo que el Gobernador llev\u00f3,\npreparado a base de ciruelas, adem\u00e1s de lomo canadiense, espagueti verde, pur\u00e9\nde tomate, variedad de refrescos y caf\u00e9.<\/p>\n\n\n\n<p>Despu\u00e9s de m\u00e1s de una hora de estar con los polic\u00edas, el\nGobernador junto con su familia se traslad\u00f3 al \u00e1rea donde se encuentran los\ncarros de bomberos, en donde se les explic\u00f3 su funcionamiento.<\/p>\n\n\n\n<p>Vila Dosal reconoci\u00f3 la disciplina, el profesionalismo y el\ncompromiso que los elementos de la Secretar\u00eda de Protecci\u00f3n y Vialidad tienen\ncon Yucat\u00e1n y es por eso que durante su Gobierno se han implementado acciones\npara darle prioridad al capital humano.<\/p>\n\n\n\n<p>Entre las estrategias que se han implementado en este\nsentido se encuentran las becas de 100% en inscripci\u00f3n y colegiatura que tienen\nsus hijos para estudiar el nivel medio superior en cualquier instituci\u00f3n\np\u00fablica o privada del estado.<\/p>\n\n\n\n<p>Adem\u00e1s, las y los j\u00f3venes reciben un apoyo econ\u00f3mico de\n2,600 pesos bimestrales para solventar sus gastos de alimentos, transporte y\nmaterial escolar.<\/p>\n\n\n\n<p>Asimismo, Vila Dosal tambi\u00e9n trabaja para desarrollar un\nprograma junto con el Instituto del Fondo Nacional de la Vivienda (Infonavit)\npara que los elementos polic\u00edacos puedan acceder a esquemas que les permita\ntener un hogar y pagarlo a largo plazo.<\/p>\n\n\n\n<p>Es de esta manera c\u00f3mo el Gobernador reconoce que los\npolic\u00edas se pueden comprometer a\u00fan m\u00e1s con mantener los est\u00e1ndares de seguridad\nen el territorio yucateco.<\/p>\n<div class='share-to-whatsapp-wrapper'><div class='share-on-whsp'>Share on: <\/div><a data-text='El Gobernador Mauricio Vila Dosal se re\u00fane con polic\u00edas yucatecos en Nochebuena' data-link='https:\/\/visionpeninsular.com\/mid\/el-gobernador-mauricio-vila-dosal-se-reune-con-policias-yucatecos-en-nochebuena\/' class='whatsapp-button whatsapp-share'>WhatsApp<\/a><div class='clear '><\/div><\/div>","protected":false},"excerpt":{"rendered":"<p>&nbsp;El Gobernador Mauricio Vila Dosal comparti\u00f3 una cena en esta Nochebuena con elementos de la Secretar\u00eda de Seguridad P\u00fablica, a quienes reconoci\u00f3 por su compromiso, as\u00ed como el de muchos yucatecos como doctores, param\u00e9dicos, enfermeras, bomberos, entre otros, quienes hoy realizan su guardia y no pueden estar con su familia por estar trabajando para cuidar &hellip;<\/p>\n","protected":false},"author":5,"featured_media":112297,"comment_status":"open","ping_status":"open","sticky":false,"template":"","format":"standard","meta":{"_mi_skip_tracking":false},"categories":[50,37],"tags":[3861,18835,752],"_links":{"self":[{"href":"https:\/\/visionpeninsular.com\/mid\/wp-json\/wp\/v2\/posts\/112292"}],"collection":[{"href":"https:\/\/visionpeninsular.com\/mid\/wp-json\/wp\/v2\/posts"}],"about":[{"href":"https:\/\/visionpeninsular.com\/mid\/wp-json\/wp\/v2\/types\/post"}],"author":[{"embeddable":true,"href":"https:\/\/visionpeninsular.com\/mid\/wp-json\/wp\/v2\/users\/5"}],"replies":[{"embeddable":true,"href":"https:\/\/visionpeninsular.com\/mid\/wp-json\/wp\/v2\/comments?post=112292"}],"version-history":[{"count":1,"href":"https:\/\/visionpeninsular.com\/mid\/wp-json\/wp\/v2\/posts\/112292\/revisions"}],"predecessor-version":[{"id":112302,"href":"https:\/\/visionpeninsular.com\/mid\/wp-json\/wp\/v2\/posts\/112292\/revisions\/112302"}],"wp:featuredmedia":[{"embeddable":true,"href":"https:\/\/visionpeninsular.com\/mid\/wp-json\/wp\/v2\/media\/112297"}],"wp:attachment":[{"href":"https:\/\/visionpeninsular.com\/mid\/wp-json\/wp\/v2\/media?parent=112292"}],"wp:term":[{"taxonomy":"category","embeddable":true,"href":"https:\/\/visionpeninsular.com\/mid\/wp-json\/wp\/v2\/categories?post=112292"},{"taxonomy":"post_tag","embeddable":true,"href":"https:\/\/visionpeninsular.com\/mid\/wp-json\/wp\/v2\/tags?post=112292"}],"curies":[{"name":"wp","href":"https:\/\/api.w.org\/{rel}","templated":true}]}}