{"id":11219,"date":"2016-09-01T06:48:30","date_gmt":"2016-09-01T11:48:30","guid":{"rendered":"http:\/\/visionpeninsular.com\/mid\/?p=11219"},"modified":"2016-09-01T06:48:30","modified_gmt":"2016-09-01T11:48:30","slug":"define-conapesca-fechas-para-apertura-de-la-temporada-camaronera-2016-2017-en-el-pacifico","status":"publish","type":"post","link":"https:\/\/visionpeninsular.com\/mid\/define-conapesca-fechas-para-apertura-de-la-temporada-camaronera-2016-2017-en-el-pacifico\/","title":{"rendered":"Define CONAPESCA fechas para apertura de la temporada camaronera 2016-2017 en el Pac\u00edfico"},"content":{"rendered":"<p> Al encabezar la reuni\u00f3n del Comit\u00e9 Nacional de Pesca y Acuacultura para la conclusi\u00f3n de la veda y apertura de la temporada de pesca de camar\u00f3n en el Oc\u00e9ano Pac\u00edfico, el titular de la CONAPESCA, Mario Aguilar S\u00e1nchez, expres\u00f3 su benepl\u00e1cito y el reconocimiento al sector de ribera y al de altamar, por haber logrado en conjunto con la autoridad pesquera el respaldo a las recomendaciones basadas en la mejor informaci\u00f3n cient\u00edfica disponible, para la definici\u00f3n de fechas del levantamiento de la veda.<\/p>\n<p>Refrend\u00f3 su compromiso de continuar fortaleciendo el manejo de la pesca de camar\u00f3n con acciones de ordenamiento basadas en informaci\u00f3n cient\u00edfica sobre la disponibilidad biol\u00f3gica de los recursos, en beneficio de la sustentabilidad, la productividad alimentaria y la generaci\u00f3n de ingresos y divisas.<\/p>\n<p>En el encuentro, el director en jefe del INAPESCA, Pablo Arenas Fuentes, present\u00f3 los resultados de los muestreos del camar\u00f3n, los cuales fueron avalados y reconocidos por todos los l\u00edderes y representantes pesqueros que hicieron uso de la palabra.<\/p>\n<p>De acuerdo con las recomendaciones que hizo el INAPESCA y en estrecha consulta  con el sector pesquero, el comisionado Mario Aguilar S\u00e1nchez inform\u00f3 que las zonas y fechas para el levantamiento de la veda del camar\u00f3n en el Oc\u00e9ano Pac\u00edfico, una vez que el decreto se publique en el Diario Oficial de la Federaci\u00f3n, son las siguientes:<\/p>\n<p>I.- A partir de las 06:00 horas del 12 de septiembre del 2016 en los sistemas lagunarios estuarinos, marismas y bah\u00edas ubicados en los estados de Sonora, Sinaloa, Jalisco y Colima, excepto en los sistemas lagunarios estuarinos del sur de Sinaloa.<\/p>\n<p>II.- A partir de las 18:00 horas del 25 de septiembre del 2016 en los sistemas lagunarios estuarinos del sur de Sinaloa.<\/p>\n<p>III.- A partir de la entrada en vigor del presente Acuerdo desde las 18:00 horas en el sistema lagunar Bah\u00eda Magdalena-Almejas en el estado de Baja California Sur, excepto los esteros y canales estuarinos adyacentes.<\/p>\n<p>IV.- A partir de las 06:00 horas del 15 de octubre del 2016 en los esteros y canales estuarinos adyacentes al sistema lagunar Bah\u00eda Magdalena-Almejas en el estado de Baja California Sur.<\/p>\n<p>V.- A partir de la entrada en vigor del presente Acuerdo en los sistemas lagunarios estuarinos y marismas del estado de Nayarit y en las marismas Palmillas y La Concha, del municipio de Escuinapa.<\/p>\n<p>VI.- A partir de las 06:00 horas del 20 de septiembre del 2016 en las aguas marinas de jurisdicci\u00f3n federal del Oc\u00e9ano Pac\u00edfico, desde la frontera con los Estados Unidos hasta los l\u00edmites con Guatemala, y a partir de las 18:00 horas del 20 de septiembre del 2016 en las aguas marinas frente a la costa occidental de la Pen\u00ednsula de Baja California.<\/p>\n<p>El titular de la CONAPESCA se\u00f1al\u00f3 ante los integrantes del Comit\u00e9 de Vedas, que como cada a\u00f1o, m\u00e1s all\u00e1 de la diversidad de opiniones que pudiera haber en la \u00f3ptica particular de quienes integran el sector, a esta reuni\u00f3n en que se definen las fechas de apertura de la temporada de camar\u00f3n los dirigentes de las diferentes organizaciones pesqueras del pa\u00eds acuden con unidad y entusiasmo, convocados por el mismo prop\u00f3sito de productividad.<\/p>\n<p>Si hay un factor que distingue al sector pesquero nacional es su esfuerzo comprometido por producir alimentos saludables y nutritivos a la poblaci\u00f3n, dijo el comisionado de CONAPESCA; \u201cse ha distinguido por ser un sector  serio, responsable y ejemplar en t\u00e9rminos productivos, en el que hay una clara unidad de prop\u00f3sito para el mejoramiento y sustentabilidad de las pesquer\u00edas, en particular la del camar\u00f3n que es una de las m\u00e1s importantes de M\u00e9xico por su impacto social y la derrama regional que genera\u201d, apunt\u00f3 Aguilar S\u00e1nchez.<\/p>\n<p>El Comisionado Nacional de Acuacultura y Pesca consider\u00f3 de gran relevancia la reuni\u00f3n celebrada este d\u00eda en la sede de la CONAPESCA en Mazatl\u00e1n, pues en ella se presenta la informaci\u00f3n t\u00e9cnica m\u00e1s actualizada sobre el estado que guardan las poblaciones de camar\u00f3n en el litoral del Oc\u00e9ano Pac\u00edfico, como parte del proceso para concluir la veda y determinar las fechas de inicio de temporada de pesca.<\/p>\n<p>En presencia de los representantes de las confederaciones de cooperativas pesqueras, la C\u00e1mara Nacional de la Industria Pesquera y Acu\u00edcola (CANAINPESCA), de la Uni\u00f3n de Armadores y organizaciones regionales de pescadores, quienes reconocieron que la reuni\u00f3n se llev\u00f3 a cabo con muchos respeto y donde cada participante expres\u00f3 libremente sus propuestas y sugerencias, Aguilar S\u00e1nchez se\u00f1al\u00f3 que el ordenamiento de la pesca es un proceso continuo e integral, que implica un conjunto de instrumentos para regular y administrar las actividades pesqueras, a fin de asegurar un aprovechamiento de largo plazo de los recursos pesqueros que son un bien de la Naci\u00f3n.<\/p>\n<p>Y en ese proceso, remarc\u00f3, es necesario integrar la investigaci\u00f3n, el control del acceso, las regulaciones y la verificaci\u00f3n del cumplimiento normativo.<\/p>\n<p>Anunci\u00f3 el titular de CONAPESCA que adem\u00e1s de los procedimientos regulares de verificaci\u00f3n de cumplimiento, se convino con la directora en Jefe del Servicio de Informaci\u00f3n Agroalimentaria y Pesquera (SIAP), Patricia Ornelas Ruiz, quien un d\u00eda antes estuvo en Mazatl\u00e1n, la utilizaci\u00f3n de nuevas herramientas y tecnolog\u00edas, como el uso de \u201cdrones\u201d que por primera vez tendr\u00e1n aplicaci\u00f3n en esta temporada de pesca, como medio de seguimiento y control de operaciones de pesca.<\/p>\n<p>Estuvieron presentas en la reuni\u00f3n representantes de los gobiernos estatales de Sinaloa, Baja California Sur, Sonora, Nayarit y Oaxaca, as\u00ed como de diversas dependencias de la Administraci\u00f3n P\u00fablica Federal, entre ellas, de las Secretar\u00edas de Marina-Armada de M\u00e9xico, de Comunicaciones y Transportes, de la Comisi\u00f3n Federal de Mejora Regulatoria, e investigadores del INAPESCA.<\/p>\n<div class='share-to-whatsapp-wrapper'><div class='share-on-whsp'>Share on: <\/div><a data-text='Define CONAPESCA fechas para apertura de la temporada camaronera 2016-2017 en el Pac\u00edfico' data-link='https:\/\/visionpeninsular.com\/mid\/define-conapesca-fechas-para-apertura-de-la-temporada-camaronera-2016-2017-en-el-pacifico\/' class='whatsapp-button whatsapp-share'>WhatsApp<\/a><div class='clear '><\/div><\/div>","protected":false},"excerpt":{"rendered":"<p>Al encabezar la reuni\u00f3n del Comit\u00e9 Nacional de Pesca y Acuacultura para la conclusi\u00f3n de la veda y apertura de la temporada de pesca de camar\u00f3n en el Oc\u00e9ano Pac\u00edfico, el titular de la CONAPESCA, Mario Aguilar S\u00e1nchez, expres\u00f3 su benepl\u00e1cito y el reconocimiento al sector de ribera y al de altamar, por haber logrado &hellip;<\/p>\n","protected":false},"author":1,"featured_media":11220,"comment_status":"open","ping_status":"open","sticky":false,"template":"","format":"standard","meta":{"_mi_skip_tracking":false},"categories":[50],"tags":[202],"_links":{"self":[{"href":"https:\/\/visionpeninsular.com\/mid\/wp-json\/wp\/v2\/posts\/11219"}],"collection":[{"href":"https:\/\/visionpeninsular.com\/mid\/wp-json\/wp\/v2\/posts"}],"about":[{"href":"https:\/\/visionpeninsular.com\/mid\/wp-json\/wp\/v2\/types\/post"}],"author":[{"embeddable":true,"href":"https:\/\/visionpeninsular.com\/mid\/wp-json\/wp\/v2\/users\/1"}],"replies":[{"embeddable":true,"href":"https:\/\/visionpeninsular.com\/mid\/wp-json\/wp\/v2\/comments?post=11219"}],"version-history":[{"count":1,"href":"https:\/\/visionpeninsular.com\/mid\/wp-json\/wp\/v2\/posts\/11219\/revisions"}],"predecessor-version":[{"id":11221,"href":"https:\/\/visionpeninsular.com\/mid\/wp-json\/wp\/v2\/posts\/11219\/revisions\/11221"}],"wp:featuredmedia":[{"embeddable":true,"href":"https:\/\/visionpeninsular.com\/mid\/wp-json\/wp\/v2\/media\/11220"}],"wp:attachment":[{"href":"https:\/\/visionpeninsular.com\/mid\/wp-json\/wp\/v2\/media?parent=11219"}],"wp:term":[{"taxonomy":"category","embeddable":true,"href":"https:\/\/visionpeninsular.com\/mid\/wp-json\/wp\/v2\/categories?post=11219"},{"taxonomy":"post_tag","embeddable":true,"href":"https:\/\/visionpeninsular.com\/mid\/wp-json\/wp\/v2\/tags?post=11219"}],"curies":[{"name":"wp","href":"https:\/\/api.w.org\/{rel}","templated":true}]}}