{"id":111246,"date":"2019-12-14T12:56:28","date_gmt":"2019-12-14T18:56:28","guid":{"rendered":"http:\/\/visionpeninsular.com\/mid\/?p=111246"},"modified":"2019-12-14T12:56:36","modified_gmt":"2019-12-14T18:56:36","slug":"imputado-presunto-feminicida-de-la-emiliano-zapata-sur","status":"publish","type":"post","link":"https:\/\/visionpeninsular.com\/mid\/imputado-presunto-feminicida-de-la-emiliano-zapata-sur\/","title":{"rendered":"Imputado presunto feminicida de la Emiliano Zapata Sur"},"content":{"rendered":"\n<p>La Fiscal\u00eda General del Estado (FGE) solicit\u00f3 audiencia para\nformular la imputaci\u00f3n y pedir la vinculaci\u00f3n a proceso en contra de J.J.C.L.\npor el delito de homicidio calificado, denunciado tras los hechos ocurridos el\npasado fin de semana, donde perdi\u00f3 la vida la ciudadana S.E.O.O.<\/p>\n\n\n\n<p>La Representaci\u00f3n Social present\u00f3 sus argumentos para\nsolicitar el inicio del proceso al joven involucrado en los hechos por lo que\nser\u00e1 en audiencia programada para el lunes pr\u00f3ximo cuando sea presentado ante\nel Juez Especializado en Justicia para Adolescentes ubicado en el Centro\nEspecializado en la Aplicaci\u00f3n de Medidas para Adolescentes (CEAMA).<\/p>\n\n\n\n<p>El imputado tambi\u00e9n fue vinculado a proceso por delitos\ncontra la salud en su variante de posesi\u00f3n con fines de suministro del\nnarc\u00f3tico cannabis, por el cual se le decret\u00f3 medida cautelar de internamiento\npreventivo por los pr\u00f3ximos cinco meses, por lo que lunes deber\u00e1 afrontar el\nnuevo delito que se le imputa.<\/p>\n\n\n\n<p>Una vez ante la autoridad judicial, los fiscales adscritos\nimputar\u00e1n el delito y presentar\u00e1n los datos de prueba reunidos en la carpeta de\ninvestigaci\u00f3n correspondiente y solicitar\u00e1n la vinculaci\u00f3n a proceso, por lo\nque el Juez de Control estableci\u00f3 la audiencia para el pr\u00f3ximo 16 de diciembre.<\/p>\n\n\n\n<p>De acuerdo con la indagatoria, los hechos ocurrieron durante\nel pasado fin de semana, cuando el imputado, presuntamente provoc\u00f3 diversas\nlesiones a la v\u00edctima, quien falleci\u00f3 a consecuencia de un traumatismo\ncraneoencef\u00e1lico, tal como dictamin\u00f3 un perito del Servicio M\u00e9dico Forense de\nla FGE y despu\u00e9s fue abandonada en una brecha en la colonia Emiliano Zapata\nSur, en esta ciudad de M\u00e9rida.<\/p>\n<div class='share-to-whatsapp-wrapper'><div class='share-on-whsp'>Share on: <\/div><a data-text='Imputado presunto feminicida de la Emiliano Zapata Sur' data-link='https:\/\/visionpeninsular.com\/mid\/imputado-presunto-feminicida-de-la-emiliano-zapata-sur\/' class='whatsapp-button whatsapp-share'>WhatsApp<\/a><div class='clear '><\/div><\/div>","protected":false},"excerpt":{"rendered":"<p>La Fiscal\u00eda General del Estado (FGE) solicit\u00f3 audiencia para formular la imputaci\u00f3n y pedir la vinculaci\u00f3n a proceso en contra de J.J.C.L. por el delito de homicidio calificado, denunciado tras los hechos ocurridos el pasado fin de semana, donde perdi\u00f3 la vida la ciudadana S.E.O.O. La Representaci\u00f3n Social present\u00f3 sus argumentos para solicitar el inicio &hellip;<\/p>\n","protected":false},"author":5,"featured_media":111251,"comment_status":"open","ping_status":"open","sticky":false,"template":"","format":"standard","meta":{"_mi_skip_tracking":false},"categories":[50,37],"tags":[13925,190,5952],"_links":{"self":[{"href":"https:\/\/visionpeninsular.com\/mid\/wp-json\/wp\/v2\/posts\/111246"}],"collection":[{"href":"https:\/\/visionpeninsular.com\/mid\/wp-json\/wp\/v2\/posts"}],"about":[{"href":"https:\/\/visionpeninsular.com\/mid\/wp-json\/wp\/v2\/types\/post"}],"author":[{"embeddable":true,"href":"https:\/\/visionpeninsular.com\/mid\/wp-json\/wp\/v2\/users\/5"}],"replies":[{"embeddable":true,"href":"https:\/\/visionpeninsular.com\/mid\/wp-json\/wp\/v2\/comments?post=111246"}],"version-history":[{"count":1,"href":"https:\/\/visionpeninsular.com\/mid\/wp-json\/wp\/v2\/posts\/111246\/revisions"}],"predecessor-version":[{"id":111252,"href":"https:\/\/visionpeninsular.com\/mid\/wp-json\/wp\/v2\/posts\/111246\/revisions\/111252"}],"wp:featuredmedia":[{"embeddable":true,"href":"https:\/\/visionpeninsular.com\/mid\/wp-json\/wp\/v2\/media\/111251"}],"wp:attachment":[{"href":"https:\/\/visionpeninsular.com\/mid\/wp-json\/wp\/v2\/media?parent=111246"}],"wp:term":[{"taxonomy":"category","embeddable":true,"href":"https:\/\/visionpeninsular.com\/mid\/wp-json\/wp\/v2\/categories?post=111246"},{"taxonomy":"post_tag","embeddable":true,"href":"https:\/\/visionpeninsular.com\/mid\/wp-json\/wp\/v2\/tags?post=111246"}],"curies":[{"name":"wp","href":"https:\/\/api.w.org\/{rel}","templated":true}]}}