{"id":11115,"date":"2016-08-31T06:05:49","date_gmt":"2016-08-31T11:05:49","guid":{"rendered":"http:\/\/visionpeninsular.com\/mid\/?p=11115"},"modified":"2016-08-31T06:05:49","modified_gmt":"2016-08-31T11:05:49","slug":"estan-sentadas-las-bases-para-un-mejor-futuro-de-los-meridanos-mauricio-vila","status":"publish","type":"post","link":"https:\/\/visionpeninsular.com\/mid\/estan-sentadas-las-bases-para-un-mejor-futuro-de-los-meridanos-mauricio-vila\/","title":{"rendered":"Est\u00e1n sentadas las bases para un mejor futuro de los meridanos: Mauricio Vila"},"content":{"rendered":"<p>-Hemos dado el primer paso, hemos sentado las bases para seguir construyendo un futuro mejor para todos los meridanos \u2013expres\u00f3 esta noche el alcalde Mauricio Vila Dosal, durante la lectura de su Primer Informe de Gobierno.<\/p>\n<p>Nuestra apuesta en este gobierno, agreg\u00f3, es y ser\u00e1 siendo trabajar de la mano de la sociedad y con la participaci\u00f3n de los meridanos.<\/p>\n<p>El presidente municipal, quien estuvo acompa\u00f1ado de su esposa la presidenta del DIF Municipal, Mar\u00eda Eugenia Ortiz Abraham, tambi\u00e9n pidi\u00f3 al secretario general de gobierno, Roberto Rodr\u00edguez Asaf, quien acudi\u00f3 en representaci\u00f3n del gobernador del Estado, Rolando Zapata Bello, que le reitere su disposici\u00f3n de seguir trabajando de manera coordinada, con respeto a las respectivas competencias, para seguir dando soluci\u00f3n a los problemas de los meridanos.<\/p>\n<p>-Los ciudadanos no quieren enfrentamiento est\u00e9riles, sino resultados que mejoren su calidad de vida .enfatiz\u00f3.<\/p>\n<p>El evento inici\u00f3 a las 8:42 con los honores a la Bandera, y tras la presentaci\u00f3n de los integrantes el Cabildo e invitados, se transmiti\u00f3 un v\u00eddeo en el que se hizo un recuento de los logros y avances alcanzados durante este primer a\u00f1o de gesti\u00f3n.<\/p>\n<p>Acto seguido la secretaria de la Comuna, Mar\u00eda Fritz Sierra, cedi\u00f3 la palabra al alcalde Vila Dosal quien ley\u00f3 un documento de casi 13 cuartillas, en el que fue interrumpido en m\u00e1s de 10 ocasiones por los aplausos de la asistencia, tambi\u00e9n hizo un recuento de logros, dio a conocer algunos anuncios y finalmente agradeci\u00f3 el apoyo de su equipo de trabajo de su familia y de otras instancias de gobierno.<\/p>\n<p>Al hablar sobre la participaci\u00f3n ciudadana record\u00f3 que numerosas organizaciones de la sociedad civil se elabor\u00f3 el Programa Municipal de Desarrollo Urbano M\u00e9rida 2040, que a partir de ahora est\u00e1 abierto a la consulta ciudadana. Con este instrumento, a\u00f1adi\u00f3, los servicios p\u00fablicos ser\u00e1n m\u00e1s eficientes y lograr una adecuada funcionalidad urbana y sustentabilidad.<\/p>\n<p>Otros logros, de la mano de la sociedad, son las adecuaciones al Reglamento de Construcci\u00f3n Municipal, el Reglamento de Desarrollo Inmobiliario, y destac\u00f3 la firma de convenio Seduma-Ivey-Ayuntamiento para regenerar la zona del centro de la ciudad.<\/p>\n<p>En diciembre, se\u00f1al\u00f3, se present\u00f3 el Plan Municipal de Movilidad Urbana Sustentable y tambi\u00e9n se dise\u00f1\u00f3 el Plan Municipal de Infraestructura Verde para fomentar una cultura forestal y mejorar nuestro medio ambiente. Uno de sus primero frutos fue la creaci\u00f3n del Reglamento para la Protecci\u00f3n y Conservaci\u00f3n del Arbolado Urbano.<\/p>\n<p>En otra parte de su discurso hizo un reconocimiento al gobernador por el trabajo conjunto que se ha realizado en beneficio de los meridanos y puso como ejemplo las acciones coordinadas para el control larvario y las obras para mejorar la imagen urbana del centro hist\u00f3rico de M\u00e9rida.<\/p>\n<p>Tambi\u00e9n se\u00f1al\u00f3 el trabajo que se hace para definir los l\u00edmites entre Kanas\u00edn, Conkal, Um\u00e1n y la inclusi\u00f3n de sus propuestas de campa\u00f1a al Proyecto Situr del Ejecutivo del Estado.<\/p>\n<p>En el tema de eficiencia administrativa se\u00f1al\u00f3 que se logr\u00f3 reducir el gasto corriente de un 41% que representaba del total del presupuesto pas\u00f3 a s\u00f3lo 35%. $45 millones fueron invertidos en nueva maquinaria y equipos.<\/p>\n<p>Tambi\u00e9n hizo incapi\u00e9 en la instalaci\u00f3n del Consejo Consultivo del Presupuesto y Ejercicio del Gasto P\u00fablico del Municipio, que ahora puede participar en la elaboraci\u00f3n del presupuesto.  Gracias a los ahorros y una reorientaci\u00f3n del gasto y de los sueldos de funcionarios los trabajadores recibieron aumentos del 7% en vez del 3% que se\u00f1ala la ley. \u201cCumplimos el sue\u00f1o de incorporar a los 5,800 empleados al Infonavit\u201d, recalc\u00f3.<\/p>\n<p>El tocar el tema de infraestructura anunci\u00f3 que el pr\u00f3ximo a\u00f1o se construir\u00e1n o repavimentar\u00e1n 105 kms adicionales de vialidad en todas las zonas de la ciudad.<\/p>\n<p>-Con una inversi\u00f3n de casi $61 millones se ha iniciado un primer paquete de obras que incluye cuatro parques nuevos y el mejoramiento de otros 10\u2026 El pr\u00f3ximo a\u00f1o construiremos 14 parques m\u00e1s. Tambi\u00e9n mencion\u00f3 que en los pr\u00f3ximos meses abrir\u00e1 sus puertas el Centro Municipal de Emprendedores.<\/p>\n<p>En el aspecto social record\u00f3 la creaci\u00f3n del Plan Municipal de Vivienda con el que se har\u00e1n 2,250 acciones de vivienda con una inversi\u00f3n de m\u00e1s de $150 millones. Adem\u00e1s, mediante convenio con H\u00e1bitat para la Humanidad se har\u00e1n otras 350 viviendas completas.<\/p>\n<p>-Se cre\u00f3 el Centro Integral Renacer, \u00fanico en su tipo en el Sureste de M\u00e9xico para atender a m\u00e1s de 25,000 adultos en los pr\u00f3ximos 12 meses y tambi\u00e9n se puso en marcha el programa \u201cM\u00e9dico a Domicilio\u201d para apoyar a personas que por s\u00ed solas no pueden acudir a consultar \u2013expres\u00f3.<\/p>\n<p>En mejora regulatoria dijo que se adopt\u00f3 la firma electr\u00f3nica del SAT para la realizaci\u00f3n de tr\u00e1mites ante el municipio y agreg\u00f3 que pronto entrara en vigor el Registro \u00danico de Personas Acreditadas en el Municipio de M\u00e9rida y se firmar\u00e1 con la OCDE un convenio para mejorar el marco regulatorio para la apertura de empresas y para permisos de construcci\u00f3n, principalmente.<\/p>\n<p>En relaci\u00f3n con el aspecto cultural record\u00f3 que M\u00e9rida es la primera ciudad en firma la Carta de Derechos  Culturales y que en 2107, por segunda vez, ser\u00e1 Capital Americana de la Cultura, con lo que se convertir\u00e1 en referente internacional.<\/p>\n<p>Por \u00faltimo, enfatiz\u00f3 sobre la campa\u00f1a Yo soy M\u00e9rida Blanca que se lleva al cabo de manera permanente para rescatar e impulsar los valores que distinguen a M\u00e9rida.<\/p>\n<p>-Hago un llamado a todos para unirse a esta campa\u00f1a de valores, todos podemos hacer algo para seguir teniendo la mejor calidad de vida \u2013enfatiz\u00f3.<\/p>\n<p>Al t\u00e9rmino, el alcalde saludo a los asistentes y procedi\u00f3 a tomarse fotos con las personas que agradec\u00edan y felicitaban por este primer a\u00f1o de gobierno municipal.<\/p>\n<p>Asistentes<\/p>\n<p>Al informe acudi\u00f3 en representaci\u00f3n del gobernador, Rolando Zapata Bello, el Secretario de Gobierno del Estado, Roberto Rodr\u00edguez Asaf, la presidenta de la Junta de Gobierno y Coordinaci\u00f3n Pol\u00edtica del Congreso del Estado, Celia Rivas Rodr\u00edguez, en representaci\u00f3n del Consejo de la Judicatura del Poder Judicial del Estado, el licenciado Luis Parra Arceo, el coordinador gral. de asesores del despacho del gobernador, Erick Rubio Barthell, secretario de la SSP, Cmdte. Luis Felipe Said\u00e9n Ojeda,  el Diputado Federal y coordinador del grupo parlamentario del PAN, Marco Cortez Mendoza, el presidente nacional del Partido Acci\u00f3n Nacional, Ricardo Anaya Cortez. Asimismo los senadores, Rosa Adriana D\u00edaz Lizama y Daniel \u00c1vila Ruiz.<\/p>\n<p>El General de Brigada Diplomado Estado Mayor, V\u00edctor Aguirre Sierra, jefe de Estado Mayor de la D\u00e9cima Regi\u00f3n Militar en representaci\u00f3n del Gral. de brigada DEM, Gustavo Nieto Navarro, comandante de la D\u00e9cima Regi\u00f3n Militar, el vicealmirante Cuerpo General DEM, Rosendo Escalante Ilizaliturri, comandante de la Novena Zona Naval, el comisario, Julio Mart\u00ednez Arredondo, coordinador estatal de la Polic\u00eda Federal en Yucat\u00e1n.<\/p>\n<p>El general de Brigada DEM, Raymundo Larios Sa\u00edz, comandante de la 32 Zona Militar, coronel de infanter\u00eda, Adelaido Le\u00f3n \u00c1vila, Cmdte. del 11vo. Batall\u00f3n de Infanter\u00eda, el Gral. de Grupo Piloto Aviador DEM A\u00e9reo, Rom\u00e1n Carmona Landa, Cmdte. de la base a\u00e9rea militar no.8, capit\u00e1n de altura, Bernardo Crespo Silva, capit\u00e1n del puerto regional de Progreso.<\/p>\n<p>El Pbro. Jos\u00e9 Candelario Jim\u00e9nez, vicario gral. de la Arquidi\u00f3cesis en representaci\u00f3n del Mons. Gustavo Rodr\u00edguez Vega, arzobispo de Yucat\u00e1n, el presidente estatal del PAN, Ra\u00fal Paz Alonzo, en representaci\u00f3n de Margarita Zavala G\u00f3mez, el lic. Jos\u00e9 Luis Luege Tamargo. Los diputados federales Katya Bolio Pinelo y Joaqu\u00edn D\u00edaz Mena.<\/p>\n<p>Los diputados locales, El\u00edas Lixa Abimerhi, Manuel D\u00edaz Su\u00e1rez, Beatriz Zavala Peniche, Rafael Montalvo Mata y Ramiro Ram\u00edrez Brice\u00f1o.<\/p>\n<p>El alcalde del Calpulalpan, Tlaxcala, Vicente Hern\u00e1ndez Roldan, los ex alcaldes, C\u00e9sar Boj\u00f3rquez Zapata, Manuel Fuentes Alcocer, Ren\u00e1n Barrera Concha, Xavier Abreu Sierra.<\/p>\n<div class='share-to-whatsapp-wrapper'><div class='share-on-whsp'>Share on: <\/div><a data-text='Est\u00e1n sentadas las bases para un mejor futuro de los meridanos: Mauricio Vila' data-link='https:\/\/visionpeninsular.com\/mid\/estan-sentadas-las-bases-para-un-mejor-futuro-de-los-meridanos-mauricio-vila\/' class='whatsapp-button whatsapp-share'>WhatsApp<\/a><div class='clear '><\/div><\/div>","protected":false},"excerpt":{"rendered":"<p>-Hemos dado el primer paso, hemos sentado las bases para seguir construyendo un futuro mejor para todos los meridanos \u2013expres\u00f3 esta noche el alcalde Mauricio Vila Dosal, durante la lectura de su Primer Informe de Gobierno. Nuestra apuesta en este gobierno, agreg\u00f3, es y ser\u00e1 siendo trabajar de la mano de la sociedad y con &hellip;<\/p>\n","protected":false},"author":1,"featured_media":11116,"comment_status":"open","ping_status":"open","sticky":false,"template":"","format":"standard","meta":{"_mi_skip_tracking":false},"categories":[49],"tags":[41,40,2398],"_links":{"self":[{"href":"https:\/\/visionpeninsular.com\/mid\/wp-json\/wp\/v2\/posts\/11115"}],"collection":[{"href":"https:\/\/visionpeninsular.com\/mid\/wp-json\/wp\/v2\/posts"}],"about":[{"href":"https:\/\/visionpeninsular.com\/mid\/wp-json\/wp\/v2\/types\/post"}],"author":[{"embeddable":true,"href":"https:\/\/visionpeninsular.com\/mid\/wp-json\/wp\/v2\/users\/1"}],"replies":[{"embeddable":true,"href":"https:\/\/visionpeninsular.com\/mid\/wp-json\/wp\/v2\/comments?post=11115"}],"version-history":[{"count":1,"href":"https:\/\/visionpeninsular.com\/mid\/wp-json\/wp\/v2\/posts\/11115\/revisions"}],"predecessor-version":[{"id":11117,"href":"https:\/\/visionpeninsular.com\/mid\/wp-json\/wp\/v2\/posts\/11115\/revisions\/11117"}],"wp:featuredmedia":[{"embeddable":true,"href":"https:\/\/visionpeninsular.com\/mid\/wp-json\/wp\/v2\/media\/11116"}],"wp:attachment":[{"href":"https:\/\/visionpeninsular.com\/mid\/wp-json\/wp\/v2\/media?parent=11115"}],"wp:term":[{"taxonomy":"category","embeddable":true,"href":"https:\/\/visionpeninsular.com\/mid\/wp-json\/wp\/v2\/categories?post=11115"},{"taxonomy":"post_tag","embeddable":true,"href":"https:\/\/visionpeninsular.com\/mid\/wp-json\/wp\/v2\/tags?post=11115"}],"curies":[{"name":"wp","href":"https:\/\/api.w.org\/{rel}","templated":true}]}}