{"id":11112,"date":"2016-08-31T06:02:05","date_gmt":"2016-08-31T11:02:05","guid":{"rendered":"http:\/\/visionpeninsular.com\/mid\/?p=11112"},"modified":"2016-08-31T06:02:05","modified_gmt":"2016-08-31T11:02:05","slug":"logran-nayaritas-importante-crecimiento-en-produccion-pesquera-y-acuicola","status":"publish","type":"post","link":"https:\/\/visionpeninsular.com\/mid\/logran-nayaritas-importante-crecimiento-en-produccion-pesquera-y-acuicola\/","title":{"rendered":"Logran nayaritas importante crecimiento en producci\u00f3n pesquera y acu\u00edcola"},"content":{"rendered":"<p>El Comisionado Nacional de Acuacultura y Pesca, Mario Aguilar S\u00e1nchez, reconoci\u00f3 el esfuerzo de los productores nayaritas que han logrado un importante crecimiento en el volumen de sus capturas, con 46,517 toneladas en 2015, comercializadas en m\u00e1s de 1,242 millones de pesos, que generan una importante derrama econ\u00f3mica regional a lo largo de los 296 kil\u00f3metros de litoral y contrastan favorablemente contra las 34 mil obtenidas en 2012.<\/p>\n<p>Al comentar que Nayarit se ubica en la d\u00e9cima posici\u00f3n entre los estados pesqueros del pa\u00eds por su volumen y en el lugar n\u00famero ocho en t\u00e9rminos de su valor, el Titular de CONAPESCA destac\u00f3 que el 70 por ciento de la producci\u00f3n correspondi\u00f3 a capturas en aguas marinas con 32 mil 466 toneladas y el 30 por ciento a la acuacultura, con 14 mil 051 tons; esto \u00faltimo porque en la entidad se dispone de una superficie productiva de casi cinco mil hect\u00e1reas muchas de ellas  con una combinaci\u00f3n de agua dulce y agua de mar.<\/p>\n<p>En recorrido de trabajo por el estado de Nayarit, el el Comisionado Mario Aguilar reiter\u00f3 que la pesca y la acuacultura son de las actividades m\u00e1s promisorias para una mejor alimentaci\u00f3n, sobre todo porque nuestro pa\u00eds enfrenta problemas de obesidad en gran parte de la poblaci\u00f3n y el consumo de pescado es ben\u00e9fico no s\u00f3lo en materia nutricional sino tambi\u00e9n para la salud por su contenido de prote\u00ednas, amino\u00e1cidos, y toda una serie de componentes alimenticios que otras comidas no lo tienen.<\/p>\n<p>Consider\u00f3 que estos incrementos en la productividad de Nayarit, igual que ocurre en otros estados, se deben en gran parte al impulso que el presidente de la Rep\u00fablica, Enrique Pe\u00f1a Nieto, le est\u00e1 dando a la actividad pesquera en la actual administraci\u00f3n federal, porque contribuye no s\u00f3lo a la econom\u00eda regional, sino al desarrollo saludable de los ni\u00f1os, ya que el pescado es inmejorable como alimento.<\/p>\n<p>Aguilar S\u00e1nchez record\u00f3 que la Organizaci\u00f3n Mundial de la Salud (OMS) ha establecido que en la medida que se consuma m\u00e1s pescado, en esa medida se mejora significativamente la nutrici\u00f3n y la salud de las personas de todas las edades.<\/p>\n<p>El funcionario federal sostuvo reuniones con organizaciones pesqueras de la entidad y tambi\u00e9n dialog\u00f3 con cooperativistas de la Boca del Camich\u00edn, ubicada a 30 kil\u00f3metros del puerto de San Blas, dedicados mayormente a la ostricultura y con quienes recorri\u00f3 los pol\u00edgonos de cultivo junto a la zona de manglares, que tienen un gran potencial para la producci\u00f3n de osti\u00f3n de placer (corteziensis), reconocido por su gran calidad y excelente sabor.<\/p>\n<p>Ah\u00ed, el presidente de la Sociedad Cooperativa Ostricamich\u00edn, Roberto Barrera Renter\u00eda, agradeci\u00f3 los apoyos recientemente canalizados con el programa PROPESCA a los pescadores de la regi\u00f3n y explic\u00f3 al Comisionado Nacional de la CONAPESCA el proceso de acuacultura en la producci\u00f3n del osti\u00f3n de placer y habl\u00f3 de los esfuerzos de los productores en general de la comunidad por cuidar el medio ambiente para beneficio de la sustentabilidad de esa pesquer\u00eda.<\/p>\n<p>Coment\u00f3 que su cooperativa formada hoy por 187 socios inici\u00f3 formalmente actividades en 1977, recolectando semilla de osti\u00f3n en el medio natural, haciendo todo el trabajo de manera artesanal, con la participaci\u00f3n de hombres, se\u00f1oras, adultos, ancianos, j\u00f3venes y ni\u00f1os de todas las familias de la comunidad.<\/p>\n<p>Barrera Renter\u00eda dijo que logran una producci\u00f3n anual que var\u00eda entre las 600 y 1,200 toneladas de osti\u00f3n, alrededor de 70 u 80 por ciento de la producci\u00f3n total de esta pesquer\u00eda en Nayarit, y para fortalecer su productividad presentaron a la CONAPESCA un proyecto de maricultura, en proceso de dictaminaci\u00f3n, para canalizar mayores recursos al cultivo ostr\u00edcola.<\/p>\n<p>Los recursos obtenidos por la comercializaci\u00f3n de la producci\u00f3n ostr\u00edcola se han convertido en el principal sustento de todas las familias de la comunidad de Boca de Camich\u00edn; les ha permitido salir adelante, darles estudios a sus hijos y una mejor calidad de vida, coment\u00f3.<\/p>\n<p>El pescador asegur\u00f3 que en el pol\u00edgono donde trabajan \u201cla calidad del agua para el cultivo del osti\u00f3n est\u00e1 en perfectas condiciones y cumple con todas las normativas sanitarias, por lo que estamos en proceso de monitoreo del agua y de la pulpa del producto, para que nuestro cuerpo de agua sea clasificado por las autoridades de Senasica y Cofepris a fin de obtener un  verdadero valor agregado en nuestro producto, para elevar m\u00e1s su valor, obtener mayores ingresos para nuestras familias, e incluso poder exportar al extranjero\u201d.<\/p>\n<p>Refiri\u00f3 por \u00faltimo que la visita al estado del secretario de la SAGARPA, Jos\u00e9 Calzada Rovirosa, y del Comisionado Nacional de Conapesca, Mario Aguilar, constituyen una se\u00f1al de aliento, \u201crealmente se abre una ventanilla m\u00e1s; al poderlos tener juntos aqu\u00ed, tuvimos la oportunidad de estar con ellos, expresarles nuestro agradecimiento sobre los programas de apoyo, y poder explicarles lo que podemos hacer, lo que podemos mejorar, en lo que podemos avanzar para seguir produciendo y producir con calidad\u201d.<\/p>\n<div class='share-to-whatsapp-wrapper'><div class='share-on-whsp'>Share on: <\/div><a data-text='Logran nayaritas importante crecimiento en producci\u00f3n pesquera y acu\u00edcola' data-link='https:\/\/visionpeninsular.com\/mid\/logran-nayaritas-importante-crecimiento-en-produccion-pesquera-y-acuicola\/' class='whatsapp-button whatsapp-share'>WhatsApp<\/a><div class='clear '><\/div><\/div>","protected":false},"excerpt":{"rendered":"<p>El Comisionado Nacional de Acuacultura y Pesca, Mario Aguilar S\u00e1nchez, reconoci\u00f3 el esfuerzo de los productores nayaritas que han logrado un importante crecimiento en el volumen de sus capturas, con 46,517 toneladas en 2015, comercializadas en m\u00e1s de 1,242 millones de pesos, que generan una importante derrama econ\u00f3mica regional a lo largo de los 296 &hellip;<\/p>\n","protected":false},"author":1,"featured_media":11113,"comment_status":"open","ping_status":"open","sticky":false,"template":"","format":"standard","meta":{"_mi_skip_tracking":false},"categories":[50],"tags":[202,2397],"_links":{"self":[{"href":"https:\/\/visionpeninsular.com\/mid\/wp-json\/wp\/v2\/posts\/11112"}],"collection":[{"href":"https:\/\/visionpeninsular.com\/mid\/wp-json\/wp\/v2\/posts"}],"about":[{"href":"https:\/\/visionpeninsular.com\/mid\/wp-json\/wp\/v2\/types\/post"}],"author":[{"embeddable":true,"href":"https:\/\/visionpeninsular.com\/mid\/wp-json\/wp\/v2\/users\/1"}],"replies":[{"embeddable":true,"href":"https:\/\/visionpeninsular.com\/mid\/wp-json\/wp\/v2\/comments?post=11112"}],"version-history":[{"count":1,"href":"https:\/\/visionpeninsular.com\/mid\/wp-json\/wp\/v2\/posts\/11112\/revisions"}],"predecessor-version":[{"id":11114,"href":"https:\/\/visionpeninsular.com\/mid\/wp-json\/wp\/v2\/posts\/11112\/revisions\/11114"}],"wp:featuredmedia":[{"embeddable":true,"href":"https:\/\/visionpeninsular.com\/mid\/wp-json\/wp\/v2\/media\/11113"}],"wp:attachment":[{"href":"https:\/\/visionpeninsular.com\/mid\/wp-json\/wp\/v2\/media?parent=11112"}],"wp:term":[{"taxonomy":"category","embeddable":true,"href":"https:\/\/visionpeninsular.com\/mid\/wp-json\/wp\/v2\/categories?post=11112"},{"taxonomy":"post_tag","embeddable":true,"href":"https:\/\/visionpeninsular.com\/mid\/wp-json\/wp\/v2\/tags?post=11112"}],"curies":[{"name":"wp","href":"https:\/\/api.w.org\/{rel}","templated":true}]}}