{"id":110286,"date":"2019-12-05T13:52:24","date_gmt":"2019-12-05T19:52:24","guid":{"rendered":"http:\/\/visionpeninsular.com\/mid\/?p=110286"},"modified":"2019-12-05T13:52:38","modified_gmt":"2019-12-05T19:52:38","slug":"prohibida-la-transportacion-de-menores-en-motocicletas","status":"publish","type":"post","link":"https:\/\/visionpeninsular.com\/mid\/prohibida-la-transportacion-de-menores-en-motocicletas\/","title":{"rendered":"Prohibida la  transportaci\u00f3n de menores en motocicletas"},"content":{"rendered":"\n<p>En una medida que entrar\u00e1 en vigor el 1 de enero de 2020, &nbsp;el Congreso del Estado aprob\u00f3 por mayor\u00eda en\nsesi\u00f3n plenaria, las reformas a la Ley de Tr\u00e1nsito y Vialidad del Estado\npropuestas por el diputado V\u00edcto Merari S\u00e1nchez Roca, en la que se proh\u00edbe el\ntraslado de menores de cinco a\u00f1os de edad o que no puedan sujetarse por s\u00ed\nsolos, &nbsp;a bordo de motocicletas o\ncuatrimotos en carreteras estatales <\/p>\n\n\n\n<p>Lila Fr\u00edas, &nbsp;presidenta de la comisi\u00f3n de Desarrollo\nUrbano, mencion\u00f3 que el dictamen tiene como objetivo fundamental salvaguardar\nla vida e integridad de este sector de la poblaci\u00f3n. En primer lugar no tienen\nla capacidad de medir por s\u00ed mismo los riesgos que implica ser pasajeros en una\nmotocicleta y en &nbsp;un segundo t\u00e9rmino,\nf\u00edsicamente no son lo suficientemente aptos para sujetarse por s\u00ed mismo al\nveh\u00edculo que los transporta, por lo cual los expone en mayor grado que\ncualquier otro tipo de pasajero.<\/p>\n\n\n\n<p>\u201cEstaremos evitando que cada d\u00eda se expongan vidas de\nmenores de edad, con lo cual estaremos dando un paso m\u00e1s para consolidar la\nseguridad vial de todos los usuarios de las v\u00edas de comunicaci\u00f3n\u201d, agreg\u00f3.<\/p>\n\n\n\n<p>Por unanimidad entre los asuntos en cartera los diputados\naprobaron tambi\u00e9n las reformas a la Constituci\u00f3n Local para que a partir del\npr\u00f3ximo a\u00f1o el Congreso del Estado solo tenga dos periodos de sesiones\nordinarias al a\u00f1o, en vez de tres. El primero ser\u00e1 del primero de septiembre al\n15 de diciembre o hasta el 31 de ese mismo mes, por cambio de gobierno, y el\nsegundo ser\u00e1 del primero de febrero al 31 de mayo.<\/p>\n\n\n\n<p>Como informamos en nota aparte, en la sesi\u00f3n de hoy tambi\u00e9n\nse aprob\u00f3 la obligatoriedad de la ense\u00f1anza de la lengua maya, as\u00ed como el\nlenguaje de se\u00f1as en las primarias de Yucat\u00e1n.- <\/p>\n<div class='share-to-whatsapp-wrapper'><div class='share-on-whsp'>Share on: <\/div><a data-text='Prohibida la  transportaci\u00f3n de menores en motocicletas' data-link='https:\/\/visionpeninsular.com\/mid\/prohibida-la-transportacion-de-menores-en-motocicletas\/' class='whatsapp-button whatsapp-share'>WhatsApp<\/a><div class='clear '><\/div><\/div>","protected":false},"excerpt":{"rendered":"<p>En una medida que entrar\u00e1 en vigor el 1 de enero de 2020, &nbsp;el Congreso del Estado aprob\u00f3 por mayor\u00eda en sesi\u00f3n plenaria, las reformas a la Ley de Tr\u00e1nsito y Vialidad del Estado propuestas por el diputado V\u00edcto Merari S\u00e1nchez Roca, en la que se proh\u00edbe el traslado de menores de cinco a\u00f1os de &hellip;<\/p>\n","protected":false},"author":5,"featured_media":110291,"comment_status":"open","ping_status":"open","sticky":false,"template":"","format":"standard","meta":{"_mi_skip_tracking":false},"categories":[50,37],"tags":[18630,15367],"_links":{"self":[{"href":"https:\/\/visionpeninsular.com\/mid\/wp-json\/wp\/v2\/posts\/110286"}],"collection":[{"href":"https:\/\/visionpeninsular.com\/mid\/wp-json\/wp\/v2\/posts"}],"about":[{"href":"https:\/\/visionpeninsular.com\/mid\/wp-json\/wp\/v2\/types\/post"}],"author":[{"embeddable":true,"href":"https:\/\/visionpeninsular.com\/mid\/wp-json\/wp\/v2\/users\/5"}],"replies":[{"embeddable":true,"href":"https:\/\/visionpeninsular.com\/mid\/wp-json\/wp\/v2\/comments?post=110286"}],"version-history":[{"count":1,"href":"https:\/\/visionpeninsular.com\/mid\/wp-json\/wp\/v2\/posts\/110286\/revisions"}],"predecessor-version":[{"id":110292,"href":"https:\/\/visionpeninsular.com\/mid\/wp-json\/wp\/v2\/posts\/110286\/revisions\/110292"}],"wp:featuredmedia":[{"embeddable":true,"href":"https:\/\/visionpeninsular.com\/mid\/wp-json\/wp\/v2\/media\/110291"}],"wp:attachment":[{"href":"https:\/\/visionpeninsular.com\/mid\/wp-json\/wp\/v2\/media?parent=110286"}],"wp:term":[{"taxonomy":"category","embeddable":true,"href":"https:\/\/visionpeninsular.com\/mid\/wp-json\/wp\/v2\/categories?post=110286"},{"taxonomy":"post_tag","embeddable":true,"href":"https:\/\/visionpeninsular.com\/mid\/wp-json\/wp\/v2\/tags?post=110286"}],"curies":[{"name":"wp","href":"https:\/\/api.w.org\/{rel}","templated":true}]}}