{"id":110263,"date":"2019-12-05T12:51:52","date_gmt":"2019-12-05T18:51:52","guid":{"rendered":"http:\/\/visionpeninsular.com\/mid\/?p=110263"},"modified":"2019-12-05T12:51:59","modified_gmt":"2019-12-05T18:51:59","slug":"clausura-profeco-casa-de-empeno-en-villa-magna-ii","status":"publish","type":"post","link":"https:\/\/visionpeninsular.com\/mid\/clausura-profeco-casa-de-empeno-en-villa-magna-ii\/","title":{"rendered":"Clausura Profeco casa de empe\u00f1o en Villa Magna II"},"content":{"rendered":"\n<p>Comunicado de prensa<\/p>\n\n\n\n<p>La Procuradur\u00eda Federal del Consumidor (Profeco), clausur\u00f3\nuna casa de empe\u00f1o llamada: \u201cFirst Cash\u201d ubicada en la colonia Villa Magna II\nde la ciudad de M\u00e9rida, durante un operativo de ejecuci\u00f3n en cumplimiento de\nuna resoluci\u00f3n administrativa.<\/p>\n\n\n\n<figure class=\"wp-block-image size-large\"><img loading=\"lazy\" width=\"768\" height=\"1024\" src=\"http:\/\/visionpeninsular.com\/mid\/wp-content\/uploads\/2019\/12\/profeco-768x1024.jpg\" alt=\"\" class=\"wp-image-110269\" srcset=\"https:\/\/visionpeninsular.com\/mid\/wp-content\/uploads\/2019\/12\/profeco-768x1024.jpg 768w, https:\/\/visionpeninsular.com\/mid\/wp-content\/uploads\/2019\/12\/profeco-225x300.jpg 225w, https:\/\/visionpeninsular.com\/mid\/wp-content\/uploads\/2019\/12\/profeco.jpg 960w\" sizes=\"(max-width: 768px) 100vw, 768px\" \/><\/figure>\n\n\n\n<p>La medida obedeci\u00f3 a que el establecimiento no cuenta con el\nRegistro P\u00fablico de Casas de Empe\u00f1o vigente, lo cual es considera Grave, seg\u00fan\nel art\u00edculo 128-Bis de la Ley federal de Protecci\u00f3n al Consumidor.<\/p>\n\n\n\n<p>Al establecimiento se le aplic\u00f3 una clausura total por un\nt\u00e9rmino de 15 d\u00edas.-<\/p>\n\n\n\n<p>&nbsp;(Bolet\u00edn de prensa\n04\/2019- OFICINA PROFECO YUCAT\u00c1N)<\/p>\n<div class='share-to-whatsapp-wrapper'><div class='share-on-whsp'>Share on: <\/div><a data-text='Clausura Profeco casa de empe\u00f1o en Villa Magna II' data-link='https:\/\/visionpeninsular.com\/mid\/clausura-profeco-casa-de-empeno-en-villa-magna-ii\/' class='whatsapp-button whatsapp-share'>WhatsApp<\/a><div class='clear '><\/div><\/div>","protected":false},"excerpt":{"rendered":"<p>Comunicado de prensa La Procuradur\u00eda Federal del Consumidor (Profeco), clausur\u00f3 una casa de empe\u00f1o llamada: \u201cFirst Cash\u201d ubicada en la colonia Villa Magna II de la ciudad de M\u00e9rida, durante un operativo de ejecuci\u00f3n en cumplimiento de una resoluci\u00f3n administrativa. La medida obedeci\u00f3 a que el establecimiento no cuenta con el Registro P\u00fablico de Casas &hellip;<\/p>\n","protected":false},"author":5,"featured_media":110268,"comment_status":"open","ping_status":"open","sticky":false,"template":"","format":"standard","meta":{"_mi_skip_tracking":false},"categories":[50,37],"tags":[18626,18625,16997],"_links":{"self":[{"href":"https:\/\/visionpeninsular.com\/mid\/wp-json\/wp\/v2\/posts\/110263"}],"collection":[{"href":"https:\/\/visionpeninsular.com\/mid\/wp-json\/wp\/v2\/posts"}],"about":[{"href":"https:\/\/visionpeninsular.com\/mid\/wp-json\/wp\/v2\/types\/post"}],"author":[{"embeddable":true,"href":"https:\/\/visionpeninsular.com\/mid\/wp-json\/wp\/v2\/users\/5"}],"replies":[{"embeddable":true,"href":"https:\/\/visionpeninsular.com\/mid\/wp-json\/wp\/v2\/comments?post=110263"}],"version-history":[{"count":1,"href":"https:\/\/visionpeninsular.com\/mid\/wp-json\/wp\/v2\/posts\/110263\/revisions"}],"predecessor-version":[{"id":110270,"href":"https:\/\/visionpeninsular.com\/mid\/wp-json\/wp\/v2\/posts\/110263\/revisions\/110270"}],"wp:featuredmedia":[{"embeddable":true,"href":"https:\/\/visionpeninsular.com\/mid\/wp-json\/wp\/v2\/media\/110268"}],"wp:attachment":[{"href":"https:\/\/visionpeninsular.com\/mid\/wp-json\/wp\/v2\/media?parent=110263"}],"wp:term":[{"taxonomy":"category","embeddable":true,"href":"https:\/\/visionpeninsular.com\/mid\/wp-json\/wp\/v2\/categories?post=110263"},{"taxonomy":"post_tag","embeddable":true,"href":"https:\/\/visionpeninsular.com\/mid\/wp-json\/wp\/v2\/tags?post=110263"}],"curies":[{"name":"wp","href":"https:\/\/api.w.org\/{rel}","templated":true}]}}