{"id":110229,"date":"2019-12-05T11:55:51","date_gmt":"2019-12-05T17:55:51","guid":{"rendered":"http:\/\/visionpeninsular.com\/mid\/?p=110229"},"modified":"2019-12-05T11:55:55","modified_gmt":"2019-12-05T17:55:55","slug":"jovenes-con-discapacidad-exponen-productos-de-su-creacion","status":"publish","type":"post","link":"https:\/\/visionpeninsular.com\/mid\/jovenes-con-discapacidad-exponen-productos-de-su-creacion\/","title":{"rendered":"J\u00f3venes con discapacidad exponen productos de su creaci\u00f3n"},"content":{"rendered":"\n<p>A fin de crear espacios de inclusi\u00f3n, como lo marcan las\npol\u00edticas del Gobernador Mauricio Vila Dosal, la Secretar\u00eda de Educaci\u00f3n\n(Segey) mont\u00f3 en su edificio central una exposici\u00f3n con los productos que se\nelaboran en los talleres de capacitaci\u00f3n laboral en los Centros de Atenci\u00f3n\nM\u00faltiple (CAM).<\/p>\n\n\n\n<p>As\u00ed, las personas que acud\u00edan a la dependencia por alg\u00fan\ntr\u00e1mite o informaci\u00f3n apreciaron todo tipo de art\u00edculos que conformaron esta\nmuestra, donde hubo desde pi\u00f1atas, postres, manualidades de madera y materiales\nreciclables, hasta adornos de herrer\u00eda art\u00edstica, expuestos por 27 CAM.<\/p>\n\n\n\n<figure class=\"wp-block-image size-large\"><img loading=\"lazy\" width=\"768\" height=\"432\" src=\"http:\/\/visionpeninsular.com\/mid\/wp-content\/uploads\/2019\/12\/Discapacidad-768x432.jpg\" alt=\"\" class=\"wp-image-110235\" srcset=\"https:\/\/visionpeninsular.com\/mid\/wp-content\/uploads\/2019\/12\/Discapacidad-768x432.jpg 768w, https:\/\/visionpeninsular.com\/mid\/wp-content\/uploads\/2019\/12\/Discapacidad-768x432-300x169.jpg 300w\" sizes=\"(max-width: 768px) 100vw, 768px\" \/><\/figure>\n\n\n\n<p>Uno de los alumnos que integr\u00f3 esta primer Expo CAM fue\nIsmael Novelo Sanguino, del plantel Oriente vespertino, quien explic\u00f3 que en\n\u201cen el taller de reposter\u00eda aprendemos competencias para la vida diaria,\ntrabajamos midiendo, pesando cantidades, amasamos, horneamos y colaboramos con\nla econom\u00eda escolar y familiar, ese proceso me llena de satisfacci\u00f3n y he\naprendido a trabajar en equipo\u201d.<\/p>\n\n\n\n<p>Por su parte, la titular de la Segey, Loreto Villanueva\nTrujillo, recalc\u00f3 que, en el marco del D\u00eda Internacional de las Personas con\nDiscapacidad, efem\u00e9ride estipulada por la Organizaci\u00f3n de las Naciones Unidas\n(ONU), es importante coadyuvar a la independencia de este sector, visibilizando\nsus aportaciones en la sociedad.<\/p>\n\n\n\n<p>Ante representantes de la Secretar\u00eda de Fomento Econ\u00f3mico y\nTrabajo (Sefoet) y del Instituto para el Desarrollo de la Cultura Maya del\nEstado de Yucat\u00e1n (Indemaya), acot\u00f3 que la Segey busca afianzar alianzas con\ndichas instancias para impulsar la inclusi\u00f3n laboral de quienes acuden a estos\ntalleres de los CAM y as\u00ed, incrementar la solvencia de sus familias.<\/p>\n\n\n\n<p>\u201cDebemos eliminar barreras educativas, sociales y laborales\npara que las personas con discapacidad puedan tener una vida plena, ser\nautosuficientes y, sobre todo, felices. El Gobernador ha hecho suya esta causa\ny por eso son diferentes pol\u00edticas ejercidas\u201d, coment\u00f3.<\/p>\n\n\n\n<p>Sobre lo anterior, cit\u00f3 como ejemplo la creaci\u00f3n del\nInstituto para la Inclusi\u00f3n de las Personas con Discapacidad (Iipedey), que se\nencuentra sensibilizando a la ciudadan\u00eda, de manera que todas y todos \u201cestamos\nconstruyendo una cultura inclusiva\u201d.<\/p>\n\n\n\n<p>Durante su recorrido por los m\u00f3dulos de la Expo CAM,\nVillanueva Trujillo felicit\u00f3 a j\u00f3venes, docentes, madres y padres de familia\nque hacen una sinergia para conseguir logros personales y acad\u00e9micos de\nestudiantes de estos planteles, de los cuales existen en total 53, distribuidos\nen diversas partes de la entidad.<\/p>\n\n\n\n<p>A la par de este evento, se efectu\u00f3 dos conferencias\nmagistrales dirigidas a docentes en activo y en formaci\u00f3n, cuyos temas se enfocaron\na esclarecer dudas acerca de procesos comunicativos y educaci\u00f3n inclusiva.\nDichas pl\u00e1ticas estuvieron a cargo de las destacadas ponentes Emelia Hern\u00e1ndez\ny Leticia Cisneros.<\/p>\n\n\n\n<p>Adem\u00e1s de los 53 CAM, la Segey tambi\u00e9n brinda atenci\u00f3n a\nni\u00f1as, ni\u00f1os y j\u00f3venes con discapacidad a trav\u00e9s de 75 Unidades de Servicio de\nApoyo a la Educaci\u00f3n Regular (Usaer), dos aulas hospitalarias y tres Centros de\nRecursos de Integraci\u00f3n Educativa<\/p>\n<div class='share-to-whatsapp-wrapper'><div class='share-on-whsp'>Share on: <\/div><a data-text='J\u00f3venes con discapacidad exponen productos de su creaci\u00f3n' data-link='https:\/\/visionpeninsular.com\/mid\/jovenes-con-discapacidad-exponen-productos-de-su-creacion\/' class='whatsapp-button whatsapp-share'>WhatsApp<\/a><div class='clear '><\/div><\/div>","protected":false},"excerpt":{"rendered":"<p>A fin de crear espacios de inclusi\u00f3n, como lo marcan las pol\u00edticas del Gobernador Mauricio Vila Dosal, la Secretar\u00eda de Educaci\u00f3n (Segey) mont\u00f3 en su edificio central una exposici\u00f3n con los productos que se elaboran en los talleres de capacitaci\u00f3n laboral en los Centros de Atenci\u00f3n M\u00faltiple (CAM). As\u00ed, las personas que acud\u00edan a la &hellip;<\/p>\n","protected":false},"author":5,"featured_media":110234,"comment_status":"open","ping_status":"open","sticky":false,"template":"","format":"standard","meta":{"_mi_skip_tracking":false},"categories":[50,37],"tags":[18621,18620],"_links":{"self":[{"href":"https:\/\/visionpeninsular.com\/mid\/wp-json\/wp\/v2\/posts\/110229"}],"collection":[{"href":"https:\/\/visionpeninsular.com\/mid\/wp-json\/wp\/v2\/posts"}],"about":[{"href":"https:\/\/visionpeninsular.com\/mid\/wp-json\/wp\/v2\/types\/post"}],"author":[{"embeddable":true,"href":"https:\/\/visionpeninsular.com\/mid\/wp-json\/wp\/v2\/users\/5"}],"replies":[{"embeddable":true,"href":"https:\/\/visionpeninsular.com\/mid\/wp-json\/wp\/v2\/comments?post=110229"}],"version-history":[{"count":1,"href":"https:\/\/visionpeninsular.com\/mid\/wp-json\/wp\/v2\/posts\/110229\/revisions"}],"predecessor-version":[{"id":110236,"href":"https:\/\/visionpeninsular.com\/mid\/wp-json\/wp\/v2\/posts\/110229\/revisions\/110236"}],"wp:featuredmedia":[{"embeddable":true,"href":"https:\/\/visionpeninsular.com\/mid\/wp-json\/wp\/v2\/media\/110234"}],"wp:attachment":[{"href":"https:\/\/visionpeninsular.com\/mid\/wp-json\/wp\/v2\/media?parent=110229"}],"wp:term":[{"taxonomy":"category","embeddable":true,"href":"https:\/\/visionpeninsular.com\/mid\/wp-json\/wp\/v2\/categories?post=110229"},{"taxonomy":"post_tag","embeddable":true,"href":"https:\/\/visionpeninsular.com\/mid\/wp-json\/wp\/v2\/tags?post=110229"}],"curies":[{"name":"wp","href":"https:\/\/api.w.org\/{rel}","templated":true}]}}