{"id":110125,"date":"2019-12-04T11:31:25","date_gmt":"2019-12-04T17:31:25","guid":{"rendered":"http:\/\/visionpeninsular.com\/mid\/?p=110125"},"modified":"2019-12-04T11:31:32","modified_gmt":"2019-12-04T17:31:32","slug":"acusado-de-lesionar-a-navajazos-a-policia-en-valladolid","status":"publish","type":"post","link":"https:\/\/visionpeninsular.com\/mid\/acusado-de-lesionar-a-navajazos-a-policia-en-valladolid\/","title":{"rendered":"Acusado de lesionar a navajazos a polic\u00eda en Valladolid"},"content":{"rendered":"\n<p>La Fiscal\u00eda General del Estado (FGE) formul\u00f3 la imputaci\u00f3n a\nJ.M.D.A., por su presunta participaci\u00f3n en el delito de ataques peligrosos\ncontra servidor p\u00fablico, denunciado tras los hechos ocurridos el pasado 30 de\nnoviembre en el fraccionamiento Girasoles de Valladolid.<\/p>\n\n\n\n<p>Durante la audiencia celebrada en el Juzgado Primero de\nControl del Quinto Distrito Judicial se decret\u00f3 de legal la detenci\u00f3n y los\nfiscales adscritos, tras formular la imputaci\u00f3n del delito, presentaron los\ndatos de prueba para solicitar la vinculaci\u00f3n a proceso del imputado, quien se\nacogi\u00f3 a la ampliaci\u00f3n del t\u00e9rmino constitucional para definir su situaci\u00f3n\njur\u00eddica, por lo que la autoridad judicial estableci\u00f3 que la audiencia contin\u00fae\neste cuatro de diciembre.<\/p>\n\n\n\n<p>Conforme a la informaci\u00f3n reunida en la causa penal 91\/2019,\nlos hechos ocurrieron en la calle 33-A por 8 B, del citado fraccionamiento,\ndonde el imputado, presuntamente haciendo uso de una navaja, lanz\u00f3 un par de\ntajos contra un elemento de la Secretar\u00eda de Seguridad P\u00fablica, por lo que fue\ndetenido y turnado a esta representaci\u00f3n social para la integraci\u00f3n de la\ncarpeta de investigaci\u00f3n correspondiente.<\/p>\n\n\n\n<p>Finalmente, los fiscales adscritos a la demarcaci\u00f3n,\npresentaron los argumentos para solicitar la medida cautelar de prisi\u00f3n\npreventiva, misma que fue concedida de manera oficiosa por todo el tiempo que\ndure el proceso, por lo que J.M.D.A. permanecer\u00e1 privado de su libertad hasta\nque se defina su situaci\u00f3n legal.<\/p>\n\n\n\n<p>Bolet\u00edn de prensa<\/p>\n<div class='share-to-whatsapp-wrapper'><div class='share-on-whsp'>Share on: <\/div><a data-text='Acusado de lesionar a navajazos a polic\u00eda en Valladolid' data-link='https:\/\/visionpeninsular.com\/mid\/acusado-de-lesionar-a-navajazos-a-policia-en-valladolid\/' class='whatsapp-button whatsapp-share'>WhatsApp<\/a><div class='clear '><\/div><\/div>","protected":false},"excerpt":{"rendered":"<p>La Fiscal\u00eda General del Estado (FGE) formul\u00f3 la imputaci\u00f3n a J.M.D.A., por su presunta participaci\u00f3n en el delito de ataques peligrosos contra servidor p\u00fablico, denunciado tras los hechos ocurridos el pasado 30 de noviembre en el fraccionamiento Girasoles de Valladolid. Durante la audiencia celebrada en el Juzgado Primero de Control del Quinto Distrito Judicial se &hellip;<\/p>\n","protected":false},"author":5,"featured_media":110130,"comment_status":"open","ping_status":"open","sticky":false,"template":"","format":"standard","meta":{"_mi_skip_tracking":false},"categories":[50,37],"tags":[18609],"_links":{"self":[{"href":"https:\/\/visionpeninsular.com\/mid\/wp-json\/wp\/v2\/posts\/110125"}],"collection":[{"href":"https:\/\/visionpeninsular.com\/mid\/wp-json\/wp\/v2\/posts"}],"about":[{"href":"https:\/\/visionpeninsular.com\/mid\/wp-json\/wp\/v2\/types\/post"}],"author":[{"embeddable":true,"href":"https:\/\/visionpeninsular.com\/mid\/wp-json\/wp\/v2\/users\/5"}],"replies":[{"embeddable":true,"href":"https:\/\/visionpeninsular.com\/mid\/wp-json\/wp\/v2\/comments?post=110125"}],"version-history":[{"count":1,"href":"https:\/\/visionpeninsular.com\/mid\/wp-json\/wp\/v2\/posts\/110125\/revisions"}],"predecessor-version":[{"id":110131,"href":"https:\/\/visionpeninsular.com\/mid\/wp-json\/wp\/v2\/posts\/110125\/revisions\/110131"}],"wp:featuredmedia":[{"embeddable":true,"href":"https:\/\/visionpeninsular.com\/mid\/wp-json\/wp\/v2\/media\/110130"}],"wp:attachment":[{"href":"https:\/\/visionpeninsular.com\/mid\/wp-json\/wp\/v2\/media?parent=110125"}],"wp:term":[{"taxonomy":"category","embeddable":true,"href":"https:\/\/visionpeninsular.com\/mid\/wp-json\/wp\/v2\/categories?post=110125"},{"taxonomy":"post_tag","embeddable":true,"href":"https:\/\/visionpeninsular.com\/mid\/wp-json\/wp\/v2\/tags?post=110125"}],"curies":[{"name":"wp","href":"https:\/\/api.w.org\/{rel}","templated":true}]}}