{"id":110024,"date":"2019-12-03T12:31:26","date_gmt":"2019-12-03T18:31:26","guid":{"rendered":"http:\/\/visionpeninsular.com\/mid\/?p=110024"},"modified":"2019-12-03T12:31:33","modified_gmt":"2019-12-03T18:31:33","slug":"arrestan-al-padre-de-la-menor-a-la-que-le-quemaron-los-pies-en-valladolid","status":"publish","type":"post","link":"https:\/\/visionpeninsular.com\/mid\/arrestan-al-padre-de-la-menor-a-la-que-le-quemaron-los-pies-en-valladolid\/","title":{"rendered":"Arrestan al padre de la menor a la que le quemaron los pies en Valladolid"},"content":{"rendered":"\n<p><em>El hombre fue detenido\npor agredir a polic\u00edas que intentaron interrogarlo por la agresi\u00f3n contra su\nhija<\/em><\/p>\n\n\n\n<p>El chiapaneco Juan Manuel D. M., padre de la ni\u00f1a a quien le\nquemaron &nbsp;los pies como castigo por salir\na jugar, fue detenido tras intentar atacar a polic\u00edas que acudieron a\nentrevistarlo acerca de los hechos ocurridos en Valladolid.<\/p>\n\n\n\n<p>Seg\u00fan informaci\u00f3n de los vecinos de la familia, &nbsp;la tarde del pasado s\u00e1bado Juan Manuel regres\u00f3\na su casa y poco tiempo despu\u00e9s arribaron elementos de la Polic\u00eda Estatal de\nInvestigaci\u00f3n y la Fiscal\u00eda General del Estado, quienes intentaron una interrogaci\u00f3n\nal hombre, y nadie respond\u00eda ni sal\u00eda de la casa, ubicada en el fraccionamiento\nLos Girasoles, no obstante que el sujeto se encontraba en el domicilio.<\/p>\n\n\n\n<p>Los agentes procedieron a rodear la cuadra, al no poder\nentrar al domicilio por carecer de una orden de cateo,&nbsp; lo que &nbsp;fue aprovechado por el sujeto quien sali\u00f3 a la\ncalle apenas anocheci\u00f3 para intentar huir del lugar;&nbsp; sin embargo, no hab\u00eda avanzado mucho &nbsp;cuando fue rodeado por los agentes, a\nquienes&nbsp; intent\u00f3 atacar con un arma\nblanca, logrando su detenci\u00f3n para ponerlo a disposici\u00f3n del &nbsp;juez de control de Valladolid, Jos\u00e9 Enrique\nS\u00e1enz Dzul, por ataque a servidores p\u00fablicos.<\/p>\n\n\n\n<p>Asimismo, se integr\u00f3 debidamente la carpeta de investigaci\u00f3n\nque se sigue en su contra por el delito de violencia dom\u00e9stica y maltrato\ninfantil.<\/p>\n\n\n\n<p>La mam\u00e1 de la ni\u00f1a, de nombre Brenda Maril\u00fa,&nbsp; cuenta con &nbsp;seis meses de embarazo por lo que no se ha\npodido actuar en su contra conforme a la ley; el pasado s\u00e1bado &nbsp;compareci\u00f3 ante la Fiscal\u00eda para que rendir su\ndeclaraci\u00f3n en torno a este asunto.<\/p>\n\n\n\n<p>Debido a la situaci\u00f3n de violencia extrema sufrida por los menores,  la Procuradur\u00eda de la Defensa del Menor y la Familia (Prodemefa) retir\u00f3 a los seis hijos del matrimonio y los intern\u00f3 en el Caimede. <\/p>\n<div class='share-to-whatsapp-wrapper'><div class='share-on-whsp'>Share on: <\/div><a data-text='Arrestan al padre de la menor a la que le quemaron los pies en Valladolid' data-link='https:\/\/visionpeninsular.com\/mid\/arrestan-al-padre-de-la-menor-a-la-que-le-quemaron-los-pies-en-valladolid\/' class='whatsapp-button whatsapp-share'>WhatsApp<\/a><div class='clear '><\/div><\/div>","protected":false},"excerpt":{"rendered":"<p>El hombre fue detenido por agredir a polic\u00edas que intentaron interrogarlo por la agresi\u00f3n contra su hija El chiapaneco Juan Manuel D. M., padre de la ni\u00f1a a quien le quemaron &nbsp;los pies como castigo por salir a jugar, fue detenido tras intentar atacar a polic\u00edas que acudieron a entrevistarlo acerca de los hechos ocurridos &hellip;<\/p>\n","protected":false},"author":5,"featured_media":109802,"comment_status":"open","ping_status":"open","sticky":false,"template":"","format":"standard","meta":{"_mi_skip_tracking":false},"categories":[50,37],"tags":[18600],"_links":{"self":[{"href":"https:\/\/visionpeninsular.com\/mid\/wp-json\/wp\/v2\/posts\/110024"}],"collection":[{"href":"https:\/\/visionpeninsular.com\/mid\/wp-json\/wp\/v2\/posts"}],"about":[{"href":"https:\/\/visionpeninsular.com\/mid\/wp-json\/wp\/v2\/types\/post"}],"author":[{"embeddable":true,"href":"https:\/\/visionpeninsular.com\/mid\/wp-json\/wp\/v2\/users\/5"}],"replies":[{"embeddable":true,"href":"https:\/\/visionpeninsular.com\/mid\/wp-json\/wp\/v2\/comments?post=110024"}],"version-history":[{"count":1,"href":"https:\/\/visionpeninsular.com\/mid\/wp-json\/wp\/v2\/posts\/110024\/revisions"}],"predecessor-version":[{"id":110029,"href":"https:\/\/visionpeninsular.com\/mid\/wp-json\/wp\/v2\/posts\/110024\/revisions\/110029"}],"wp:featuredmedia":[{"embeddable":true,"href":"https:\/\/visionpeninsular.com\/mid\/wp-json\/wp\/v2\/media\/109802"}],"wp:attachment":[{"href":"https:\/\/visionpeninsular.com\/mid\/wp-json\/wp\/v2\/media?parent=110024"}],"wp:term":[{"taxonomy":"category","embeddable":true,"href":"https:\/\/visionpeninsular.com\/mid\/wp-json\/wp\/v2\/categories?post=110024"},{"taxonomy":"post_tag","embeddable":true,"href":"https:\/\/visionpeninsular.com\/mid\/wp-json\/wp\/v2\/tags?post=110024"}],"curies":[{"name":"wp","href":"https:\/\/api.w.org\/{rel}","templated":true}]}}