{"id":109882,"date":"2019-12-02T10:30:41","date_gmt":"2019-12-02T16:30:41","guid":{"rendered":"http:\/\/visionpeninsular.com\/mid\/?p=109882"},"modified":"2019-12-02T10:30:54","modified_gmt":"2019-12-02T16:30:54","slug":"merida-ciudad-que-estrecha-lazos-con-distintas-comunidades","status":"publish","type":"post","link":"https:\/\/visionpeninsular.com\/mid\/merida-ciudad-que-estrecha-lazos-con-distintas-comunidades\/","title":{"rendered":"M\u00e9rida, ciudad que estrecha lazos con distintas comunidades"},"content":{"rendered":"\n<p><em>Asiste Ren\u00e1n Barrera a\nla celebraci\u00f3n del aniversario 76 de la Independencia de L\u00edbano<\/em><\/p>\n\n\n\n<p>Al asistir a la conmemoraci\u00f3n del evento \u201cCelebremos\nL\u00edbano\u201d, el alcalde Ren\u00e1n Barrera Concha, destac\u00f3 que M\u00e9rida se fortalece con\nlas distintas comunidades que desean contribuir a su crecimiento y dinamismo.<\/p>\n\n\n\n<p>Durante el evento, al que asisti\u00f3 el gobernador Mauricio\nVila Dosal y el embajador de la Rep\u00fablica Libanesa en M\u00e9xico, Smi Nmeir, el\nConcejal subray\u00f3 que desde su primera administraci\u00f3n al frente de M\u00e9rida, ha\npriorizado puentes de di\u00e1logo, realizando pol\u00edticas de entendimiento y\ncooperaci\u00f3n, relaciones culturales y de buena voluntad con distintas\ncomunidades extranjeras y del propio pa\u00eds, para vivir unidos en una sola\nidentidad.<\/p>\n\n\n\n<p>En su mensaje enfatiz\u00f3 que, a propuesta del Ayuntamiento, se\npropuso impulsar un di\u00e1logo social a trav\u00e9s de pol\u00edticas p\u00fablicas de una manera\ntransversal, que promueva la integraci\u00f3n de los grupos de meridanos que radican\nen el extranjero y de los ciudadanos extranjeros y nacionales que llegan a\nvivir a M\u00e9rida.<\/p>\n\n\n\n<figure class=\"wp-block-image size-large\"><img loading=\"lazy\" width=\"488\" height=\"440\" src=\"http:\/\/visionpeninsular.com\/mid\/wp-content\/uploads\/2019\/12\/l\u00edbano-portada-1.png\" alt=\"\" class=\"wp-image-109889\" srcset=\"https:\/\/visionpeninsular.com\/mid\/wp-content\/uploads\/2019\/12\/l\u00edbano-portada-1.png 488w, https:\/\/visionpeninsular.com\/mid\/wp-content\/uploads\/2019\/12\/l\u00edbano-portada-1-300x270.png 300w\" sizes=\"(max-width: 488px) 100vw, 488px\" \/><\/figure>\n\n\n\n<p>\u2014M\u00e9rida es generosa y sabe abrigar y recompensar a quienes\nse entregan por ella\u2014continu\u00f3. Permanece de brazos abiertos para nuestra\napreciada comunidad libanesa que ha sido parte fundamental de su desarrollo,\ndinamizando la econom\u00eda local creando empresas, comercios, fuentes de empleo y participando\nampliamente en acciones altruistas.<\/p>\n\n\n\n<p>Ante la presencia de funcionarios de los tres \u00f3rdenes de\ngobierno, empresarios y comunidad libanesa, Barrera Concha refiri\u00f3 que M\u00e9rida\nha sido un crisol de culturas como la espa\u00f1ola, coreana, china y por supuesto\nla libanesa que, en el transcurso de la historia, han aportado su invaluable\nbagaje cultural, social y econ\u00f3mico y gastron\u00f3mico, para dar como resultado una\nM\u00e9rida fuerte, din\u00e1mica y reconocida, por el valioso tejido social que\ndiariamente construimos.<\/p>\n\n\n\n<figure class=\"wp-block-image size-large\"><img loading=\"lazy\" width=\"688\" height=\"464\" src=\"http:\/\/visionpeninsular.com\/mid\/wp-content\/uploads\/2019\/12\/l\u00edbano-1.png\" alt=\"\" class=\"wp-image-109890\" srcset=\"https:\/\/visionpeninsular.com\/mid\/wp-content\/uploads\/2019\/12\/l\u00edbano-1.png 688w, https:\/\/visionpeninsular.com\/mid\/wp-content\/uploads\/2019\/12\/l\u00edbano-1-300x202.png 300w, https:\/\/visionpeninsular.com\/mid\/wp-content\/uploads\/2019\/12\/l\u00edbano-1-110x75.png 110w\" sizes=\"(max-width: 688px) 100vw, 688px\" \/><\/figure>\n\n\n\n<p>En ese sentido, indic\u00f3 que, gracias a esa mezcla de culturas\nM\u00e9rida ingres\u00f3 a la red de 246 Ciudades Creativas de la Unesco en el mundo, al\nsituar a la cultura gastron\u00f3mica como una parte de su estrategia de desarrollo.<\/p>\n\n\n\n<p>\u2014Todas estas culturas han sido parte fundamental del\ndesarrollo de la ciudad, dinamizando la econom\u00eda local, creando empresas,\ncomercios, fuentes de empleo y participando ampliamente en procesos ciudadanos\nen la toma de decisi\u00f3n de sus autoridades municipales\u2014exterioriz\u00f3.<\/p>\n\n\n\n<p>Rememor\u00f3 que a modo de reconocer la labor y aportaci\u00f3n al\ndesarrollo econ\u00f3mico y social que la comunidad libanesa ha tenido con la\ncapital yucateca, el 25 septiembre de 2013 se inaugur\u00f3 la &#8220;Avenida\nL\u00edbano&#8221; en una de las principales arterias de la ciudad.<\/p>\n\n\n\n<p>Durante la celebraci\u00f3n se llev\u00f3 a cabo la entrega de\nconstancias de nacionalidad libanesa y la entrega del Premio Cedros 2019.<\/p>\n\n\n\n<p>Al evento asistieron Sergio As\u00eds Abraham Rodr\u00edguez,\npresidente del Club Libanes de M\u00e9rida A.C.; Carlos Miguel Aysa Gonz\u00e1lez,\ngobernador Sustituto del Estado de Campeche; Ricardo D\u00e1jer Nahum, c\u00f3nsul\nhonorario del L\u00edbano en Yucat\u00e1n; Mar\u00eda Fritz Sierra, secretaria general de\nGobierno; Felipe Cervera Hern\u00e1ndez, presidente de la Junta de Gobierno y\nCoordinaci\u00f3n Pol\u00edtica del H. Congreso del Estado; Jos\u00e9 Antonio Chapur Zahoul,\npresidente del Club Deportivo Liban\u00e9s Mexicano, S.A. de C.V.; Alberto Abraham\nXacur, presidente de la C\u00e1mara Nacional de la Industria de Transformaci\u00f3n\nCANACINTRA; Michel Salum Francis, presidente de la C\u00e1mara Nacional de Comercio,\nServicios y Turismo de M\u00e9rida y Mons. Gustavo Rodr\u00edguez Vega, Arzobispo de\nYucat\u00e1n.<\/p>\n<div class='share-to-whatsapp-wrapper'><div class='share-on-whsp'>Share on: <\/div><a data-text='M\u00e9rida, ciudad que estrecha lazos con distintas comunidades' data-link='https:\/\/visionpeninsular.com\/mid\/merida-ciudad-que-estrecha-lazos-con-distintas-comunidades\/' class='whatsapp-button whatsapp-share'>WhatsApp<\/a><div class='clear '><\/div><\/div>","protected":false},"excerpt":{"rendered":"<p>Asiste Ren\u00e1n Barrera a la celebraci\u00f3n del aniversario 76 de la Independencia de L\u00edbano Al asistir a la conmemoraci\u00f3n del evento \u201cCelebremos L\u00edbano\u201d, el alcalde Ren\u00e1n Barrera Concha, destac\u00f3 que M\u00e9rida se fortalece con las distintas comunidades que desean contribuir a su crecimiento y dinamismo. Durante el evento, al que asisti\u00f3 el gobernador Mauricio Vila &hellip;<\/p>\n","protected":false},"author":5,"featured_media":109888,"comment_status":"open","ping_status":"open","sticky":false,"template":"","format":"standard","meta":{"_mi_skip_tracking":false},"categories":[50,37],"tags":[18579,18578,5338],"_links":{"self":[{"href":"https:\/\/visionpeninsular.com\/mid\/wp-json\/wp\/v2\/posts\/109882"}],"collection":[{"href":"https:\/\/visionpeninsular.com\/mid\/wp-json\/wp\/v2\/posts"}],"about":[{"href":"https:\/\/visionpeninsular.com\/mid\/wp-json\/wp\/v2\/types\/post"}],"author":[{"embeddable":true,"href":"https:\/\/visionpeninsular.com\/mid\/wp-json\/wp\/v2\/users\/5"}],"replies":[{"embeddable":true,"href":"https:\/\/visionpeninsular.com\/mid\/wp-json\/wp\/v2\/comments?post=109882"}],"version-history":[{"count":1,"href":"https:\/\/visionpeninsular.com\/mid\/wp-json\/wp\/v2\/posts\/109882\/revisions"}],"predecessor-version":[{"id":109891,"href":"https:\/\/visionpeninsular.com\/mid\/wp-json\/wp\/v2\/posts\/109882\/revisions\/109891"}],"wp:featuredmedia":[{"embeddable":true,"href":"https:\/\/visionpeninsular.com\/mid\/wp-json\/wp\/v2\/media\/109888"}],"wp:attachment":[{"href":"https:\/\/visionpeninsular.com\/mid\/wp-json\/wp\/v2\/media?parent=109882"}],"wp:term":[{"taxonomy":"category","embeddable":true,"href":"https:\/\/visionpeninsular.com\/mid\/wp-json\/wp\/v2\/categories?post=109882"},{"taxonomy":"post_tag","embeddable":true,"href":"https:\/\/visionpeninsular.com\/mid\/wp-json\/wp\/v2\/tags?post=109882"}],"curies":[{"name":"wp","href":"https:\/\/api.w.org\/{rel}","templated":true}]}}