{"id":10935,"date":"2016-08-29T06:42:50","date_gmt":"2016-08-29T11:42:50","guid":{"rendered":"http:\/\/visionpeninsular.com\/mid\/?p=10935"},"modified":"2016-08-29T06:43:00","modified_gmt":"2016-08-29T11:43:00","slug":"mas-de-35-mil-arboles-plantados-en-merida","status":"publish","type":"post","link":"https:\/\/visionpeninsular.com\/mid\/mas-de-35-mil-arboles-plantados-en-merida\/","title":{"rendered":"M\u00e1s de 35 mil \u00e1rboles plantados en M\u00e9rida &#8211; Avance del 50% en Plan Municipal de Infraestructura Verde"},"content":{"rendered":"<p>Para dar cumplimiento el eje de sustentabilidad, una de las pol\u00edticas centrales de la actual administraci\u00f3n municipal que encabeza el alcalde, Mauricio Vila Dosal,  en abril pasado, en el parque Ecol\u00f3gico del Poniente, el presidente municipal puso en marcha el Plan Municipal de infraestructura Verde, cuyos resultados ya son visibles y palpables para beneficio de los meridanos.<\/p>\n<p>Se trata de una estrategia integral para fomentar una cultura forestal urbana que aumente la calidad de vida y permita una armon\u00eda con el medio ambiente de la ciudad.<\/p>\n<p>En la presentaci\u00f3n del Plan, Vila Dosal inform\u00f3 que este incluye la siembra de 60,000 \u00e1rboles, la generaci\u00f3n de mayores \u00e1reas verdes en M\u00e9rida,  y el fomento de una nueva cultura del espacio p\u00fablico que mejore la calidad de vida de la gente.<\/p>\n<p>En este primer a\u00f1o ya se logr\u00f3 un importante avance ya se lograron plantar unos 35,000 \u00e1rboles, m\u00e1s de la mitad de la meta planteada.<\/p>\n<p>Cabe recordar que en la presentaci\u00f3n del Plan, el Dr. Roger Orellana Lanza, reconocido acad\u00e9mico en arbolado y cambio clim\u00e1tico, recalc\u00f3 que aqu\u00e9l es muy importante, es in\u00e9dito, ya que no hay experiencia de este tipo en M\u00e9xico, ni en el mundo.<\/p>\n<p>-El anhelo final es que M\u00e9rida pueda ser como una selva, en donde puedas caminar con sombras importantes no solo de \u00e1rboles sino tambi\u00e9n de infraestructura especial para mitigar el calor \u2013expres\u00f3.<\/p>\n<p>Reiter\u00f3 que lo in\u00e9dito de este trabajo municipal es lograr la participaci\u00f3n de organizaciones y dependencias como el Catastro Municipal, lo que es altamente satisfactorio desde el punto de vista de contar con capas de an\u00e1lisis.<\/p>\n<p>En junio pasado, durante la Tercera Jornada de Reforestaci\u00f3n realizada en el Fracc. Las Am\u00e9ricas, el presidente de la fundaci\u00f3n &#8220;Arbor Day&#8221;, Daniel Lambe, reconoci\u00f3 el compromiso de las autoridades municipales y de la sociedad meridana para hacer una realidad el Plan de Infraestructura Verde para M\u00e9rida, que, a\u00f1adi\u00f3, se trata de un ejercicio innovador, creativo y perdurar\u00e1 por a\u00f1os.<br \/>\nLa organizaci\u00f3n no lucrativa fue fundada en 1972 y es considerada la m\u00e1s grande del planeta dedicada a plantar \u00e1rboles, con m\u00e1s de un mill\u00f3n de miembros y socios alrededor del mundo.<br \/>\nDesde un inicio del Plan se indic\u00f3 que con los 6 m2 de \u00e1rboles por habitante,  M\u00e9rida est\u00e1 por encima de la media de cobertura forestal en Latinoam\u00e9rica, que es de 3.5 m2, pero por debajo de lo que recomienda la Organizaci\u00f3n Mundial de la Salud, que es de 9 m2., de manera que con este plan se busca ampliar de 6 a 7 m2 de \u00e1rea verde por habitante.<\/p>\n<p>Desde que se puso en marcha a la fecha Se han logrado la participaci\u00f3n de m\u00e1s de 25,000 meridanos y de 44 empresas, as\u00ed instituciones y organizaciones que se sumaron al Plan de Infraestructura Verde que tambi\u00e9n contempla el programa \u201cAdopta un \u00c1rbol\u201d.<\/p>\n<p>Jornadas de reforestaci\u00f3n<\/p>\n<p>A principios de junio, el alcalde dio inicio a la Tercera Jornada Forestal en la cual se logr\u00f3 plantar m\u00e1s de 10,000 \u00e1rboles en solo quince d\u00edas, trabajos a los que se sumaron 1,400 voluntarios. Algunas de las especies que se sembraron fueron ciricote, balch\u00e9, macul\u00eds amarillo, cedros y piches. <\/p>\n<p>Estos trabajos de reforestaci\u00f3n se realizaron en parques de los fraccionamientos Pacabt\u00fan, Fidel Vel\u00e1zquez; en los parques de Juan Pablo II y en el Recreativo del Oriente, ubicado en el Fracc. Del Parque, entre otros. Cabe mencionar que las dos primeras jornadas se realizaron en junio de 2015.<\/p>\n<p>Programa de arborizaci\u00f3n en escuelas preescolares y primarias<\/p>\n<p>El Ayuntamiento, en coordinaci\u00f3n con la Secretar\u00eda de Educaci\u00f3n del Estado, puso en marcha el Programa de Arborizaci\u00f3n en Escuelas Preescolares y Primarias a fin de generar conciencia en los alumnos en el tema del cuidado del medio ambiente y la reforestaci\u00f3n. Se busca que al cierre de la administraci\u00f3n se planten m\u00e1s de 8,000 \u00e1rboles en los 1,200 planteles educativos.<\/p>\n<p>Adicionalmente se ofrece cursos sobre el tema a los alumnos, maestros y padres de familia sobre el cuidado y los beneficios de los \u00e1rboles.<\/p>\n<p>En la primera etapa del programa, antes de que finalice el ciclo escolar el 18 de julio, se visitaron nueve escuelas, se plantaron 91 \u00e1rboles y se ofrecieron pl\u00e1ticas a 1,350 ni\u00f1os. El programa continuar\u00e1 en el per\u00edodo escolar 2016-207.<\/p>\n<p>Reglamento de arbolado urbano<\/p>\n<p>El 6 de junio pasado, el Cabildo aprob\u00f3 por unanimidad la propuesta del alcalde para expedir el Reglamento para la Protecci\u00f3n y conservaci\u00f3n del Arbolado Urbano en el cual se establecen los lineamientos para garantizar el manejo adecuado del arbolado municipal, considerando la regulaci\u00f3n de actividades como reforestaci\u00f3n, trasplante, conservaci\u00f3n, poda y derribo de \u00e1rboles en \u00e1reas urbanas.<\/p>\n<p>Programa de reciclaje<\/p>\n<p>Vila Dosal puso en marcha, en mayo pasado, el Programa de Reciclaje en las oficinas municipales a fin de reducir el consumo de papel y promover la reutilizaci\u00f3n del mismo.  Este programa se suma a las acciones de cultura sustentable. A cada \u00e1rea del Ayuntamiento se entreg\u00f3 dos tipos contenedores: uno para material no reutilizable y otro para papel que se pueda reutilizar.<\/p>\n<p>Inventario <\/p>\n<p>De acuerdo con informaci\u00f3n proporcionada por Sayda Rodr\u00edguez, en julio pasado se inici\u00f3 un inventario del arbolado de la ciudad, a fin de tener un registro del n\u00famero de \u00e1rboles, especie y edad. Hasta el momento han sido 30 los parques visitados y 1,300 los \u00e1rboles inventariados. <\/p>\n<div class='share-to-whatsapp-wrapper'><div class='share-on-whsp'>Share on: <\/div><a data-text='M\u00e1s de 35 mil \u00e1rboles plantados en M\u00e9rida - Avance del 50% en Plan Municipal de Infraestructura Verde' data-link='https:\/\/visionpeninsular.com\/mid\/mas-de-35-mil-arboles-plantados-en-merida\/' class='whatsapp-button whatsapp-share'>WhatsApp<\/a><div class='clear '><\/div><\/div>","protected":false},"excerpt":{"rendered":"<p>Para dar cumplimiento el eje de sustentabilidad, una de las pol\u00edticas centrales de la actual administraci\u00f3n municipal que encabeza el alcalde, Mauricio Vila Dosal, en abril pasado, en el parque Ecol\u00f3gico del Poniente, el presidente municipal puso en marcha el Plan Municipal de infraestructura Verde, cuyos resultados ya son visibles y palpables para beneficio de &hellip;<\/p>\n","protected":false},"author":1,"featured_media":10936,"comment_status":"open","ping_status":"open","sticky":false,"template":"","format":"standard","meta":{"_mi_skip_tracking":false},"categories":[49],"tags":[41,40],"_links":{"self":[{"href":"https:\/\/visionpeninsular.com\/mid\/wp-json\/wp\/v2\/posts\/10935"}],"collection":[{"href":"https:\/\/visionpeninsular.com\/mid\/wp-json\/wp\/v2\/posts"}],"about":[{"href":"https:\/\/visionpeninsular.com\/mid\/wp-json\/wp\/v2\/types\/post"}],"author":[{"embeddable":true,"href":"https:\/\/visionpeninsular.com\/mid\/wp-json\/wp\/v2\/users\/1"}],"replies":[{"embeddable":true,"href":"https:\/\/visionpeninsular.com\/mid\/wp-json\/wp\/v2\/comments?post=10935"}],"version-history":[{"count":2,"href":"https:\/\/visionpeninsular.com\/mid\/wp-json\/wp\/v2\/posts\/10935\/revisions"}],"predecessor-version":[{"id":10938,"href":"https:\/\/visionpeninsular.com\/mid\/wp-json\/wp\/v2\/posts\/10935\/revisions\/10938"}],"wp:featuredmedia":[{"embeddable":true,"href":"https:\/\/visionpeninsular.com\/mid\/wp-json\/wp\/v2\/media\/10936"}],"wp:attachment":[{"href":"https:\/\/visionpeninsular.com\/mid\/wp-json\/wp\/v2\/media?parent=10935"}],"wp:term":[{"taxonomy":"category","embeddable":true,"href":"https:\/\/visionpeninsular.com\/mid\/wp-json\/wp\/v2\/categories?post=10935"},{"taxonomy":"post_tag","embeddable":true,"href":"https:\/\/visionpeninsular.com\/mid\/wp-json\/wp\/v2\/tags?post=10935"}],"curies":[{"name":"wp","href":"https:\/\/api.w.org\/{rel}","templated":true}]}}