{"id":109185,"date":"2019-11-26T10:54:40","date_gmt":"2019-11-26T16:54:40","guid":{"rendered":"http:\/\/visionpeninsular.com\/mid\/?p=109185"},"modified":"2019-11-26T10:54:52","modified_gmt":"2019-11-26T16:54:52","slug":"una-marcha-y-dos-versiones","status":"publish","type":"post","link":"https:\/\/visionpeninsular.com\/mid\/una-marcha-y-dos-versiones\/","title":{"rendered":"UNA MARCHA Y DOS VERSIONES"},"content":{"rendered":"\n<p>Hay dos versiones sobre la detenci\u00f3n de unas j\u00f3venes mujeres\nen la Manifestaci\u00f3n que convoc\u00f3 un grupo que ten\u00eda&nbsp; como punto de reuni\u00f3n el \u201cRemate de Montejo\u201d,\nfijando como meta el Palacio de Gobierno.<\/p>\n\n\n\n<p>En una de las versiones citan que, apenas comenzando la\nmarcha, en el Parque de Santa Ana \u201csin motivo aparente fueron detenidas cinco\nj\u00f3venes \u201c, ante las protestas de otras j\u00f3venes que filmaban las escenas; pero\ntambi\u00e9n se comentaba que destacaban unas j\u00f3venes con pa\u00f1oletas cubriendo su rostro,\ncosa NO com\u00fan en Yucat\u00e1n.<\/p>\n\n\n\n<figure class=\"wp-block-image size-large\"><img loading=\"lazy\" width=\"560\" height=\"416\" src=\"http:\/\/visionpeninsular.com\/mid\/wp-content\/uploads\/2019\/11\/orden-cuidado.jpg\" alt=\"\" class=\"wp-image-109191\" srcset=\"https:\/\/visionpeninsular.com\/mid\/wp-content\/uploads\/2019\/11\/orden-cuidado.jpg 560w, https:\/\/visionpeninsular.com\/mid\/wp-content\/uploads\/2019\/11\/orden-cuidado-300x223.jpg 300w\" sizes=\"(max-width: 560px) 100vw, 560px\" \/><\/figure>\n\n\n\n<p>En la otra versi\u00f3n,&nbsp;\nse dice que en el Derrotero de una marcha feminista, pasando por el&nbsp; Parque de Santa Ana, unas 6 j\u00f3venes, con el\nRostro cubierto y pa\u00f1oletas verdes portaban palos, objetos punzantes&nbsp; y latas de pintura en spray y que luego se\nsupo que 5 NO son Yucatecas y una si; adem\u00e1s de que una era menor de edad,\nmismas que luego de unas horas, fueron puestas en libertad.<\/p>\n\n\n\n<p>Recordemos que hace unos meses, J\u00f3venes con pa\u00f1oletas\nverdes, vandalizaron el Monumento a la Madre, lo que levant\u00f3 el repudio social <\/p>\n\n\n\n<p>\u00bfCU\u00c1L SER\u00c1 LA VERDAD?? &nbsp;\u00bfO AMBAS LO SON??<\/p>\n<div class='share-to-whatsapp-wrapper'><div class='share-on-whsp'>Share on: <\/div><a data-text='UNA MARCHA Y DOS VERSIONES' data-link='https:\/\/visionpeninsular.com\/mid\/una-marcha-y-dos-versiones\/' class='whatsapp-button whatsapp-share'>WhatsApp<\/a><div class='clear '><\/div><\/div>","protected":false},"excerpt":{"rendered":"<p>Hay dos versiones sobre la detenci\u00f3n de unas j\u00f3venes mujeres en la Manifestaci\u00f3n que convoc\u00f3 un grupo que ten\u00eda&nbsp; como punto de reuni\u00f3n el \u201cRemate de Montejo\u201d, fijando como meta el Palacio de Gobierno. En una de las versiones citan que, apenas comenzando la marcha, en el Parque de Santa Ana \u201csin motivo aparente fueron &hellip;<\/p>\n","protected":false},"author":5,"featured_media":109190,"comment_status":"open","ping_status":"open","sticky":false,"template":"","format":"standard","meta":{"_mi_skip_tracking":false},"categories":[50,37],"tags":[18508,18509],"_links":{"self":[{"href":"https:\/\/visionpeninsular.com\/mid\/wp-json\/wp\/v2\/posts\/109185"}],"collection":[{"href":"https:\/\/visionpeninsular.com\/mid\/wp-json\/wp\/v2\/posts"}],"about":[{"href":"https:\/\/visionpeninsular.com\/mid\/wp-json\/wp\/v2\/types\/post"}],"author":[{"embeddable":true,"href":"https:\/\/visionpeninsular.com\/mid\/wp-json\/wp\/v2\/users\/5"}],"replies":[{"embeddable":true,"href":"https:\/\/visionpeninsular.com\/mid\/wp-json\/wp\/v2\/comments?post=109185"}],"version-history":[{"count":1,"href":"https:\/\/visionpeninsular.com\/mid\/wp-json\/wp\/v2\/posts\/109185\/revisions"}],"predecessor-version":[{"id":109192,"href":"https:\/\/visionpeninsular.com\/mid\/wp-json\/wp\/v2\/posts\/109185\/revisions\/109192"}],"wp:featuredmedia":[{"embeddable":true,"href":"https:\/\/visionpeninsular.com\/mid\/wp-json\/wp\/v2\/media\/109190"}],"wp:attachment":[{"href":"https:\/\/visionpeninsular.com\/mid\/wp-json\/wp\/v2\/media?parent=109185"}],"wp:term":[{"taxonomy":"category","embeddable":true,"href":"https:\/\/visionpeninsular.com\/mid\/wp-json\/wp\/v2\/categories?post=109185"},{"taxonomy":"post_tag","embeddable":true,"href":"https:\/\/visionpeninsular.com\/mid\/wp-json\/wp\/v2\/tags?post=109185"}],"curies":[{"name":"wp","href":"https:\/\/api.w.org\/{rel}","templated":true}]}}