{"id":108687,"date":"2019-11-21T16:20:30","date_gmt":"2019-11-21T22:20:30","guid":{"rendered":"http:\/\/visionpeninsular.com\/mid\/?p=108687"},"modified":"2019-11-21T16:20:39","modified_gmt":"2019-11-21T22:20:39","slug":"corralones-de-la-ssp-estan-saturados-con-vehiculos-abandonados-saiden","status":"publish","type":"post","link":"https:\/\/visionpeninsular.com\/mid\/corralones-de-la-ssp-estan-saturados-con-vehiculos-abandonados-saiden\/","title":{"rendered":"*CORRALONES DE LA SSP EST\u00c1N SATURADOS CON VEH\u00cdCULOS ABANDONADOS: SAID\u00c9N*"},"content":{"rendered":"\n<p>M\u00e9rida a 21 de Noviembre de 2019 <\/p>\n\n\n\n<p>El Dep\u00f3sito Vehicular n\u00famero 1 de la Secretar\u00eda de Seguridad\nP\u00fablica, alberga actualmente&nbsp; 2 mil 200\nveh\u00edculos, de los cuales 502 son autom\u00f3viles y camionetas, mil 240 motocicletas\ny 458 bicicletas y triciclos. Muchas de esas unidades est\u00e1n inservibles por el\npaso del tiempo o por da\u00f1os en el que estuvieron involucradas. Sus due\u00f1os\noptaron por no recuperarlos.<\/p>\n\n\n\n<p>El 20 por ciento de ellos no son reclamados por sus due\u00f1os,\nlo que&nbsp; aumenta&nbsp; la cantidad de unidades abandonadas a un\npromedio de 100 al&nbsp; mes.<\/p>\n\n\n\n<figure class=\"wp-block-image size-large\"><img loading=\"lazy\" width=\"1024\" height=\"578\" src=\"http:\/\/visionpeninsular.com\/mid\/wp-content\/uploads\/2019\/11\/corral\u00f3n-2-1024x578.jpg\" alt=\"\" class=\"wp-image-108693\" srcset=\"https:\/\/visionpeninsular.com\/mid\/wp-content\/uploads\/2019\/11\/corral\u00f3n-2-1024x578.jpg 1024w, https:\/\/visionpeninsular.com\/mid\/wp-content\/uploads\/2019\/11\/corral\u00f3n-2-300x169.jpg 300w, https:\/\/visionpeninsular.com\/mid\/wp-content\/uploads\/2019\/11\/corral\u00f3n-2-768x433.jpg 768w, https:\/\/visionpeninsular.com\/mid\/wp-content\/uploads\/2019\/11\/corral\u00f3n-2.jpg 1280w\" sizes=\"(max-width: 1024px) 100vw, 1024px\" \/><\/figure>\n\n\n\n<p>El Secretario de Seguridad P\u00fablica, Comandante Luis Felipe\nSaid\u00e9n record\u00f3 que hace casi 50 a\u00f1os cuando se habilit\u00f3 como corral\u00f3n\nestaba&nbsp; de la mancha urbana de M\u00e9rida;\npero hoy en d\u00eda lo circundan calles y avenidas, casas, comercios y escuelas.<\/p>\n\n\n\n<p>El corral\u00f3n se ubica en la Avenida Jacinto Canek, tiene una\nextensi\u00f3n de 19 mil 800 metros cuadrados&nbsp;\ny no s\u00f3lo ocasiona problemas a la corporaci\u00f3n por la gran cantidad de\nveh\u00edculos&nbsp; abandonados, si no a vecinos\nde casas y comercios por los riesgos sanitarios que representa.<\/p>\n\n\n\n<figure class=\"wp-block-image size-large\"><img loading=\"lazy\" width=\"1024\" height=\"578\" src=\"http:\/\/visionpeninsular.com\/mid\/wp-content\/uploads\/2019\/11\/corral\u00f3n-3-1024x578.jpg\" alt=\"\" class=\"wp-image-108694\" srcset=\"https:\/\/visionpeninsular.com\/mid\/wp-content\/uploads\/2019\/11\/corral\u00f3n-3-1024x578.jpg 1024w, https:\/\/visionpeninsular.com\/mid\/wp-content\/uploads\/2019\/11\/corral\u00f3n-3-300x169.jpg 300w, https:\/\/visionpeninsular.com\/mid\/wp-content\/uploads\/2019\/11\/corral\u00f3n-3-768x433.jpg 768w, https:\/\/visionpeninsular.com\/mid\/wp-content\/uploads\/2019\/11\/corral\u00f3n-3.jpg 1280w\" sizes=\"(max-width: 1024px) 100vw, 1024px\" \/><\/figure>\n\n\n\n<p>Said\u00e9n Ojeda expres\u00f3 su preocupaci\u00f3n por la gente que habita\ncerca; los problemas&nbsp; van m\u00e1s all\u00e1 de sus\nbardas, ya que el amontonamiento impide una adecuada limpieza de maleza, de\ncontaminantes generados por los veh\u00edculos y de estancamiento de agua en su\ninterior lo que origina moscos y otras plagas, a pesar de que se fumiga\nregularmente.<\/p>\n\n\n\n<p>Una medida inmediata para aliviar los problemas que causa el\nhacinamiento de veh\u00edculos inservibles en el corral\u00f3n, es la enajenaci\u00f3n de\nestos mediante remate p\u00fablico.<\/p>\n\n\n\n<p>Para hacer frente a la saturaci\u00f3n, se propone un plazo de 60\nd\u00edas para que sean recuperados, de lo contrario, ser\u00edan objeto de remate\np\u00fablico, como&nbsp; establece la iniciativa de\nLey del Ejecutivo, que ya analizan los legisladores locales.<\/p>\n\n\n\n<figure class=\"wp-block-image size-large\"><img loading=\"lazy\" width=\"1024\" height=\"578\" src=\"http:\/\/visionpeninsular.com\/mid\/wp-content\/uploads\/2019\/11\/corral\u00f3n-4-1024x578.jpg\" alt=\"\" class=\"wp-image-108695\" srcset=\"https:\/\/visionpeninsular.com\/mid\/wp-content\/uploads\/2019\/11\/corral\u00f3n-4-1024x578.jpg 1024w, https:\/\/visionpeninsular.com\/mid\/wp-content\/uploads\/2019\/11\/corral\u00f3n-4-300x169.jpg 300w, https:\/\/visionpeninsular.com\/mid\/wp-content\/uploads\/2019\/11\/corral\u00f3n-4-768x433.jpg 768w, https:\/\/visionpeninsular.com\/mid\/wp-content\/uploads\/2019\/11\/corral\u00f3n-4.jpg 1280w\" sizes=\"(max-width: 1024px) 100vw, 1024px\" \/><\/figure>\n\n\n\n<p>En lo que respecta al Dep\u00f3sito Vehicular n\u00famero 2, ubicado\nen Tixcacal Opich\u00e9n, el funcionario policiaco apunta que entr\u00f3 en operaciones a\nfinales del a\u00f1o 2010 y ahora&nbsp; tambi\u00e9n\nest\u00e1 lleno. Aloja a un total aproximado de 5 mil 300 veh\u00edculos,&nbsp; en una superficie de 80 mil 800 metros\ncuadrados y un \u00e1rea construida de 184 metros cuadrados. <\/p>\n\n\n\n<p>Dicho corral\u00f3n, al igual que sucedi\u00f3 con el primero, estaba\ntotalmente apartado de la zona urbana; sin embargo ha ido creciendo, as\u00ed como\nla construcci\u00f3n de casas-habitaci\u00f3n e infraestructura industrial y comercial.<\/p>\n\n\n\n<p>El Secretario de Seguridad P\u00fablica, se\u00f1al\u00f3 que el Ejecutivo\nquiere es hacer m\u00e1s eficiente el servicio de los dep\u00f3sitos vehiculares, evitar\ngastos innecesarios por el almacenamiento de veh\u00edculos abandonados y sobre todo\nque no se perjudique a la ciudadan\u00eda.<\/p>\n<div class='share-to-whatsapp-wrapper'><div class='share-on-whsp'>Share on: <\/div><a data-text='*CORRALONES DE LA SSP EST\u00c1N SATURADOS CON VEH\u00cdCULOS ABANDONADOS: SAID\u00c9N*' data-link='https:\/\/visionpeninsular.com\/mid\/corralones-de-la-ssp-estan-saturados-con-vehiculos-abandonados-saiden\/' class='whatsapp-button whatsapp-share'>WhatsApp<\/a><div class='clear '><\/div><\/div>","protected":false},"excerpt":{"rendered":"<p>M\u00e9rida a 21 de Noviembre de 2019 El Dep\u00f3sito Vehicular n\u00famero 1 de la Secretar\u00eda de Seguridad P\u00fablica, alberga actualmente&nbsp; 2 mil 200 veh\u00edculos, de los cuales 502 son autom\u00f3viles y camionetas, mil 240 motocicletas y 458 bicicletas y triciclos. Muchas de esas unidades est\u00e1n inservibles por el paso del tiempo o por da\u00f1os en &hellip;<\/p>\n","protected":false},"author":5,"featured_media":108692,"comment_status":"open","ping_status":"open","sticky":false,"template":"","format":"standard","meta":{"_mi_skip_tracking":false},"categories":[50,37],"tags":[18448,18446,18447],"_links":{"self":[{"href":"https:\/\/visionpeninsular.com\/mid\/wp-json\/wp\/v2\/posts\/108687"}],"collection":[{"href":"https:\/\/visionpeninsular.com\/mid\/wp-json\/wp\/v2\/posts"}],"about":[{"href":"https:\/\/visionpeninsular.com\/mid\/wp-json\/wp\/v2\/types\/post"}],"author":[{"embeddable":true,"href":"https:\/\/visionpeninsular.com\/mid\/wp-json\/wp\/v2\/users\/5"}],"replies":[{"embeddable":true,"href":"https:\/\/visionpeninsular.com\/mid\/wp-json\/wp\/v2\/comments?post=108687"}],"version-history":[{"count":1,"href":"https:\/\/visionpeninsular.com\/mid\/wp-json\/wp\/v2\/posts\/108687\/revisions"}],"predecessor-version":[{"id":108696,"href":"https:\/\/visionpeninsular.com\/mid\/wp-json\/wp\/v2\/posts\/108687\/revisions\/108696"}],"wp:featuredmedia":[{"embeddable":true,"href":"https:\/\/visionpeninsular.com\/mid\/wp-json\/wp\/v2\/media\/108692"}],"wp:attachment":[{"href":"https:\/\/visionpeninsular.com\/mid\/wp-json\/wp\/v2\/media?parent=108687"}],"wp:term":[{"taxonomy":"category","embeddable":true,"href":"https:\/\/visionpeninsular.com\/mid\/wp-json\/wp\/v2\/categories?post=108687"},{"taxonomy":"post_tag","embeddable":true,"href":"https:\/\/visionpeninsular.com\/mid\/wp-json\/wp\/v2\/tags?post=108687"}],"curies":[{"name":"wp","href":"https:\/\/api.w.org\/{rel}","templated":true}]}}