{"id":108415,"date":"2019-11-19T13:16:39","date_gmt":"2019-11-19T19:16:39","guid":{"rendered":"http:\/\/visionpeninsular.com\/mid\/?p=108415"},"modified":"2019-11-19T13:16:52","modified_gmt":"2019-11-19T19:16:52","slug":"ministerio-publico-en-centro-de-merida-operara-a-partir-de-2020","status":"publish","type":"post","link":"https:\/\/visionpeninsular.com\/mid\/ministerio-publico-en-centro-de-merida-operara-a-partir-de-2020\/","title":{"rendered":"Ministerio P\u00fablico en centro de M\u00e9rida operar\u00e1 a partir de 2020"},"content":{"rendered":"\n<p>En el marco del Proyecto piloto \u201cJusticia C\u00edvica\u201d impulsado\npor el Gobierno Federal en colaboraci\u00f3n con la Secretar\u00eda de Seguridad P\u00fablica\ny los Ayuntamientos, durante el primer semestre del pr\u00f3ximo a\u00f1o 2020,\nfuncionar\u00eda una agencia del Ministerio P\u00fablico en el Centro Hist\u00f3rico de\nM\u00e9rida, en donde las denuncias presentadas por delitos comunes, ser\u00edan\natendidas por la Polic\u00eda Municipal de M\u00e9rida.<\/p>\n\n\n\n<p>Lo anterior fue informado por el alcalde Ren\u00e1n Barrera\nConcha.<\/p>\n\n\n\n<p>Atendiendo al destacado nivel de seguridad de M\u00e9rida, la\nsecretaria ejecutiva adjunta del Sistema Nacional de Seguridad P\u00fablica, Bertha\nAlcalde Luj\u00e1n, invit\u00f3 al Ayuntamiento meridano a unirse al proyecto, a trav\u00e9s\ndel cual el ejecutivo federal har\u00e1 llegar m\u00e1s recursos para reforzar la\nseguridad.<\/p>\n\n\n\n<p>&nbsp;\u201cEs la forma de darle\nmayor acceso a la justicia a los delitos comunes que se presentan de manera\nmucho m\u00e1s frecuente y, tambi\u00e9n, estamos buscando que haya una denuncia por\nparte de los afectados que la pueda levantar la propia Polic\u00eda Municipal y,\npara eso, firmar\u00edamos un convenio con la Fiscal\u00eda General del Estado\u201d, agreg\u00f3\nel primer edil.<\/p>\n\n\n\n<p>Precis\u00f3 que han estado en pl\u00e1ticas para poder generar las\ncondiciones de que haya una agencia del Ministerio P\u00fablico en el Centro\nHist\u00f3rico, \u201cque ser\u00e1 muy importante porque teniendo a 250 mil personas\nrecorriendo nuestro Centro Hist\u00f3rico todos los d\u00edas, la dificultad de que la\ngente pueda poner una denuncia hasta Perif\u00e9rico los complica\u201d.<\/p>\n\n\n\n<p>Indic\u00f3 que existe gente que est\u00e1 dedicada a los delitos en\nel Centro Hist\u00f3rico porque no hay sanci\u00f3n, porque no hay denuncia y porque no\nhay v\u00edctima que pueda se\u00f1alar, \u201cde tal manera creo que esto puede ser un buen\nejercicio\u201d.<\/p>\n\n\n\n<p>Se\u00f1al\u00f3 que esta pr\u00e1ctica ya se lleva a cabo en otros\nmunicipios del pa\u00eds, como Escobedo, Nuevo Le\u00f3n, que tiene una cartera de tres o\ncuatro delitos cuyas denuncias pueden ser levantadas por la Polic\u00eda Municipal.<\/p>\n\n\n\n<p>\u201cBertha Alcalde estuvo recientemente en la ciudad, altamente\nsorprendida del trabajo y coordinaci\u00f3n polic\u00edaca que hay\u201d, manifest\u00f3.<\/p>\n\n\n\n<p>El Alcalde consider\u00f3 que los programas que estrechan la\ncercan\u00eda con los ciudadanos son un gran acierto de esta administraci\u00f3n, lo\nmismo que todo el trabajo preventivo del delito y las adicciones, al tiempo que\ndestac\u00f3 que la estrecha colaboraci\u00f3n entre las polic\u00edas municipal, estatal,\nfuerzas armadas y ciudadan\u00eda distingue el trabajo de M\u00e9rida, mismo que ha\nllamado la atenci\u00f3n y se busca replicar en otros lugares.<\/p>\n\n\n\n<p>Dijo que probablemente se ubicar\u00eda una oficina, que pueda\nlevantar denuncias, dentro del propio departamento de la Polic\u00eda Municipal, \u201cy\nque podamos nosotros canalizar y, de alguna manera, recanalizar a la\nProcuradur\u00eda General del Estado\u201d.<\/p>\n\n\n\n<p>Puntualiz\u00f3 que los delitos ser\u00edan robos comunes, como robos\na tiendas o transe\u00fantes y lesiones, entre otros, \u201cdelitos menores que son muy\nfrecuentes y si no hay alg\u00fan tipo de sanci\u00f3n, dif\u00edcilmente podemos lograr bajar\nlos indicadores de seguridad\u201d.<\/p>\n\n\n\n<p>Refiri\u00e9ndose a los recursos, precis\u00f3 que se est\u00e1n terminando\nde definir con el Secretario de Seguridad y Protecci\u00f3n Ciudadana, Alfonso\nDurazo Monta\u00f1o, a los que probablemente tengan acceso a mediados del mes de\ndiciembre.<\/p>\n\n\n\n<p>\u201cLo importante es que logramos revertir la f\u00f3rmula, es decir\nciudades con buenos indicadores tendr\u00e1n m\u00e1s recursos, ciudades que est\u00e9n\ndisminuyendo sus indicadores y su nivel de confianza, pues no podr\u00e1n ser\npremiadas con m\u00e1s recursos\u201d, concluy\u00f3.<\/p>\n<div class='share-to-whatsapp-wrapper'><div class='share-on-whsp'>Share on: <\/div><a data-text='Ministerio P\u00fablico en centro de M\u00e9rida operar\u00e1 a partir de 2020' data-link='https:\/\/visionpeninsular.com\/mid\/ministerio-publico-en-centro-de-merida-operara-a-partir-de-2020\/' class='whatsapp-button whatsapp-share'>WhatsApp<\/a><div class='clear '><\/div><\/div>","protected":false},"excerpt":{"rendered":"<p>En el marco del Proyecto piloto \u201cJusticia C\u00edvica\u201d impulsado por el Gobierno Federal en colaboraci\u00f3n con la Secretar\u00eda de Seguridad P\u00fablica y los Ayuntamientos, durante el primer semestre del pr\u00f3ximo a\u00f1o 2020, funcionar\u00eda una agencia del Ministerio P\u00fablico en el Centro Hist\u00f3rico de M\u00e9rida, en donde las denuncias presentadas por delitos comunes, ser\u00edan atendidas por &hellip;<\/p>\n","protected":false},"author":5,"featured_media":108420,"comment_status":"open","ping_status":"open","sticky":false,"template":"","format":"standard","meta":{"_mi_skip_tracking":false},"categories":[50,37],"tags":[18406,18405,920,5338],"_links":{"self":[{"href":"https:\/\/visionpeninsular.com\/mid\/wp-json\/wp\/v2\/posts\/108415"}],"collection":[{"href":"https:\/\/visionpeninsular.com\/mid\/wp-json\/wp\/v2\/posts"}],"about":[{"href":"https:\/\/visionpeninsular.com\/mid\/wp-json\/wp\/v2\/types\/post"}],"author":[{"embeddable":true,"href":"https:\/\/visionpeninsular.com\/mid\/wp-json\/wp\/v2\/users\/5"}],"replies":[{"embeddable":true,"href":"https:\/\/visionpeninsular.com\/mid\/wp-json\/wp\/v2\/comments?post=108415"}],"version-history":[{"count":1,"href":"https:\/\/visionpeninsular.com\/mid\/wp-json\/wp\/v2\/posts\/108415\/revisions"}],"predecessor-version":[{"id":108421,"href":"https:\/\/visionpeninsular.com\/mid\/wp-json\/wp\/v2\/posts\/108415\/revisions\/108421"}],"wp:featuredmedia":[{"embeddable":true,"href":"https:\/\/visionpeninsular.com\/mid\/wp-json\/wp\/v2\/media\/108420"}],"wp:attachment":[{"href":"https:\/\/visionpeninsular.com\/mid\/wp-json\/wp\/v2\/media?parent=108415"}],"wp:term":[{"taxonomy":"category","embeddable":true,"href":"https:\/\/visionpeninsular.com\/mid\/wp-json\/wp\/v2\/categories?post=108415"},{"taxonomy":"post_tag","embeddable":true,"href":"https:\/\/visionpeninsular.com\/mid\/wp-json\/wp\/v2\/tags?post=108415"}],"curies":[{"name":"wp","href":"https:\/\/api.w.org\/{rel}","templated":true}]}}