{"id":108325,"date":"2019-11-18T13:55:06","date_gmt":"2019-11-18T19:55:06","guid":{"rendered":"http:\/\/visionpeninsular.com\/mid\/?p=108325"},"modified":"2019-11-18T14:05:39","modified_gmt":"2019-11-18T20:05:39","slug":"renan-barrera-presencio-el-desfile-conmemorativo-de-la-revolucion","status":"publish","type":"post","link":"https:\/\/visionpeninsular.com\/mid\/renan-barrera-presencio-el-desfile-conmemorativo-de-la-revolucion\/","title":{"rendered":"Ren\u00e1n Barrera presenci\u00f3 el desfile conmemorativo de la Revoluci\u00f3n"},"content":{"rendered":"\n<p>El alcalde Ren\u00e1n Barrera Concha, presenci\u00f3 esta ma\u00f1ana el\ndesfile c\u00edvico- deportivo conmemorativo por el CVIIII Aniversario de la\nRevoluci\u00f3n Social Mexicana, en el que participaron 4,828 integrantes de\ninstituciones educativas, dependencias p\u00fablicas, corporaciones polic\u00edacas y\nmilitares.<\/p>\n\n\n\n<p>Posterior al izamiento de la Bandera Nacional que tuvo lugar\nen la Plaza Grande, el Concejal se traslad\u00f3 al balc\u00f3n del Palacio de Gobierno,\ndonde acompa\u00f1\u00f3 al gobernador del Estado, Mauricio Vila Dosal, para presenciar\nel paso de los contingentes.<\/p>\n\n\n\n<p>La marcha tuvo una duraci\u00f3n aproximada de dos horas y la\nPolic\u00eda Municipal particip\u00f3 con 159 elementos, 60 ni\u00f1os que forman parte del\nprograma D.A.R.E. y 39 veh\u00edculos.<\/p>\n\n\n\n<p>Al concluir el derrotero, Barrera Concha, acompa\u00f1ado de sus\nhijos Ren\u00e1n y Daniela, acudi\u00f3 a las instalaciones de la corporaci\u00f3n polic\u00edaca\npara saludar a los elementos y dirigirle un mensaje de agradecimiento por su\nllamativa participaci\u00f3n durante todo el desfile.<\/p>\n\n\n\n<p>Barrera Concha aprovech\u00f3 manifestar su orgullo por los\nalcances que ha tenido esta corporaci\u00f3n, que gracias a su desempe\u00f1o hacen de\nM\u00e9rida una de las mejores ciudades de M\u00e9xico y el mundo.<\/p>\n<div class='share-to-whatsapp-wrapper'><div class='share-on-whsp'>Share on: <\/div><a data-text='Ren\u00e1n Barrera presenci\u00f3 el desfile conmemorativo de la Revoluci\u00f3n' data-link='https:\/\/visionpeninsular.com\/mid\/renan-barrera-presencio-el-desfile-conmemorativo-de-la-revolucion\/' class='whatsapp-button whatsapp-share'>WhatsApp<\/a><div class='clear '><\/div><\/div>","protected":false},"excerpt":{"rendered":"<p>El alcalde Ren\u00e1n Barrera Concha, presenci\u00f3 esta ma\u00f1ana el desfile c\u00edvico- deportivo conmemorativo por el CVIIII Aniversario de la Revoluci\u00f3n Social Mexicana, en el que participaron 4,828 integrantes de instituciones educativas, dependencias p\u00fablicas, corporaciones polic\u00edacas y militares. Posterior al izamiento de la Bandera Nacional que tuvo lugar en la Plaza Grande, el Concejal se traslad\u00f3 &hellip;<\/p>\n","protected":false},"author":5,"featured_media":108331,"comment_status":"open","ping_status":"open","sticky":false,"template":"","format":"standard","meta":{"_mi_skip_tracking":false},"categories":[50,37],"tags":[18350,5338,18397],"_links":{"self":[{"href":"https:\/\/visionpeninsular.com\/mid\/wp-json\/wp\/v2\/posts\/108325"}],"collection":[{"href":"https:\/\/visionpeninsular.com\/mid\/wp-json\/wp\/v2\/posts"}],"about":[{"href":"https:\/\/visionpeninsular.com\/mid\/wp-json\/wp\/v2\/types\/post"}],"author":[{"embeddable":true,"href":"https:\/\/visionpeninsular.com\/mid\/wp-json\/wp\/v2\/users\/5"}],"replies":[{"embeddable":true,"href":"https:\/\/visionpeninsular.com\/mid\/wp-json\/wp\/v2\/comments?post=108325"}],"version-history":[{"count":1,"href":"https:\/\/visionpeninsular.com\/mid\/wp-json\/wp\/v2\/posts\/108325\/revisions"}],"predecessor-version":[{"id":108332,"href":"https:\/\/visionpeninsular.com\/mid\/wp-json\/wp\/v2\/posts\/108325\/revisions\/108332"}],"wp:featuredmedia":[{"embeddable":true,"href":"https:\/\/visionpeninsular.com\/mid\/wp-json\/wp\/v2\/media\/108331"}],"wp:attachment":[{"href":"https:\/\/visionpeninsular.com\/mid\/wp-json\/wp\/v2\/media?parent=108325"}],"wp:term":[{"taxonomy":"category","embeddable":true,"href":"https:\/\/visionpeninsular.com\/mid\/wp-json\/wp\/v2\/categories?post=108325"},{"taxonomy":"post_tag","embeddable":true,"href":"https:\/\/visionpeninsular.com\/mid\/wp-json\/wp\/v2\/tags?post=108325"}],"curies":[{"name":"wp","href":"https:\/\/api.w.org\/{rel}","templated":true}]}}