{"id":108290,"date":"2019-11-18T11:56:50","date_gmt":"2019-11-18T17:56:50","guid":{"rendered":"http:\/\/visionpeninsular.com\/mid\/?p=108290"},"modified":"2019-11-18T11:57:06","modified_gmt":"2019-11-18T17:57:06","slug":"indices-de-seguridad-de-merida-formaria-parte-de-un-programa-piloto-federal-para-obtener-mayores-recursos","status":"publish","type":"post","link":"https:\/\/visionpeninsular.com\/mid\/indices-de-seguridad-de-merida-formaria-parte-de-un-programa-piloto-federal-para-obtener-mayores-recursos\/","title":{"rendered":"\u00cdndices de seguridad de M\u00e9rida formar\u00eda parte de un programa piloto federal para obtener mayores recursos"},"content":{"rendered":"\n<p><em>&nbsp;El plan \u201cJusticia C\u00edvica\u201d, con base en los\nbuenos resultados de la administraci\u00f3n del alcalde Ren\u00e1n Barrera<\/em><\/p>\n\n\n\n<p>Las estrategias que ha puesto en marcha el Ayuntamiento, a\ntrav\u00e9s de la Polic\u00eda Municipal, as\u00ed como el trabajo coordinado que realiza con\nlos cuerpos de seguridad estatales y federales, han tenido muy buenos\nresultados para M\u00e9rida al mantenerla como la ciudad m\u00e1s segura del pa\u00eds y en\nese camino seguir\u00e1 trabajando la actual administraci\u00f3n para brindar cada vez\nmayores garant\u00edas a todos los ciudadanos, afirm\u00f3 el alcalde Ren\u00e1n Barrera\nConcha.<\/p>\n\n\n\n<p>En ese contexto y atendiendo al destacado papel de M\u00e9rida a\nnivel nacional en materia de seguridad, la secretaria ejecutiva adjunta del\nSistema Nacional de Seguridad P\u00fablica, Bertha Alcalde Luj\u00e1n, visit\u00f3 al alcalde\nen Palacio Municipal para invitarlo a que M\u00e9rida se sume al proyecto piloto\n\u201cJusticia C\u00edvica\u201d, mediante el cual el ejecutivo federal plantea una\ndistribuci\u00f3n m\u00e1s justa de los recursos destinados a esa materia.<\/p>\n\n\n\n<p>La funcionaria destac\u00f3 que con \u201cJusticia C\u00edvica\u201d el gobierno\nfederal planea integrar la impartici\u00f3n de justicia y la seguridad en los nuevos\nindicadores que se atender\u00edan para destinar recursos a los Ayuntamientos y que\npermitir\u00eda al de M\u00e9rida en este caso recibir mayores recursos.<\/p>\n\n\n\n<p>En la reuni\u00f3n, el primer edil manifest\u00f3 su disposici\u00f3n para\nintegrarse al programa piloto y manifest\u00f3 que los altos \u00edndices de seguridad\nque tiene M\u00e9rida se deben en gran medida al trabajo de la Polic\u00eda Municipal,\nque atiende al segundo Centro Hist\u00f3rico m\u00e1s grande del pa\u00eds, adem\u00e1s de que\ntrabaja en programas de prevenci\u00f3n de los delitos y la drogadicci\u00f3n, as\u00ed como\nen fortalecer la cercan\u00eda con los ciudadanos.<\/p>\n\n\n\n<p>La funcionaria federal se manifest\u00f3 gratamente sorprendida\ncon el trabajo que se realiza en M\u00e9rida en materia de seguridad, ya que abarca\nmucho m\u00e1s que la sola vigilancia, como le expuso en reuni\u00f3n previa el director\nde la Polic\u00eda Municipal, Mario Arturo Romero Escalante.<\/p>\n\n\n\n<p>Consider\u00f3 que los programas que estrechan la cercan\u00eda con\nlos ciudadanos son un gran acierto de esta administraci\u00f3n, lo mismo que todo el\ntrabajo preventivo del delito y las adicciones.<\/p>\n\n\n\n<p>El alcalde extern\u00f3 su satisfacci\u00f3n por la posibilidad de\ncompartir con las autoridades federales los modelos exitosos que se aplican en\nM\u00e9rida para combatir la inseguridad.<\/p>\n\n\n\n<p>\u2014Agradecemos tambi\u00e9n la oportunidad de esta visita que nos\npermite intercambiar puntos de vista y hablar de los planes que tenemos en\nmateria de seguridad y justicia para nuestro municipio \u2014puntualiz\u00f3.<\/p>\n\n\n\n<p>Previo a la reuni\u00f3n de trabajo con el Presidente Municipal,\nAlcalde Luj\u00e1n acudi\u00f3 a las instalaciones de la Polic\u00eda Municipal de M\u00e9rida,\ndonde su titular le present\u00f3 los pormenores de las estrategias dise\u00f1adas para\nerradicar pr\u00e1cticas como la violencia escolar, contra la mujer, el acoso,\ninhibir el uso de drogas, as\u00ed como formaci\u00f3n de valores c\u00edvicos entre los\nalumnos y j\u00f3venes.<\/p>\n\n\n\n<p>Destac\u00f3 que la estrecha colaboraci\u00f3n entre las polic\u00edas\nmunicipal, estatal, fuerzas armadas y ciudadan\u00eda distingue el trabajo de\nM\u00e9rida, mismo que ha llamado la atenci\u00f3n y se busca replicar en otros lugares.<\/p>\n\n\n\n<p>La visitante recorri\u00f3 las instalaciones de la Polic\u00eda\nMunicipal y tambi\u00e9n visit\u00f3 el Centro de Control de Mando con la finalidad de\nconocer la operaci\u00f3n y los protocolos de vigilancia y coordinaci\u00f3n entre los\nmandos municipales.<\/p>\n<div class='share-to-whatsapp-wrapper'><div class='share-on-whsp'>Share on: <\/div><a data-text='\u00cdndices de seguridad de M\u00e9rida formar\u00eda parte de un programa piloto federal para obtener mayores recursos' data-link='https:\/\/visionpeninsular.com\/mid\/indices-de-seguridad-de-merida-formaria-parte-de-un-programa-piloto-federal-para-obtener-mayores-recursos\/' class='whatsapp-button whatsapp-share'>WhatsApp<\/a><div class='clear '><\/div><\/div>","protected":false},"excerpt":{"rendered":"<p>&nbsp;El plan \u201cJusticia C\u00edvica\u201d, con base en los buenos resultados de la administraci\u00f3n del alcalde Ren\u00e1n Barrera Las estrategias que ha puesto en marcha el Ayuntamiento, a trav\u00e9s de la Polic\u00eda Municipal, as\u00ed como el trabajo coordinado que realiza con los cuerpos de seguridad estatales y federales, han tenido muy buenos resultados para M\u00e9rida al &hellip;<\/p>\n","protected":false},"author":5,"featured_media":108295,"comment_status":"open","ping_status":"open","sticky":false,"template":"","format":"standard","meta":{"_mi_skip_tracking":false},"categories":[50,37],"tags":[18393,701],"_links":{"self":[{"href":"https:\/\/visionpeninsular.com\/mid\/wp-json\/wp\/v2\/posts\/108290"}],"collection":[{"href":"https:\/\/visionpeninsular.com\/mid\/wp-json\/wp\/v2\/posts"}],"about":[{"href":"https:\/\/visionpeninsular.com\/mid\/wp-json\/wp\/v2\/types\/post"}],"author":[{"embeddable":true,"href":"https:\/\/visionpeninsular.com\/mid\/wp-json\/wp\/v2\/users\/5"}],"replies":[{"embeddable":true,"href":"https:\/\/visionpeninsular.com\/mid\/wp-json\/wp\/v2\/comments?post=108290"}],"version-history":[{"count":1,"href":"https:\/\/visionpeninsular.com\/mid\/wp-json\/wp\/v2\/posts\/108290\/revisions"}],"predecessor-version":[{"id":108296,"href":"https:\/\/visionpeninsular.com\/mid\/wp-json\/wp\/v2\/posts\/108290\/revisions\/108296"}],"wp:featuredmedia":[{"embeddable":true,"href":"https:\/\/visionpeninsular.com\/mid\/wp-json\/wp\/v2\/media\/108295"}],"wp:attachment":[{"href":"https:\/\/visionpeninsular.com\/mid\/wp-json\/wp\/v2\/media?parent=108290"}],"wp:term":[{"taxonomy":"category","embeddable":true,"href":"https:\/\/visionpeninsular.com\/mid\/wp-json\/wp\/v2\/categories?post=108290"},{"taxonomy":"post_tag","embeddable":true,"href":"https:\/\/visionpeninsular.com\/mid\/wp-json\/wp\/v2\/tags?post=108290"}],"curies":[{"name":"wp","href":"https:\/\/api.w.org\/{rel}","templated":true}]}}