{"id":108173,"date":"2019-11-16T10:48:01","date_gmt":"2019-11-16T16:48:01","guid":{"rendered":"http:\/\/visionpeninsular.com\/mid\/?p=108173"},"modified":"2019-11-16T10:48:07","modified_gmt":"2019-11-16T16:48:07","slug":"merida-ocupa-tercer-lugar-como-ciudad-con-mejor-calidad-de-vida","status":"publish","type":"post","link":"https:\/\/visionpeninsular.com\/mid\/merida-ocupa-tercer-lugar-como-ciudad-con-mejor-calidad-de-vida\/","title":{"rendered":"M\u00e9rida ocupa tercer lugar como ciudad con mejor calidad de vida"},"content":{"rendered":"\n<p>Un estudio realizado por el Gabinete de Comunicaci\u00f3n\nEstrat\u00e9gica, sit\u00faa a la ciudad de M\u00e9rida en el tercer lugar de ciudades m\u00e1s\nhabitables del mundo; de 2018 a 2019, pas\u00f3 &nbsp;del noveno al tercer lugar, entre otras cosas,\npor los altos est\u00e1ndares de calidad de vida; el primer y segundo lugar lo\nocupan San Pedro Gaza Gac\u00eda, Nuevo Le\u00f3n, y Colima, Colima. El a\u00f1o pasado\ndestacaron en los primeros lugares San Pedro Garza Garc\u00eda y San Nicol\u00e1s de los\nGarza, Nuevo Le\u00f3n.<\/p>\n\n\n\n<p>El estudio, se basa en la &nbsp;recopilaci\u00f3n de las opiniones de ciudadanos de\nlas 76 capitales y ciudades m\u00e1s pobladas del pa\u00eds, 60 municipios y 16 alcald\u00edas\nde la Ciudad de M\u00e9xico; se aplicaron 400 &nbsp;entrevistas telef\u00f3nicas para la presente\nedici\u00f3n por ciudad, durante el lapso comprendido de junio a septiembre de 2019.<\/p>\n\n\n\n<p>La selecci\u00f3n se realiza de manera anual, y se eval\u00faan &nbsp;diversos indicadores que van &nbsp;desde &nbsp;las autoridades locales, servicios\nmunicipales, calidad de vida, cohesi\u00f3n social y la lealtad de las personas respecto\nal lugar en el que habitan, y se complementa con la medici\u00f3n de confianza en\nlas instituciones y la percepci\u00f3n de crecimiento econ\u00f3mico, la tasa de empleo y\nla instalaci\u00f3n de empresas.<\/p>\n\n\n\n<p>Los valores de la evaluaci\u00f3n respecto a los \u00edndices,\nestablecen como valores m\u00e1s bajos y m\u00e1s altos en calidad de vida: de 59.26 a\n74.93; en cohesi\u00f3n social de 5.23 a 6.23; en servicios p\u00fablicos de 28.42 a\n55.37 y, desempe\u00f1o y liderazgo del alcalde de 17.93 a 54.93.<\/p>\n<div class='share-to-whatsapp-wrapper'><div class='share-on-whsp'>Share on: <\/div><a data-text='M\u00e9rida ocupa tercer lugar como ciudad con mejor calidad de vida' data-link='https:\/\/visionpeninsular.com\/mid\/merida-ocupa-tercer-lugar-como-ciudad-con-mejor-calidad-de-vida\/' class='whatsapp-button whatsapp-share'>WhatsApp<\/a><div class='clear '><\/div><\/div>","protected":false},"excerpt":{"rendered":"<p>Un estudio realizado por el Gabinete de Comunicaci\u00f3n Estrat\u00e9gica, sit\u00faa a la ciudad de M\u00e9rida en el tercer lugar de ciudades m\u00e1s habitables del mundo; de 2018 a 2019, pas\u00f3 &nbsp;del noveno al tercer lugar, entre otras cosas, por los altos est\u00e1ndares de calidad de vida; el primer y segundo lugar lo ocupan San Pedro &hellip;<\/p>\n","protected":false},"author":5,"featured_media":108174,"comment_status":"open","ping_status":"open","sticky":false,"template":"","format":"standard","meta":{"_mi_skip_tracking":false},"categories":[50,37],"tags":[18373],"_links":{"self":[{"href":"https:\/\/visionpeninsular.com\/mid\/wp-json\/wp\/v2\/posts\/108173"}],"collection":[{"href":"https:\/\/visionpeninsular.com\/mid\/wp-json\/wp\/v2\/posts"}],"about":[{"href":"https:\/\/visionpeninsular.com\/mid\/wp-json\/wp\/v2\/types\/post"}],"author":[{"embeddable":true,"href":"https:\/\/visionpeninsular.com\/mid\/wp-json\/wp\/v2\/users\/5"}],"replies":[{"embeddable":true,"href":"https:\/\/visionpeninsular.com\/mid\/wp-json\/wp\/v2\/comments?post=108173"}],"version-history":[{"count":1,"href":"https:\/\/visionpeninsular.com\/mid\/wp-json\/wp\/v2\/posts\/108173\/revisions"}],"predecessor-version":[{"id":108175,"href":"https:\/\/visionpeninsular.com\/mid\/wp-json\/wp\/v2\/posts\/108173\/revisions\/108175"}],"wp:featuredmedia":[{"embeddable":true,"href":"https:\/\/visionpeninsular.com\/mid\/wp-json\/wp\/v2\/media\/108174"}],"wp:attachment":[{"href":"https:\/\/visionpeninsular.com\/mid\/wp-json\/wp\/v2\/media?parent=108173"}],"wp:term":[{"taxonomy":"category","embeddable":true,"href":"https:\/\/visionpeninsular.com\/mid\/wp-json\/wp\/v2\/categories?post=108173"},{"taxonomy":"post_tag","embeddable":true,"href":"https:\/\/visionpeninsular.com\/mid\/wp-json\/wp\/v2\/tags?post=108173"}],"curies":[{"name":"wp","href":"https:\/\/api.w.org\/{rel}","templated":true}]}}