{"id":10807,"date":"2016-08-26T19:48:00","date_gmt":"2016-08-27T00:48:00","guid":{"rendered":"http:\/\/visionpeninsular.com\/mid\/?p=10807"},"modified":"2016-08-26T19:48:00","modified_gmt":"2016-08-27T00:48:00","slug":"acusan-a-alcalde-de-progreso-por-falta-de-apoyo-a-programas-para-los-jovenes","status":"publish","type":"post","link":"https:\/\/visionpeninsular.com\/mid\/acusan-a-alcalde-de-progreso-por-falta-de-apoyo-a-programas-para-los-jovenes\/","title":{"rendered":"Acusan a alcalde de Progreso por falta de apoyo a programas para los j\u00f3venes"},"content":{"rendered":"<p>La falta de apoyos para implementar  programas y proyectos en beneficio de los diferentes sectores de  la sociedad de este municipio, por parte del alcalde Jos\u00e9 Isabel Cort\u00e9s Puerto, fue la causa de la renuncia de los funcionarios de primer nivel del ayuntamiento de esta ciudad.<\/p>\n<p>El ex  Director de la  Juventud del Ayuntamiento de Progreso,  Pedro Hoil G\u00fc\u00e9mez, quien hasta hace unas semanas  desempe\u00f1aba dicho cargo, dijo que renunci\u00f3 porque el alcalde se neg\u00f3 a respaldar  los programas para impulsar el desarrollo de la juventud.<\/p>\n<p>Manifest\u00f3 que -\u201cTodo mundo sabe de los malos manejos del alcalde, a m\u00ed me trataron muy mal, yo quer\u00eda realizar programas pero siempre me dijeron: no hay presupuesto, no hay presupuesto y no hay presupuesto. No pod\u00eda hacer nada y despu\u00e9s me exig\u00edan que diera resultados\u201d;- record\u00f3 que present\u00f3 al alcalde Jos\u00e9 Isabel Cort\u00e9s un proyecto para promover la participaci\u00f3n art\u00edstica de los j\u00f3venes, pero que \u00e9ste le respondi\u00f3 que si quer\u00eda llevarlo a cabo pusiera de su dinero, cobrara las entradas, que recuperara su inversi\u00f3n y que el excedente lo donara al DIF.<\/p>\n<p>Igualmente le fue negado el recurso para la realizaci\u00f3n de un torneo de f\u00fatbol municipal, ya que Cort\u00e9s G\u00f3ngora neg\u00f3 la autorizaci\u00f3n para adquirir 20 playeras y otros elementos para la actividad.<\/p>\n<p> \u201cLa gente se me acercaba a pedirme ayuda como los grafiteros y yo intentaba hacer la gesti\u00f3n con el Alcalde, quien me respond\u00eda que no. A m\u00ed me daba mucha pena tener un cargo sin poder ayudar a nadie, no pod\u00eda hacer nada, estaba atado de manos, por eso decid\u00ed renunciar, porque realmente yo estaba quedando mal con los j\u00f3venes y la comunidad de Progreso\u201d, dijo el ex funcionario.<\/p>\n<p>Hoil G\u00fc\u00e9mez agreg\u00f3 que el alcalde Cort\u00e9s no le entreg\u00f3 la liquidaci\u00f3n correspondiente e incluso no le pagaron la \u00faltima quincena que labor\u00f3.<\/p>\n<p>\u201cEste ha sido un primer a\u00f1o de administraci\u00f3n en Progreso, s\u00f3lo malas noticias: que va a privatizar el  agua, que va a privatizar la basura, mucho relajo por parte del alcalde\u201d, dijo Pedro Hoil.<\/p>\n<div class='share-to-whatsapp-wrapper'><div class='share-on-whsp'>Share on: <\/div><a data-text='Acusan a alcalde de Progreso por falta de apoyo a programas para los j\u00f3venes' data-link='https:\/\/visionpeninsular.com\/mid\/acusan-a-alcalde-de-progreso-por-falta-de-apoyo-a-programas-para-los-jovenes\/' class='whatsapp-button whatsapp-share'>WhatsApp<\/a><div class='clear '><\/div><\/div>","protected":false},"excerpt":{"rendered":"<p>La falta de apoyos para implementar programas y proyectos en beneficio de los diferentes sectores de la sociedad de este municipio, por parte del alcalde Jos\u00e9 Isabel Cort\u00e9s Puerto, fue la causa de la renuncia de los funcionarios de primer nivel del ayuntamiento de esta ciudad. El ex Director de la Juventud del Ayuntamiento de &hellip;<\/p>\n","protected":false},"author":1,"featured_media":10808,"comment_status":"open","ping_status":"open","sticky":false,"template":"","format":"standard","meta":{"_mi_skip_tracking":false},"categories":[50],"tags":[216,2333,549,1407],"_links":{"self":[{"href":"https:\/\/visionpeninsular.com\/mid\/wp-json\/wp\/v2\/posts\/10807"}],"collection":[{"href":"https:\/\/visionpeninsular.com\/mid\/wp-json\/wp\/v2\/posts"}],"about":[{"href":"https:\/\/visionpeninsular.com\/mid\/wp-json\/wp\/v2\/types\/post"}],"author":[{"embeddable":true,"href":"https:\/\/visionpeninsular.com\/mid\/wp-json\/wp\/v2\/users\/1"}],"replies":[{"embeddable":true,"href":"https:\/\/visionpeninsular.com\/mid\/wp-json\/wp\/v2\/comments?post=10807"}],"version-history":[{"count":1,"href":"https:\/\/visionpeninsular.com\/mid\/wp-json\/wp\/v2\/posts\/10807\/revisions"}],"predecessor-version":[{"id":10809,"href":"https:\/\/visionpeninsular.com\/mid\/wp-json\/wp\/v2\/posts\/10807\/revisions\/10809"}],"wp:featuredmedia":[{"embeddable":true,"href":"https:\/\/visionpeninsular.com\/mid\/wp-json\/wp\/v2\/media\/10808"}],"wp:attachment":[{"href":"https:\/\/visionpeninsular.com\/mid\/wp-json\/wp\/v2\/media?parent=10807"}],"wp:term":[{"taxonomy":"category","embeddable":true,"href":"https:\/\/visionpeninsular.com\/mid\/wp-json\/wp\/v2\/categories?post=10807"},{"taxonomy":"post_tag","embeddable":true,"href":"https:\/\/visionpeninsular.com\/mid\/wp-json\/wp\/v2\/tags?post=10807"}],"curies":[{"name":"wp","href":"https:\/\/api.w.org\/{rel}","templated":true}]}}