{"id":107232,"date":"2019-11-10T19:19:13","date_gmt":"2019-11-11T01:19:13","guid":{"rendered":"http:\/\/visionpeninsular.com\/mid\/?p=107232"},"modified":"2019-11-10T19:19:23","modified_gmt":"2019-11-11T01:19:23","slug":"iipedey-inaugura-la-jornada-de-arte-y-discapacidad-intelectual","status":"publish","type":"post","link":"https:\/\/visionpeninsular.com\/mid\/iipedey-inaugura-la-jornada-de-arte-y-discapacidad-intelectual\/","title":{"rendered":"Iipedey inaugura la Jornada de Arte y Discapacidad Intelectual"},"content":{"rendered":"\n<p>Especialistas imparten conferencias durante Coloquio.<\/p>\n\n\n\n<p>Con el fin de promover acciones encaminadas a generar mayor\nconciencia entre la poblaci\u00f3n sobre el potencial art\u00edstico de las personas con\ns\u00edndrome de Down y otras discapacidades intelectuales, el Gobierno encabezado\npor Mauricio Vila Dosal, a trav\u00e9s del Instituto para la Inclusi\u00f3n de las\nPersonas con Discapacidad del Estado de Yucat\u00e1n (Iipedey), lleva a cabo la\nJornada de Arte y Discapacidad Intelectual.<\/p>\n\n\n\n<p>En el marco de este evento, se inaugur\u00f3 el Coloquio\n\u201cVisiones sobre la Discapacidad Intelectual\u201d, con la participaci\u00f3n de cuatro\nconferencistas especialistas en temas de discapacidad, arte y salud.<\/p>\n\n\n\n<p>En la ceremonia de inauguraci\u00f3n, la titular de la\ndependencia, Mar\u00eda Teresa V\u00e1zquez Baqueiro, agradeci\u00f3 a las y los\nrepresentantes de organizaciones civiles, instancias gubernamentales, centros\nde educaci\u00f3n superior e investigaci\u00f3n, y p\u00fablico en general, por su inter\u00e9s\npara desarrollar acciones en beneficio de este sector de la poblaci\u00f3n y, sobre\ntodo, por sumarse a este sue\u00f1o que hace posible exponer su capacidad art\u00edstica.<\/p>\n\n\n\n<p>\u201cEl arte es la expresi\u00f3n perfecta del ser humano y lo que\nnos define como personas, el arte es tambi\u00e9n de y para las personas con\ndiscapacidad y es por esto que desde el Iipedey nos unimos con benepl\u00e1cito\nporque las creaciones de este sector sean apreciadas por todas y todos\u201d, dijo.<\/p>\n\n\n\n<p>Por su parte, la secretaria de la Cultura y las Artes, Erica\nMillet Corona expres\u00f3 su deseo \u201cpara que los resultados de este Coloquio se\nviertan en mejores estrategias y acciones en beneficio, no solo de las personas\ncon discapacidad intelectual, sino de toda la sociedad\u201d.<\/p>\n\n\n\n<p>Tambi\u00e9n mencion\u00f3 \u201cque debemos recibir las conferencias con\nuna mente abierta y coraz\u00f3n \u00e1vido para asimilar las diferentes visiones,\nconocimientos y paradigmas para ponerlos al servicio de los dem\u00e1s\u201d.<\/p>\n\n\n\n<p>En su intervenci\u00f3n, Rafael P\u00e9rez y P\u00e9rez, en representaci\u00f3n\nde la directora de la Fundaci\u00f3n Cultural Macay, Elba Garc\u00eda Villarreal, habl\u00f3\nsobre la cultura como un derecho humano, luego de reconocer los esfuerzos\nconjuntos de las organizaciones participantes. <\/p>\n\n\n\n<p>En su intervenci\u00f3n, el presidente de la Confederaci\u00f3n de\nOrganismos en Favor de la Persona con Discapacidad Intelectual, Javier Quijano\nOrva\u00f1anos, inst\u00f3 a reconocer que la participaci\u00f3n en la vida cultural, la\nrecreaci\u00f3n, el ocio y el deporte son una forma de inclusi\u00f3n.<\/p>\n\n\n\n<p>\u201cLo que cambia es la dimensi\u00f3n de la participaci\u00f3n de las\npersonas, ya que la discapacidad se encuentra en todos los \u00e1mbitos de nuestra\nsociedad. Pueden desarrollar su potencial, su creatividad y autodeterminaci\u00f3n y\nadem\u00e1s promueve su derecho al reconocimiento de su identidad cultural y\nling\u00fc\u00edstica\u201d, agreg\u00f3.<\/p>\n\n\n\n<p>Ante Celia Rosado Avil\u00e9s, Secretaria General de la\nUniversidad Aut\u00f3noma de Yucat\u00e1n, y Mar\u00eda Regina S\u00e1nchez Romero, participante en\nlas actividades, Manuel Guerrero, representante de Deep Down Arts, agradeci\u00f3 a\ntodas las instituciones involucradas en la realizaci\u00f3n de esta Jornada.<\/p>\n\n\n\n<p>El programa acad\u00e9mico inici\u00f3 con las conferencias \u201cEl arte\ncomo medio para el desarrollo emocional e intelectual de las personas con\ns\u00edndrome de Down\u201d, con la doctora en Artes Esther Joosa, directora fundadora de\nArts of the World en Singapur, y \u201cArte y s\u00edndrome de Down\u201d, a cargo de la\nmaestra en Psicolog\u00eda Cecilia Rosales Vega, directora fundadora de\nDiscapacitarte en M\u00e9xico.<\/p>\n\n\n\n<p>\u201cLos principales cuidados de la salud para alcanzar una vida\nplena\u201d, con Rusell Ren\u00e9 Arcila Novelo, coordinador de la licenciatura en\nRehabilitaci\u00f3n de la Universidad, y \u201cLa salud en el contexto de un desarrollo\nintegral de la persona\u201d, por cuenta de la doctora Lidia del Carmen G\u00f3mez\nPuente, pediatra y presidente de Red Down de M\u00e9xico, complementan el programa\nde este Coloquio. <\/p>\n\n\n\n<p>Como parte de esta Jornada, por la noche se inaugur\u00f3 la\nexposici\u00f3n de arte \u201cDeep Down Arts. Desde lo profundo del arte\u201d, en el expo\nForo del Macay, donde se exhibieron m\u00e1s de 140 obras de artistas con s\u00edndrome\nde Down y otras discapacidades intelectuales de M\u00e9xico y otros pa\u00edses. <\/p>\n\n\n\n<p>Esta muestra estar\u00e1 abierta al p\u00fablico hasta el mes de\nfebrero de 2020 y viajar\u00e1 posteriormente a Singapur, Holanda e Inglaterra.<\/p>\n<div class='share-to-whatsapp-wrapper'><div class='share-on-whsp'>Share on: <\/div><a data-text='Iipedey inaugura la Jornada de Arte y Discapacidad Intelectual' data-link='https:\/\/visionpeninsular.com\/mid\/iipedey-inaugura-la-jornada-de-arte-y-discapacidad-intelectual\/' class='whatsapp-button whatsapp-share'>WhatsApp<\/a><div class='clear '><\/div><\/div>","protected":false},"excerpt":{"rendered":"<p>Especialistas imparten conferencias durante Coloquio. Con el fin de promover acciones encaminadas a generar mayor conciencia entre la poblaci\u00f3n sobre el potencial art\u00edstico de las personas con s\u00edndrome de Down y otras discapacidades intelectuales, el Gobierno encabezado por Mauricio Vila Dosal, a trav\u00e9s del Instituto para la Inclusi\u00f3n de las Personas con Discapacidad del Estado &hellip;<\/p>\n","protected":false},"author":5,"featured_media":107237,"comment_status":"open","ping_status":"open","sticky":false,"template":"","format":"standard","meta":{"_mi_skip_tracking":false},"categories":[50,37],"tags":[18282,2183],"_links":{"self":[{"href":"https:\/\/visionpeninsular.com\/mid\/wp-json\/wp\/v2\/posts\/107232"}],"collection":[{"href":"https:\/\/visionpeninsular.com\/mid\/wp-json\/wp\/v2\/posts"}],"about":[{"href":"https:\/\/visionpeninsular.com\/mid\/wp-json\/wp\/v2\/types\/post"}],"author":[{"embeddable":true,"href":"https:\/\/visionpeninsular.com\/mid\/wp-json\/wp\/v2\/users\/5"}],"replies":[{"embeddable":true,"href":"https:\/\/visionpeninsular.com\/mid\/wp-json\/wp\/v2\/comments?post=107232"}],"version-history":[{"count":1,"href":"https:\/\/visionpeninsular.com\/mid\/wp-json\/wp\/v2\/posts\/107232\/revisions"}],"predecessor-version":[{"id":107239,"href":"https:\/\/visionpeninsular.com\/mid\/wp-json\/wp\/v2\/posts\/107232\/revisions\/107239"}],"wp:featuredmedia":[{"embeddable":true,"href":"https:\/\/visionpeninsular.com\/mid\/wp-json\/wp\/v2\/media\/107237"}],"wp:attachment":[{"href":"https:\/\/visionpeninsular.com\/mid\/wp-json\/wp\/v2\/media?parent=107232"}],"wp:term":[{"taxonomy":"category","embeddable":true,"href":"https:\/\/visionpeninsular.com\/mid\/wp-json\/wp\/v2\/categories?post=107232"},{"taxonomy":"post_tag","embeddable":true,"href":"https:\/\/visionpeninsular.com\/mid\/wp-json\/wp\/v2\/tags?post=107232"}],"curies":[{"name":"wp","href":"https:\/\/api.w.org\/{rel}","templated":true}]}}