{"id":10719,"date":"2016-08-25T10:54:31","date_gmt":"2016-08-25T15:54:31","guid":{"rendered":"http:\/\/visionpeninsular.com\/mid\/?p=10719"},"modified":"2016-08-25T10:54:31","modified_gmt":"2016-08-25T15:54:31","slug":"investigacion-del-sat-contra-gobernadores-podria-prolongarse-dos-anos","status":"publish","type":"post","link":"https:\/\/visionpeninsular.com\/mid\/investigacion-del-sat-contra-gobernadores-podria-prolongarse-dos-anos\/","title":{"rendered":"Investigaci\u00f3n del SAT contra Gobernadores podr\u00eda prolongarse dos a\u00f1os"},"content":{"rendered":"<p>Arist\u00f3teles N\u00fa\u00f1ez, jefe del Servicio de Administraci\u00f3n Tributaria (SAT), admiti\u00f3 que cinco gobernadores del Pa\u00eds est\u00e1n bajo investigaci\u00f3n aunque no se\u00f1al\u00f3 una raz\u00f3n espec\u00edfica de la investigaci\u00f3n si se\u00f1al\u00f3 que se espera que las investigaciones est\u00e9n listas antes de que concluya su sexenio.<\/p>\n<p>Esto en el caso de Roberto Borge Angulo de Quintana Roo y Javier Duarte de Ochoa en Veracruz que est\u00e1n a punto de concluir su gesti\u00f3n estatal. <\/p>\n<p>En cuanto a Duarte de Ochoa, el funcionario adelanto que la investigaci\u00f3n completa podr\u00eda prologarse por un par de a\u00f1os ante las denuncias penales por irregularidades luego de presuntos indicios de que 25 empresas fantasma hab\u00edan firmado contratos con distintas dependencias estatales para desviar m\u00e1s de 600 millones de pesos durante su Gobierno. <\/p>\n<p>&#8220;Tenemos 12 meses despu\u00e9s de que inicia una auditor\u00eda. Si el sujeto tiene algunas operaciones de comercio exterior puede extenderse hasta 24 meses&#8221;.<\/p>\n<p>Sin embargo, Arist\u00f3teles N\u00fa\u00f1ez opt\u00f3 por mantenerse lo m\u00e1s herm\u00e9tico posible sobre estas investigaciones, limit\u00e1ndose a dar pocos detalles sobre el tema. <\/p>\n<div class='share-to-whatsapp-wrapper'><div class='share-on-whsp'>Share on: <\/div><a data-text='Investigaci\u00f3n del SAT contra Gobernadores podr\u00eda prolongarse dos a\u00f1os' data-link='https:\/\/visionpeninsular.com\/mid\/investigacion-del-sat-contra-gobernadores-podria-prolongarse-dos-anos\/' class='whatsapp-button whatsapp-share'>WhatsApp<\/a><div class='clear '><\/div><\/div>","protected":false},"excerpt":{"rendered":"<p>Arist\u00f3teles N\u00fa\u00f1ez, jefe del Servicio de Administraci\u00f3n Tributaria (SAT), admiti\u00f3 que cinco gobernadores del Pa\u00eds est\u00e1n bajo investigaci\u00f3n aunque no se\u00f1al\u00f3 una raz\u00f3n espec\u00edfica de la investigaci\u00f3n si se\u00f1al\u00f3 que se espera que las investigaciones est\u00e9n listas antes de que concluya su sexenio. Esto en el caso de Roberto Borge Angulo de Quintana Roo y &hellip;<\/p>\n","protected":false},"author":1,"featured_media":10720,"comment_status":"open","ping_status":"open","sticky":false,"template":"","format":"standard","meta":{"_mi_skip_tracking":false},"categories":[50],"tags":[2312,67,754],"_links":{"self":[{"href":"https:\/\/visionpeninsular.com\/mid\/wp-json\/wp\/v2\/posts\/10719"}],"collection":[{"href":"https:\/\/visionpeninsular.com\/mid\/wp-json\/wp\/v2\/posts"}],"about":[{"href":"https:\/\/visionpeninsular.com\/mid\/wp-json\/wp\/v2\/types\/post"}],"author":[{"embeddable":true,"href":"https:\/\/visionpeninsular.com\/mid\/wp-json\/wp\/v2\/users\/1"}],"replies":[{"embeddable":true,"href":"https:\/\/visionpeninsular.com\/mid\/wp-json\/wp\/v2\/comments?post=10719"}],"version-history":[{"count":1,"href":"https:\/\/visionpeninsular.com\/mid\/wp-json\/wp\/v2\/posts\/10719\/revisions"}],"predecessor-version":[{"id":10721,"href":"https:\/\/visionpeninsular.com\/mid\/wp-json\/wp\/v2\/posts\/10719\/revisions\/10721"}],"wp:featuredmedia":[{"embeddable":true,"href":"https:\/\/visionpeninsular.com\/mid\/wp-json\/wp\/v2\/media\/10720"}],"wp:attachment":[{"href":"https:\/\/visionpeninsular.com\/mid\/wp-json\/wp\/v2\/media?parent=10719"}],"wp:term":[{"taxonomy":"category","embeddable":true,"href":"https:\/\/visionpeninsular.com\/mid\/wp-json\/wp\/v2\/categories?post=10719"},{"taxonomy":"post_tag","embeddable":true,"href":"https:\/\/visionpeninsular.com\/mid\/wp-json\/wp\/v2\/tags?post=10719"}],"curies":[{"name":"wp","href":"https:\/\/api.w.org\/{rel}","templated":true}]}}