{"id":106755,"date":"2019-11-07T17:00:31","date_gmt":"2019-11-07T23:00:31","guid":{"rendered":"http:\/\/visionpeninsular.com\/mid\/?p=106755"},"modified":"2019-11-07T17:00:38","modified_gmt":"2019-11-07T23:00:38","slug":"el-gobernador-mauricio-vila-dosal-pone-en-marcha-construccion-de-la-planta-de-autopartes-japonesa-uchiyama-manufacturing-de-yucatan","status":"publish","type":"post","link":"https:\/\/visionpeninsular.com\/mid\/el-gobernador-mauricio-vila-dosal-pone-en-marcha-construccion-de-la-planta-de-autopartes-japonesa-uchiyama-manufacturing-de-yucatan\/","title":{"rendered":"El Gobernador Mauricio Vila Dosal pone en marcha construcci\u00f3n de la planta de autopartes japonesa Uchiyama Manufacturing de Yucat\u00e1n"},"content":{"rendered":"\n<p><em>-La seguridad,\neducaci\u00f3n de calidad para el capital humano y su log\u00edstica, convirtieron al\nestado en el lugar ideal para invertir, resalt\u00f3 el presidente de la empresa,\nKenzo Uchiyama.<\/em><\/p>\n\n\n\n<p><em>-Con una inversi\u00f3n de\n65 millones de d\u00f3lares (1,300 millones de pesos), esta f\u00e1brica de autopartes\nser\u00e1 la primera de la firma asi\u00e1tica en el pa\u00eds<\/em>.<\/p>\n\n\n\n<p>Uc\u00fa, Yucat\u00e1n, 7 de noviembre de 2019.- Fruto de la labor de\npromoci\u00f3n de las ventajas competitivas y oportunidades que ofrece Yucat\u00e1n como\ndestino para la inversi\u00f3n, la empresa japonesa Uchiyama Manufacturing\nCorporation comenz\u00f3 la construcci\u00f3n de su planta de autopartes en el estado,\ntrabajos que puso en marcha el Gobernador Mauricio Vila Dosal y el presidente\nde la compa\u00f1\u00eda, Kenzo Uchiyama.<\/p>\n\n\n\n<p>En presencia de Kazuhito Nakamura, consejero de la Embajada\nde Jap\u00f3n en M\u00e9xico, quien acudi\u00f3 en representaci\u00f3n del embajador Yasushi\nTakase, Vila Dosal y el empresario japon\u00e9s encabezaron la ceremonia con la que\niniciaron las obras para la edificaci\u00f3n de la moderna f\u00e1brica, en la que se invierten\n65 millones de d\u00f3lares (1,300 millones de pesos) y dar\u00e1 paso a la generaci\u00f3n de\n1,000 empleos directos y 5,000 indirectos en los pr\u00f3ximos 5 a\u00f1os.<\/p>\n\n\n\n<figure class=\"wp-block-image\"><img loading=\"lazy\" width=\"1024\" height=\"682\" src=\"http:\/\/visionpeninsular.com\/mid\/wp-content\/uploads\/2019\/11\/uc\u00fa-2-1024x682.jpg\" alt=\"\" class=\"wp-image-106765\" srcset=\"https:\/\/visionpeninsular.com\/mid\/wp-content\/uploads\/2019\/11\/uc\u00fa-2.jpg 1024w, https:\/\/visionpeninsular.com\/mid\/wp-content\/uploads\/2019\/11\/uc\u00fa-2-300x200.jpg 300w, https:\/\/visionpeninsular.com\/mid\/wp-content\/uploads\/2019\/11\/uc\u00fa-2-768x512.jpg 768w, https:\/\/visionpeninsular.com\/mid\/wp-content\/uploads\/2019\/11\/uc\u00fa-2-310x205.jpg 310w\" sizes=\"(max-width: 1024px) 100vw, 1024px\" \/><\/figure>\n\n\n\n<p>Hay que recordar que, el establecimiento de la marca nipona\nen Yucat\u00e1n es resultado de la misi\u00f3n de negocios que realiz\u00f3 el Gobernador hace\ncasi un a\u00f1o por Jap\u00f3n y Corea del Sur, al tiempo que viene a reiterar la\nconfianza que la iniciativa privada local, nacional y extranjera ha puesto en\nel estado.<\/p>\n\n\n\n<p>Al respecto, Kenzo Uchiyama destac\u00f3 que Yucat\u00e1n fue elegido\npara la instalaci\u00f3n de su primera planta en M\u00e9xico gracias a sus niveles de\nseguridad, sus instituciones educativas que forman capital humano especializado\ny su log\u00edstica, lo que se suma a la calidez de su gente.<\/p>\n\n\n\n<p>\u201cEso es lo que nos da tranquilidad y estamos convencidos de\nque Yucat\u00e1n es el lugar id\u00f3neo que estamos buscando y ser\u00e1 fundamental para\nfortalecer nuestra capacidad, ya que se convertir\u00e1 en un centro de manufactura\ns\u00f3lido\u201d, se\u00f1al\u00f3 el empresario japon\u00e9s.<\/p>\n\n\n\n<p>Al dirigir su mensaje, Vila Dosal reiter\u00f3 su agradecimiento\na la compa\u00f1\u00eda japonesa por confiar en Yucat\u00e1n para tan importante inversi\u00f3n,\npues una vez funcionando, la planta ofrecer\u00e1 empleos formales bien pagados para\nlas nuevas generaciones de yucatecos, lo que redundar\u00e1 en una mejor calidad de vida.<\/p>\n\n\n\n<p>\u201cVamos a seguir promoviendo a Yucat\u00e1n en todo el mundo\nporque hoy las inversiones son globales, si nos quedamos sentados en nuestra\noficina en Palacio de Gobierno, nadie va a venir a invertir a al estado,\ntenemos que salir a promoverlo, tenemos que entrar a la competencia pues las\nventajas competitivas que hoy tenemos, sin duda, son algo que nos pone en una\nmuy buena posibilidad de seguir consiguiendo inversiones, como \u00e9sta\u201d, asever\u00f3\nel Gobernador.<\/p>\n\n\n\n<p>Vila Dosal se\u00f1al\u00f3 que en el estado se est\u00e1 trabajando en 3\nejes fundamentales para seguir atrayendo la mirada del mundo hacia Yucat\u00e1n, que\nson la seguridad, energ\u00eda y mejora regulatoria.<\/p>\n\n\n\n<p>En materia de seguridad, el Gobernador indic\u00f3 que Yucat\u00e1n ha\nsido nombrado el estado m\u00e1s seguro de todo el pa\u00eds en 3 ocasiones consecutivas,\nmientras que la ciudad de M\u00e9rida, seg\u00fan los \u00edndices internacionales de\nseguridad, es la segunda ciudad m\u00e1s segura de toda Am\u00e9rica, solamente despu\u00e9s\nde Quebec, Canad\u00e1, y de acuerdo al \u00edndice de seguridad del Gabinete de\nComunicaci\u00f3n Estrat\u00e9gica, la capital est\u00e1 20 puntos arriba de la urbe que le\nsigue.<\/p>\n\n\n\n<p>\u201cY para mantener estos niveles, el Congreso del Estado nos\nautoriz\u00f3 una inversi\u00f3n de 2,600 millones de pesos para el rubro de seguridad,\ndonde vamos a pasar de tener 2,100 c\u00e1maras de seguridad a tener 5,700, de 100\narcos lectores de placas a 220, de tener una tecnolog\u00eda C4 a una tecnolog\u00eda\nC5i, que es lo m\u00e1s moderno que existe hoy en d\u00eda en monitoreo, entre muchas\notras cosas\u201d, se\u00f1al\u00f3 Vila Dosal.<\/p>\n\n\n\n<p>De igual manera, el Gobernador agreg\u00f3 que este a\u00f1o se\nincorporaron 300 nuevos polic\u00edas a la Secretar\u00eda de Seguridad P\u00fablica (SSP),\ncon lo que ya suman alrededor de 4,300 elementos, se entregaron 353 nuevos\nveh\u00edculos para la corporaci\u00f3n y se est\u00e1 entregando becas del 100% para que los\nhijos de los polic\u00edas yucatecos estudien en cualquier universidad p\u00fablica o\nprivada, lo que se complementa con un apoyo de 2,600 pesos bimestrales para sus\ngastos de transportaci\u00f3n y alimentaci\u00f3n.<\/p>\n\n\n\n<p>En el tema de la energ\u00eda, Vila Dosal indic\u00f3 que gracias a\nlas gestiones ante el Presidente Andr\u00e9s Manuel L\u00f3pez Obrados y la Comisi\u00f3n\nFederal de Electricidad (CFE), en 2020 se construir\u00e1 la Central electricidad de\nCiclo Combinado M\u00e9rida IV, que tendr\u00e1 una capacidad instalada de 300 megawatts\n(MW) para 2021, 500 MW para el 2023 y 1,000 MW para el 2024. Con esto se\nestar\u00eda asegurando energ\u00eda en Yucat\u00e1n para los pr\u00f3ximos 15 a\u00f1os. Adem\u00e1s que se\nconcret\u00f3 la creaci\u00f3n de una nueva l\u00ednea de transmisi\u00f3n que ir\u00e1 de Malpaso,\nChiapas, a Ticul, con una inversi\u00f3n de 2 mil millones de pesos.<\/p>\n\n\n\n<p>Tambi\u00e9n, agreg\u00f3 el Gobernador, en energ\u00edas renovables, se\nhan inaugurado los parques de energ\u00eda e\u00f3lica de Tizim\u00edn y Dzilam de Bravo, as\u00ed\ncomo las 2 plantas fotovoltaicas de Progreso y Peto. Mientras que se encuentran\nen proceso de aprobaci\u00f3n 24 proyectos m\u00e1s de este tipo que representan una\ninversi\u00f3n de 4,500 millones de d\u00f3lares y la generaci\u00f3n de 3,400 MW.<\/p>\n\n\n\n<p>Por \u00faltimo, en materia de mejora regulatoria, Vila Dosal\nrecord\u00f3 que se firm\u00f3 un convenio con la Organizaci\u00f3n para la Cooperaci\u00f3n y el\nDesarrollo Econ\u00f3micos (OCDE), para ofrecer tr\u00e1mites m\u00e1s \u00e1giles y r\u00e1pidos a la\nciudadan\u00eda y todo aquel que desee invertir en el territorio.<\/p>\n\n\n\n<p>En ese marco, el Gobernador resalt\u00f3 que Yucat\u00e1n va por buen\ncamino y como ejemplo indic\u00f3 que, en el primer semestre de este a\u00f1o, la inversi\u00f3n\nextranjera en el estado creci\u00f3 en un 60%, pasando del lugar 30 a nivel nacional\nal 7 en crecimiento; pues s\u00f3lo en ese periodo se obtuvieron mejores cifras que\nen todo el 2018.<\/p>\n\n\n\n<p>\u201cDurante los \u00faltimos 12 meses, hemos logrado certeza de\ninversi\u00f3n por m\u00e1s de 40 mil millones de pesos que van a generar en los pr\u00f3ximos\na\u00f1os m\u00e1s de 30 mil empleos. Hoy en d\u00eda, Yucat\u00e1n sigue creciendo a pesar de la\ndesaceleraci\u00f3n econ\u00f3mica que hay en el pa\u00eds, pues durante el primer semestre\ndel a\u00f1o ha crecido al 1.7 %, mientras que el pa\u00eds decreci\u00f3 en 0.6%. Estamos\ncreciendo cuatro veces m\u00e1s de lo que est\u00e1 creciendo el pa\u00eds\u201d, agreg\u00f3 Vila\nDosal.<\/p>\n\n\n\n<p>En ese sentido, el Gobernador agreg\u00f3 que en generaci\u00f3n de\nempleos tambi\u00e9n hay buenas noticias, ya que se cre\u00f3 un 3% m\u00e1s puestos laborales\nque el a\u00f1o pasado, a pesar de que en el pa\u00eds se obtuvo un -39%, y de acuerdo a\nindicadores del Instituto Nacional de Estad\u00edstica y Geograf\u00eda (Inegi), Yucat\u00e1n\nes el tercer estado del pa\u00eds con la menor tasa de desempleo, que es del 2%,\nmientras que la media nacional es del 3.5%.<\/p>\n\n\n\n<p>\u201cOtro dato importante es que, durante este segundo\ntrimestre, la tasa de informalidad en Yucat\u00e1n es la m\u00e1s baja que se ha tenido\nen nuestra historia, hace falta mucho trabajo por hacer para seguir llevando a\nla formalidad a mucha gente, por eso es tan importante seguir saliendo a buscar\nm\u00e1s inversiones\u201d, finaliz\u00f3 Vila Dosal.<\/p>\n\n\n\n<p>Esta f\u00e1brica est\u00e1 siendo construida en un predio de 60 mil\nmetros cuadrados (m2), denominado Parque Industrial Central Business Park\n(CBP), dentro del corredor industrial de Hunucm\u00e1. Del total de esta superficie,\nlas instalaciones de la primera etapa abarcar\u00e1n 15,000 m2 y las de la segunda,\n13,000 m2.<\/p>\n\n\n\n<p>Se trata de la primera factor\u00eda de la compa\u00f1\u00eda asi\u00e1tica en\nM\u00e9xico y estar\u00e1 orientada a la fabricaci\u00f3n de sellos o empaques est\u00e1ticos y\ndin\u00e1micos para motores de veh\u00edculos, a trav\u00e9s del empleo de tecnolog\u00eda de\nvanguardia. Los empaques est\u00e1ticos se usan para prevenir fugas de fluido, por\nejemplo, en recipientes sometidos a presi\u00f3n. En tanto que, los din\u00e1micos se\naplican para prevenir fugas en una junta deslizante o rotatoria.<\/p>\n\n\n\n<p>&nbsp;Las piezas producidas\nen estas instalaciones ser\u00e1n exportadas a Estados Unidos, Centroam\u00e9rica,\nSudam\u00e9rica y Asia, por v\u00eda mar\u00edtima desde el Puerto de Progreso. Se prev\u00e9 la\ncreaci\u00f3n de 200 empleos directos en un 1 a\u00f1o y 1,000 en los pr\u00f3ximos 5 a\u00f1os;\npor cada uno de ellos se generar\u00e1n 5 de manera indirecta, ya que la apertura de\nplazas laborales de la compa\u00f1\u00eda japonesa en la entidad tendr\u00e1 un efecto\nmultiplicativo a trav\u00e9s de la cadena de proveedur\u00eda que estimular\u00e1.<\/p>\n\n\n\n<p>Posterior al acto protocolario, el Gobernador particip\u00f3 en\nla ceremonia de apertura de Sake, acto japon\u00e9s que se acostumbra a realizar en\nel levantamiento del primer pilar de un edificio y en su inauguraci\u00f3n para\ntraer buena suerte.<\/p>\n\n\n\n<p>Uchiyama Manufacturing Corporation tiene como principales\nclientes a compa\u00f1\u00edas japonesas de autos como Nissan, Mazda, Toyota, Mitsubishi,\nIsuzu, Subaru, Suzuki, Hino, Yamaha y Honda, adem\u00e1s de marcas globales como\nGeneral Motors y Ford, entre otras, vinculadas con la industria automotriz.\nTambi\u00e9n, crean sellos est\u00e1ticos para el motor de veh\u00edculos de alta gama de la\nmarca Lexus, perteneciente a la Toyota, con gran presencia en Estados Unidos.<\/p>\n\n\n\n<p>En el continente americano, la firma cuenta con puntos de distribuci\u00f3n\nde sus productos en Detroit, Michigan y Le\u00f3n, Guanajuato, no obstante, la\nplanta de Yucat\u00e1n ser\u00eda su primera factor\u00eda en territorio nacional.\nActualmente, la empresa cuenta con m\u00e1s de 22,000 empleados de manera directa\nalrededor del mundo, a los que se sumar\u00e1n los que trabajar\u00e1n en el complejo que\nse instalar\u00e1 en territorio yucateco.<\/p>\n\n\n\n<p>En el evento tambi\u00e9n estuvieron el representante legal de la\nfirma nipona, Mikito Tanaka; el alcalde de Uc\u00fa, Gaspar Ariel Pinto Ojeda; el\ndirigente del Consejo Coordinador Empresarial (CEE) Yucat\u00e1n, Ra\u00fal Aguilar\nBaqueiro; el titular de la Secretar\u00eda de Fomento Econ\u00f3mico y Trabajo (Sefoet),\nErnesto Herrera Novelo; y los diputados Enrique Catillo Ruz y Luis Loeza\nPacheco.<\/p>\n<div class='share-to-whatsapp-wrapper'><div class='share-on-whsp'>Share on: <\/div><a data-text='El Gobernador Mauricio Vila Dosal pone en marcha construcci\u00f3n de la planta de autopartes japonesa Uchiyama Manufacturing de Yucat\u00e1n' data-link='https:\/\/visionpeninsular.com\/mid\/el-gobernador-mauricio-vila-dosal-pone-en-marcha-construccion-de-la-planta-de-autopartes-japonesa-uchiyama-manufacturing-de-yucatan\/' class='whatsapp-button whatsapp-share'>WhatsApp<\/a><div class='clear '><\/div><\/div>","protected":false},"excerpt":{"rendered":"<p>-La seguridad, educaci\u00f3n de calidad para el capital humano y su log\u00edstica, convirtieron al estado en el lugar ideal para invertir, resalt\u00f3 el presidente de la empresa, Kenzo Uchiyama. -Con una inversi\u00f3n de 65 millones de d\u00f3lares (1,300 millones de pesos), esta f\u00e1brica de autopartes ser\u00e1 la primera de la firma asi\u00e1tica en el pa\u00eds. &hellip;<\/p>\n","protected":false},"author":5,"featured_media":106760,"comment_status":"open","ping_status":"open","sticky":false,"template":"","format":"standard","meta":{"_mi_skip_tracking":false},"categories":[49,37],"tags":[185,3861,18253],"_links":{"self":[{"href":"https:\/\/visionpeninsular.com\/mid\/wp-json\/wp\/v2\/posts\/106755"}],"collection":[{"href":"https:\/\/visionpeninsular.com\/mid\/wp-json\/wp\/v2\/posts"}],"about":[{"href":"https:\/\/visionpeninsular.com\/mid\/wp-json\/wp\/v2\/types\/post"}],"author":[{"embeddable":true,"href":"https:\/\/visionpeninsular.com\/mid\/wp-json\/wp\/v2\/users\/5"}],"replies":[{"embeddable":true,"href":"https:\/\/visionpeninsular.com\/mid\/wp-json\/wp\/v2\/comments?post=106755"}],"version-history":[{"count":1,"href":"https:\/\/visionpeninsular.com\/mid\/wp-json\/wp\/v2\/posts\/106755\/revisions"}],"predecessor-version":[{"id":106766,"href":"https:\/\/visionpeninsular.com\/mid\/wp-json\/wp\/v2\/posts\/106755\/revisions\/106766"}],"wp:featuredmedia":[{"embeddable":true,"href":"https:\/\/visionpeninsular.com\/mid\/wp-json\/wp\/v2\/media\/106760"}],"wp:attachment":[{"href":"https:\/\/visionpeninsular.com\/mid\/wp-json\/wp\/v2\/media?parent=106755"}],"wp:term":[{"taxonomy":"category","embeddable":true,"href":"https:\/\/visionpeninsular.com\/mid\/wp-json\/wp\/v2\/categories?post=106755"},{"taxonomy":"post_tag","embeddable":true,"href":"https:\/\/visionpeninsular.com\/mid\/wp-json\/wp\/v2\/tags?post=106755"}],"curies":[{"name":"wp","href":"https:\/\/api.w.org\/{rel}","templated":true}]}}