{"id":106737,"date":"2019-11-07T12:45:13","date_gmt":"2019-11-07T18:45:13","guid":{"rendered":"http:\/\/visionpeninsular.com\/mid\/?p=106737"},"modified":"2019-11-07T13:37:48","modified_gmt":"2019-11-07T19:37:48","slug":"colocan-en-ucu-la-primera-piedra-de-empresa-japonesa","status":"publish","type":"post","link":"https:\/\/visionpeninsular.com\/mid\/colocan-en-ucu-la-primera-piedra-de-empresa-japonesa\/","title":{"rendered":"Canacintra pone primera piedra de importante f\u00e1brica en Uc\u00fa"},"content":{"rendered":"\n<p>La construcci\u00f3n de la planta japonesa Uchiyama, es una\nopci\u00f3n m\u00e1s para que las empresas yucatecas se sumen a la posibilidad de la\nproveedur\u00eda de estos grandes corporativos que se instalan en Yucat\u00e1n, se\u00f1al\u00f3 el\npresidente de la C\u00e1mara Nacional de la Industria de la Transformaci\u00f3n,\n(Canacintra) Alberto Abraham Xacur.<\/p>\n\n\n\n<p>Abraham Xacur, dio a conocer que la empresa nipona present\u00f3\nal sector empresarial su proyecto completo de edificaci\u00f3n de la planta en Uc\u00fa.<\/p>\n\n\n\n<p>\u201cNos reuniremos con los empresarios japoneses para conocer a\ndetalle las demandas y requerimientos de proveedur\u00eda que necesitan y que el\nempresariado local pueda presentar alternativas para aportar la proveedur\u00eda\nnecesaria\u201d, expres\u00f3.<\/p>\n\n\n\n<p>Este d\u00eda se coloc\u00f3 la primera piedra de la planta Uchiyama\nManufacturing Yucat\u00e1n, inversi\u00f3n japonesa de 65 millones de d\u00f3lares que se\nconstruir\u00e1 en el parque log\u00edstico del municipio de Uc\u00fa (al poniente de la\nciudad de M\u00e9rida) y que dar\u00e1 la pauta a la creaci\u00f3n de mil nuevos empleos directos\ny cinco mil indirectos.<\/p>\n\n\n\n<p>El presidente de Canacintra enfatiz\u00f3 que esta planta\nrequerir\u00e1 de muchos servicios (uniformes, equipamiento y limpieza, seguridad,\ncomo tambi\u00e9n alimentos y software) por establecer las m\u00e1s viables que podr\u00e1n\nofrecer los proveedores locales.<\/p>\n\n\n\n<p>La llegada de m\u00e1s empresas a nuestro estado abre una amplia\noportunidad para incrementar los servicios de apoyo a estos corporativos\ninternacionales, la oportunidad a fomentar empresas que surtan y acompa\u00f1en el\ndesempe\u00f1o de estas industrias, lo que permitir\u00e1 un campo de acci\u00f3n para la\nproveedur\u00eda y ser parte de la derrama econ\u00f3mica que est\u00e1 llegando al estado.<\/p>\n\n\n\n<p>La construcci\u00f3n de la obra la realizar\u00e1 empresas locales,\nque ya es una primera necesidad, pero con la construcci\u00f3n est\u00e1n otros requerimientos\nespec\u00edficos para esta industria que son equipos para cocinas, ya que tendr\u00e1\ncomedores, transporte, materiales, etc., y el empresario yucateco debe de estar\nlisto para aprovechar estos espacios y proveer los servicios que se demandan.<\/p>\n\n\n\n<p>Esta empresa dar\u00e1 empleo a una generaci\u00f3n completa de\nprofesionistas del sector de ingenier\u00edas, mecatr\u00f3nica, mec\u00e1nica y log\u00edstica que\nestar\u00e1n al frente de las \u00e1reas m\u00e1s importantes, porque si bien habr\u00e1 un\ndirector general, seg\u00fan se ha establecido, el personal operativo de la empresa\nser\u00e1n profesionistas yucatecos, egresados de las universidades locales, lo que\npermite ya una aportaci\u00f3n inmejorable a las expectativas de crecimiento del\nestado y con ello a mejores salarios y prestaciones para la planta productiva de\nestas nuevas empresas.<\/p>\n\n\n\n<p>La posibilidad es dinamizar la proveedur\u00eda, ampliar el marco\nde oferta de productos y servicios para cubrir las necesidades de estas\nempresas, aportar mecanismos de calidad, cumplimiento y profesionalizaci\u00f3n en\nla oferta y con ello ampliar el engranaje de las cadenas productivas del sector\ncomercial, industrial y de servicios que ya est\u00e1 realizando en el estado.<\/p>\n<div class='share-to-whatsapp-wrapper'><div class='share-on-whsp'>Share on: <\/div><a data-text='Canacintra pone primera piedra de importante f\u00e1brica en Uc\u00fa' data-link='https:\/\/visionpeninsular.com\/mid\/colocan-en-ucu-la-primera-piedra-de-empresa-japonesa\/' class='whatsapp-button whatsapp-share'>WhatsApp<\/a><div class='clear '><\/div><\/div>","protected":false},"excerpt":{"rendered":"<p>La construcci\u00f3n de la planta japonesa Uchiyama, es una opci\u00f3n m\u00e1s para que las empresas yucatecas se sumen a la posibilidad de la proveedur\u00eda de estos grandes corporativos que se instalan en Yucat\u00e1n, se\u00f1al\u00f3 el presidente de la C\u00e1mara Nacional de la Industria de la Transformaci\u00f3n, (Canacintra) Alberto Abraham Xacur. Abraham Xacur, dio a conocer &hellip;<\/p>\n","protected":false},"author":5,"featured_media":106742,"comment_status":"open","ping_status":"open","sticky":false,"template":"","format":"standard","meta":{"_mi_skip_tracking":false},"categories":[50,37],"tags":[18252,185,18251,18250],"_links":{"self":[{"href":"https:\/\/visionpeninsular.com\/mid\/wp-json\/wp\/v2\/posts\/106737"}],"collection":[{"href":"https:\/\/visionpeninsular.com\/mid\/wp-json\/wp\/v2\/posts"}],"about":[{"href":"https:\/\/visionpeninsular.com\/mid\/wp-json\/wp\/v2\/types\/post"}],"author":[{"embeddable":true,"href":"https:\/\/visionpeninsular.com\/mid\/wp-json\/wp\/v2\/users\/5"}],"replies":[{"embeddable":true,"href":"https:\/\/visionpeninsular.com\/mid\/wp-json\/wp\/v2\/comments?post=106737"}],"version-history":[{"count":3,"href":"https:\/\/visionpeninsular.com\/mid\/wp-json\/wp\/v2\/posts\/106737\/revisions"}],"predecessor-version":[{"id":106754,"href":"https:\/\/visionpeninsular.com\/mid\/wp-json\/wp\/v2\/posts\/106737\/revisions\/106754"}],"wp:featuredmedia":[{"embeddable":true,"href":"https:\/\/visionpeninsular.com\/mid\/wp-json\/wp\/v2\/media\/106742"}],"wp:attachment":[{"href":"https:\/\/visionpeninsular.com\/mid\/wp-json\/wp\/v2\/media?parent=106737"}],"wp:term":[{"taxonomy":"category","embeddable":true,"href":"https:\/\/visionpeninsular.com\/mid\/wp-json\/wp\/v2\/categories?post=106737"},{"taxonomy":"post_tag","embeddable":true,"href":"https:\/\/visionpeninsular.com\/mid\/wp-json\/wp\/v2\/tags?post=106737"}],"curies":[{"name":"wp","href":"https:\/\/api.w.org\/{rel}","templated":true}]}}