{"id":106227,"date":"2019-11-02T11:13:44","date_gmt":"2019-11-02T17:13:44","guid":{"rendered":"http:\/\/visionpeninsular.com\/mid\/?p=106227"},"modified":"2019-11-02T11:13:54","modified_gmt":"2019-11-02T17:13:54","slug":"mariscal-y-tatuaje","status":"publish","type":"post","link":"https:\/\/visionpeninsular.com\/mid\/mariscal-y-tatuaje\/","title":{"rendered":"Mariscal y tatuaje"},"content":{"rendered":"\n<p>Franck Fern\u00e1ndez Estrada (*)<\/p>\n\n\n\n<p>Fuente: Diario de Yucat\u00e1n<\/p>\n\n\n\n<p>Las modas van y vienen. Cosas que estuvieron en la palestra\nhace 40 a\u00f1os vuelven a los gustos actuales.<\/p>\n\n\n\n<p>Si el rojo deja de ser tendencia reemplazado por el azul,\nbasta con guardar la prenda en el armario\u2026 pronto volver\u00e1 el rojo.<\/p>\n\n\n\n<p>Pero hay modas que no se pueden guardar en el armario por\nestar grabadas con tinta indeleble. Pienso en la moda del tatuaje.<\/p>\n\n\n\n<p>No voy aqu\u00ed a dar mis opiniones personales sobre el tema. Lo\nque s\u00ed quiero decir es que esos tatuajes en m\u00fasculos j\u00f3venes y tersos pierden\ntoda su firmeza cuando la gravedad comienza a hacer su trabajo con el paso de\nlos a\u00f1os. Aquello que fue un ancla termina siendo un poste el\u00e9ctrico.<\/p>\n\n\n\n<p>Adem\u00e1s, el tatuaje tiene la desventaja de que, por ser\nindeleble, puede comprometer en el futuro nuestras acciones de hoy.<\/p>\n\n\n\n<p>Famosos son los tatuajes de amor eterno por Juana y despu\u00e9s\nse casa con Mar\u00eda.<\/p>\n\n\n\n<p>Pero las cosas pueden ser m\u00e1s graves si en los tatuajes se\nmuestran todas las opiniones pol\u00edticas.<\/p>\n\n\n\n<p>En la pol\u00edtica, como en la moda, las cosas cambian. Las\nposiciones que defiendes hoy las puedes recriminar, sin lugar a dudas, ma\u00f1ana.<\/p>\n\n\n\n<p>Toda esta reflexi\u00f3n me lleva a pensar en un personaje que se\nhizo c\u00e9lebre con la revoluci\u00f3n francesa de 1789 durante la cual tuvo s\u00f3lidas\nposiciones republicanas.<\/p>\n\n\n\n<p>Tanto era as\u00ed que, en el \u00edmpetu de la revoluci\u00f3n y en el\nfragor de los acontecimientos, lleg\u00f3 a tatuar en su pecho: \u201cMort aux rois\n(Muerte a los reyes)\u201d.<\/p>\n\n\n\n<p>Lo que no pod\u00eda ni siquiera imaginar Jean-Baptiste Bernadotte,\nque as\u00ed se llama nuestro personaje del d\u00eda de hoy, es que el destino lo\nllevar\u00eda a ser \u00e9l mismo rey.<\/p>\n\n\n\n<p>Algunos historiadores alegan que esta historia del tatuaje\nen el pecho de Bernadotte son invenciones. Hay que se\u00f1alar que el m\u00e9dico que\ncertific\u00f3 su muerte en 1844 declar\u00f3 que tal tatuaje no exist\u00eda.<\/p>\n\n\n\n<p>Comprometedor ser\u00eda para el doctor si confirmaba la\nexistencia del tatuaje que condenaba a muerte a los reyes despu\u00e9s de certificar\nla muerte de uno de ellos.<\/p>\n\n\n\n<p>Ahora bien, \u00bfc\u00f3mo es posible que alguien con tan profundas\nideas republicanas que lo llevaron a tatuarse en el pecho tan expresiva frase\ntermin\u00f3 sentado en un trono real? Hagamos un poco de historia.<\/p>\n\n\n\n<p>Si bien los or\u00edgenes de Jean-Baptiste Bernadotte no eran de\nmuy alta cuna, su padre era procurador de su ciudad natal de Pau, que se\nencuentra en el sudoeste de Francia, cerca de la frontera espa\u00f1ola. Naci\u00f3 en\n1763 y a los 17 a\u00f1os ya era soldado del ej\u00e9rcito de la Francia mon\u00e1rquica. Sus\ncualidades militares facilitaron su ascenso obteniendo en pocos a\u00f1os el grado\nde brigadier. Es en esos momentos que se produce la revoluci\u00f3n francesa.<\/p>\n\n\n\n<p>Durante la revoluci\u00f3n, nuestro Jean-Baptiste supo mantenerse\nen la cresta de la ola en las diferentes batallas a las que se tuvo que\nenfrentar la joven rep\u00fablica para su supervivencia.<\/p>\n\n\n\n<p>Dentro del marco de estas batallas estuvo en contacto con\nBonaparte, que a\u00fan no se hac\u00eda llamar Napole\u00f3n. El futuro emperador vio en el\njoven Jean-Baptiste a un gran militar pero, por sobre todas las cosas, a un muy\nbuen organizador.<\/p>\n\n\n\n<p>Bernadotte nunca vio con buenos ojos a Napole\u00f3n. Siempre vio\nen \u00e9l a un futuro tirano. Incluso hab\u00eda hecho el juramento de luchar contra\nNapole\u00f3n en el caso en que se proclamara rey. De hecho, Napole\u00f3n nunca se\nproclam\u00f3 rey, se proclam\u00f3 emperador, sus aspiraciones eran superiores.<\/p>\n\n\n\n<p>Paralelamente, Jean-Baptiste se cas\u00f3 con una chica llamada\nD\u00e9sir\u00e9e, hija de un mercader de sedas de Marsella. La hermana de D\u00e9sir\u00e9e era\nJulia Clary, esposa de Jos\u00e9 Bonaparte, hermano de Napole\u00f3n al que se le dio el\nt\u00edtulo de Rey de Espa\u00f1a.<\/p>\n\n\n\n<p>Cuando Napole\u00f3n crea el primer imperio, nombra a 18\nmariscales. Bernadotte fue uno de ellos. Y, cuando Napole\u00f3n se declara rey de\nRoma, cre\u00f3 para Bernadotte el Principado de Ponte Corvo.<\/p>\n\n\n\n<p>En 1808 es nombrado gobernador de los pueblos del norte de\nEuropa y dirigi\u00f3 una expedici\u00f3n contra Suecia, invasi\u00f3n malograda contra ese\npa\u00eds por falta de log\u00edstica.<\/p>\n\n\n\n<p>Durante esta contienda, los oficiales suecos que hab\u00edan sido\nhechos prisioneros por los franceses vieron con benepl\u00e1cito el buen trato que\nel Mariscal franc\u00e9s Bernadotte dispensada a sus enemigos prisioneros y lo bien\nque organizaba las cosas para el bienestar del pueblo que estaba bajo su\nadministraci\u00f3n. Mientras tanto, en Suecia gobernaba un viejo rey que no ten\u00eda\ndescendencia, Carlos XIII.<\/p>\n\n\n\n<p>Hac\u00eda poco que Suecia hab\u00eda perdido Finlandia ante el empuje\nde Rusia. Suecia era un pa\u00eds en decadencia y necesitaba un rey fuerte para su\ndefensa contra nuevas eventuales invasiones rusas.<\/p>\n\n\n\n<p>Fue el chambel\u00e1n del Rey Carlos XIII, que en un momento\nhab\u00eda sido prisionero de Bernadotte, quien viaj\u00f3 a Paris para proponerle a\nBernadotte ser nombrado pr\u00edncipe heredero una vez que el Rey Carlos XIII lo\nadoptar\u00e1 como hijo.<\/p>\n\n\n\n<p>Grande fue la sorpresa de Jean-Baptiste al recibir este\nofrecimiento. La elecci\u00f3n fue la correcta. Bernadotte no era de aquellos que\nobedec\u00edan ciegamente a Napole\u00f3n. A Estocolmo se dirigi\u00f3 el matrimonio D\u00e9sir\u00e9e y\nJean-Baptiste y pocos d\u00edas despu\u00e9s el hasta entonces mariscal fue adoptado por\nel rey, adoptando el nombre de Carl XIV Johan, en su calidad de pr\u00edncipe\nheredero.<\/p>\n\n\n\n<p>Esto de ser heredero del trono de Suecia se lo tom\u00f3 muy en\nserio nuestro Jean-Batista y m\u00e1s adelante se uni\u00f3 con sus tropas suecas a los\nenemigos de Napole\u00f3n para luchar contra su antiguo emperador.<\/p>\n\n\n\n<p>Carlos XVII Juan fue un rey muy querido en Suecia y Noruega,\nya que en aquella \u00e9poca los dos pa\u00edses estaban unidos. Fue \u00e9l quien con sus\nideas republicanas consolid\u00f3 la econom\u00eda de Suecia fortaleciendo los bancos,\norganizando a los artesanos para que crecieran sus negocios, haciendo todo tipo\nde trabajo social para con sus s\u00fabditos y siendo uno de los primeros pa\u00edses del\nmundo en declarar obligatoria la educaci\u00f3n primaria para todos los ni\u00f1os del\npa\u00eds.<\/p>\n\n\n\n<p>Hoy el rey de Suecia, Carlos XVI Gustavo y su hija Victoria,\nprincesa heredera del trono, no solo se reconocen como descendientes de aquel\nfranc\u00e9s oriundo de la ciudad de Pau, sino que le rinden homenaje a su ancestro\nvisitando con regularidad la modesta morada que lo vio nacer.<\/p>\n\n\n\n<p>As\u00ed que la moraleja de esta historia es: cuando vaya a\nhacerse un tatuaje\u2026 piense dos veces en las consecuencias que este pueda tener.<\/p>\n\n\n\n<p>Traductor, int\u00e9rprete y <a href=\"mailto:fil\u00f3logo.altus@sureste.com\">fil\u00f3logo.altus@sureste.com<\/a><\/p>\n<div class='share-to-whatsapp-wrapper'><div class='share-on-whsp'>Share on: <\/div><a data-text='Mariscal y tatuaje' data-link='https:\/\/visionpeninsular.com\/mid\/mariscal-y-tatuaje\/' class='whatsapp-button whatsapp-share'>WhatsApp<\/a><div class='clear '><\/div><\/div>","protected":false},"excerpt":{"rendered":"<p>Franck Fern\u00e1ndez Estrada (*) Fuente: Diario de Yucat\u00e1n Las modas van y vienen. Cosas que estuvieron en la palestra hace 40 a\u00f1os vuelven a los gustos actuales. Si el rojo deja de ser tendencia reemplazado por el azul, basta con guardar la prenda en el armario\u2026 pronto volver\u00e1 el rojo. Pero hay modas que no &hellip;<\/p>\n","protected":false},"author":5,"featured_media":106236,"comment_status":"open","ping_status":"open","sticky":false,"template":"","format":"standard","meta":{"_mi_skip_tracking":false},"categories":[44],"tags":[14988,17137],"_links":{"self":[{"href":"https:\/\/visionpeninsular.com\/mid\/wp-json\/wp\/v2\/posts\/106227"}],"collection":[{"href":"https:\/\/visionpeninsular.com\/mid\/wp-json\/wp\/v2\/posts"}],"about":[{"href":"https:\/\/visionpeninsular.com\/mid\/wp-json\/wp\/v2\/types\/post"}],"author":[{"embeddable":true,"href":"https:\/\/visionpeninsular.com\/mid\/wp-json\/wp\/v2\/users\/5"}],"replies":[{"embeddable":true,"href":"https:\/\/visionpeninsular.com\/mid\/wp-json\/wp\/v2\/comments?post=106227"}],"version-history":[{"count":1,"href":"https:\/\/visionpeninsular.com\/mid\/wp-json\/wp\/v2\/posts\/106227\/revisions"}],"predecessor-version":[{"id":106237,"href":"https:\/\/visionpeninsular.com\/mid\/wp-json\/wp\/v2\/posts\/106227\/revisions\/106237"}],"wp:featuredmedia":[{"embeddable":true,"href":"https:\/\/visionpeninsular.com\/mid\/wp-json\/wp\/v2\/media\/106236"}],"wp:attachment":[{"href":"https:\/\/visionpeninsular.com\/mid\/wp-json\/wp\/v2\/media?parent=106227"}],"wp:term":[{"taxonomy":"category","embeddable":true,"href":"https:\/\/visionpeninsular.com\/mid\/wp-json\/wp\/v2\/categories?post=106227"},{"taxonomy":"post_tag","embeddable":true,"href":"https:\/\/visionpeninsular.com\/mid\/wp-json\/wp\/v2\/tags?post=106227"}],"curies":[{"name":"wp","href":"https:\/\/api.w.org\/{rel}","templated":true}]}}