{"id":105881,"date":"2019-10-31T10:00:16","date_gmt":"2019-10-31T16:00:16","guid":{"rendered":"http:\/\/visionpeninsular.com\/mid\/?p=105881"},"modified":"2019-10-31T10:00:32","modified_gmt":"2019-10-31T16:00:32","slug":"renan-barrera-entrega-obras-de-rehabilitacion-del-parque-de-la-colonia-el-roble","status":"publish","type":"post","link":"https:\/\/visionpeninsular.com\/mid\/renan-barrera-entrega-obras-de-rehabilitacion-del-parque-de-la-colonia-el-roble\/","title":{"rendered":"Ren\u00e1n Barrera entrega obras de rehabilitaci\u00f3n del parque de la colonia El Roble"},"content":{"rendered":"\n<p>Con m\u00e1s y mejores espacios p\u00fablicos para las familias\nmeridanas, en esta administraci\u00f3n trabajamos para fortalecer la convivencia, el\ntejido social y el desarrollo de ni\u00f1as, ni\u00f1os y j\u00f3venes con miras a ser cada\nvez una mejor sociedad y seguir construyendo la M\u00e9rida que todos queremos,\nafirm\u00f3 el alcalde Ren\u00e1n Barrera Concha.<\/p>\n\n\n\n<p>El Concejal entreg\u00f3 esta ma\u00f1ana a los vecinos de la colonia\nEl Roble las obras de remodelaci\u00f3n del parque conocido como \u201cLa caseta\u201d.<\/p>\n\n\n\n<p>\u2014Este gobierno municipal le apuesta al desarrollo de\nespacios p\u00fablicos dignos para las familias, que se conviertan en herramientas\npara que las ni\u00f1as, ni\u00f1os y j\u00f3venes se aparten de las drogas y el pandillerismo\n\u2014se\u00f1al\u00f3.<\/p>\n\n\n\n<p>Tambi\u00e9n remarc\u00f3 que para el Ayuntamiento de M\u00e9rida es\nimportante apuntalar la participaci\u00f3n ciudadana en el dise\u00f1o de parques de\nnueva creaci\u00f3n, as\u00ed como en la remodelaci\u00f3n.<\/p>\n\n\n\n<p>\u2014Una de las condiciones que tenemos para invertir recursos\nen una colonia es que el proyecto debe estar socializado con los vecinos, ya\nque son ellos quienes mejor saben lo que necesita su colonia o fraccionamiento\n\u2014continu\u00f3.<\/p>\n\n\n\n<p>Estamos aplicando esta metodolog\u00eda en aquellas zonas donde\nlos ciudadanos est\u00e1n comprometidos con su entorno, que est\u00e1n interesados en lo\nque sucede con sus ni\u00f1os, escuelas, parques y comunidad, agreg\u00f3.<\/p>\n\n\n\n<p>\u2014Les invito a que hagan suyo este espacio com\u00fan, a que lo\ncuiden y preserven porque es de ustedes. Ot\u00f3rguenle un uso colectivo,\naprov\u00e9chenlo y convi\u00e9rtanlo en punto de convivencia ciudadana \u2014abund\u00f3.<\/p>\n\n\n\n<p>Barrera Concha puntualiz\u00f3 que en este primer a\u00f1o de\nadministraci\u00f3n se han rehabilitado 10 parques entre los que destacan de Las\nAm\u00e9ricas, Nuevo Yucat\u00e1n y Libertad de Sambul\u00e1.<\/p>\n\n\n\n<p>Asimismo, se han construido siete nuevos espacios p\u00fablicos\nen distintos puntos de la ciudad, como el Parque Misn\u00e9 II, Balcones Ciudad\nCaucel, Almendros de Ciudad Caucel. La inversi\u00f3n total en esas acciones\nasciende a $58.257,589 y beneficia a 230,959 habitantes.<\/p>\n\n\n\n<p>Agreg\u00f3 que, la proyecci\u00f3n de la administraci\u00f3n municipal es\ninvertir 300 millones de pesos en el mejoramiento y creaci\u00f3n de parques, a fin\nde que la comunidad pueda utilizar y disfrutar estos espacios.<\/p>\n\n\n\n<p>Al hacer el corte inaugural, el alcalde, acompa\u00f1ado de los\nalumnos de la Escuela Primaria \u201cGuadalupe Victoria\u201d, se traslad\u00f3 a la cancha de\nusos m\u00faltiples donde realiz\u00f3 una patada inicial.<\/p>\n\n\n\n<p>Por su parte, el director de Obras P\u00fablicas, David Lor\u00eda\nMagdub, explic\u00f3 que los trabajos de remodelaci\u00f3n en el parque consistieron en\nla construcci\u00f3n de un \u00e1rea infantil a la que se le colocaron 180.80 M2 de\nlosetas de caucho amortiguante, la instalaci\u00f3n de un m\u00f3dulo de juegos\ninfantiles y mantenimiento a los que ya estaban instalados en el parque.<\/p>\n\n\n\n<p>Se coloc\u00f3 una pieza de tenso estructura velar\u00eda de forma\nirregular con una longitud total de 19.40 M2; se construyeron 114.07 M2 de\nandadores de concreto premezclado de 7cm de espesor y se colocaron 3 equipos\nejercitadores.<\/p>\n\n\n\n<p>Tambi\u00e9n se rehabilit\u00f3 la cancha de usos m\u00faltiples de 446 M2,\nse instalaron 104 M2 de malla cicl\u00f3nica como cerca perimetral, porter\u00edas con\ntableros de fibra de vidrio y arillos met\u00e1licos para baloncesto. Los trabajos\nincluyeron aplicaci\u00f3n de pintura, colocaci\u00f3n de dos bancas de concreto, seis\npapeleras para basura y una para las excretas de mascotas, as\u00ed como \u00e1reas\nverdes, luminarias, guarniciones y banquetas.<\/p>\n\n\n\n<p>La remodelaci\u00f3n del parque se realiz\u00f3 en atenci\u00f3n a la\npetici\u00f3n que integrantes del Consejo de Participaci\u00f3n Ciudadana del Roble le\nhicieron al alcalde en el Mi\u00e9rcoles Ciudadano. La inversi\u00f3n fue de $1. 967,\n958.63 provenientes de recursos propios.<\/p>\n\n\n\n<p>La obra beneficia a 9,577 habitantes del Roble y colonias\naleda\u00f1as como San Marcos Nocoh I, Villas M\u00e9rida, Libertad II y El Roble\nAgr\u00edcola.<\/p>\n\n\n\n<p>La se\u00f1ora Margarita Beh, vecina del Roble, agradeci\u00f3 al\nalcalde la atenci\u00f3n a la petici\u00f3n ciudadana para mejorar el entorno de su\ncolonia.<\/p>\n\n\n\n<p>Por su parte, al se\u00f1alar que M\u00e9rida cuenta con un alcalde\ncercano, Bertha Zapata manifest\u00f3 que aprovechar\u00e1n este espacio para transformarlo\nen un \u00e1rea de sana convivencia vecinal.<\/p>\n\n\n\n<p>\u2014Es un bienestar para los ni\u00f1os y para nosotros, porque\nahora tenemos un lugar para que nuestros hijos jueguen y podamos\nplaticar\u2014se\u00f1al\u00f3.<\/p>\n\n\n\n<p>La vecina Alejandra Chavarr\u00eda invit\u00f3 a sus vecinos a\nmantener en buenas condiciones el parque, pues el Ayuntamiento ya cumpli\u00f3 con\nrehabilitarlo y ahora toca hacer su parte a los usuarios.<\/p>\n\n\n\n<p>Al evento tambi\u00e9n asistieron Richar Mut Tun, regidor\nintegrante de la Comisi\u00f3n de Obras P\u00fablicas y Desarrollo Urbano; Jos\u00e9 Luis\nMart\u00ednez Semerena y Jos\u00e9 Collado Soberanis, directores de Desarrollo Social y\nServicios P\u00fablicos, respectivamente; Jos\u00e9 Ren\u00e1n Cruz Bacelis, director de la\nEscuela Primaria \u201cGuadalupe Victoria\u201d y Mar\u00eda Jes\u00fas Suaste, en representaci\u00f3n\nde los vecinos de El Roble.<\/p>\n<div class='share-to-whatsapp-wrapper'><div class='share-on-whsp'>Share on: <\/div><a data-text='Ren\u00e1n Barrera entrega obras de rehabilitaci\u00f3n del parque de la colonia El Roble' data-link='https:\/\/visionpeninsular.com\/mid\/renan-barrera-entrega-obras-de-rehabilitacion-del-parque-de-la-colonia-el-roble\/' class='whatsapp-button whatsapp-share'>WhatsApp<\/a><div class='clear '><\/div><\/div>","protected":false},"excerpt":{"rendered":"<p>Con m\u00e1s y mejores espacios p\u00fablicos para las familias meridanas, en esta administraci\u00f3n trabajamos para fortalecer la convivencia, el tejido social y el desarrollo de ni\u00f1as, ni\u00f1os y j\u00f3venes con miras a ser cada vez una mejor sociedad y seguir construyendo la M\u00e9rida que todos queremos, afirm\u00f3 el alcalde Ren\u00e1n Barrera Concha. El Concejal entreg\u00f3 &hellip;<\/p>\n","protected":false},"author":5,"featured_media":105886,"comment_status":"open","ping_status":"open","sticky":false,"template":"","format":"standard","meta":{"_mi_skip_tracking":false},"categories":[50,37],"tags":[41,18160,18159,3649],"_links":{"self":[{"href":"https:\/\/visionpeninsular.com\/mid\/wp-json\/wp\/v2\/posts\/105881"}],"collection":[{"href":"https:\/\/visionpeninsular.com\/mid\/wp-json\/wp\/v2\/posts"}],"about":[{"href":"https:\/\/visionpeninsular.com\/mid\/wp-json\/wp\/v2\/types\/post"}],"author":[{"embeddable":true,"href":"https:\/\/visionpeninsular.com\/mid\/wp-json\/wp\/v2\/users\/5"}],"replies":[{"embeddable":true,"href":"https:\/\/visionpeninsular.com\/mid\/wp-json\/wp\/v2\/comments?post=105881"}],"version-history":[{"count":1,"href":"https:\/\/visionpeninsular.com\/mid\/wp-json\/wp\/v2\/posts\/105881\/revisions"}],"predecessor-version":[{"id":105891,"href":"https:\/\/visionpeninsular.com\/mid\/wp-json\/wp\/v2\/posts\/105881\/revisions\/105891"}],"wp:featuredmedia":[{"embeddable":true,"href":"https:\/\/visionpeninsular.com\/mid\/wp-json\/wp\/v2\/media\/105886"}],"wp:attachment":[{"href":"https:\/\/visionpeninsular.com\/mid\/wp-json\/wp\/v2\/media?parent=105881"}],"wp:term":[{"taxonomy":"category","embeddable":true,"href":"https:\/\/visionpeninsular.com\/mid\/wp-json\/wp\/v2\/categories?post=105881"},{"taxonomy":"post_tag","embeddable":true,"href":"https:\/\/visionpeninsular.com\/mid\/wp-json\/wp\/v2\/tags?post=105881"}],"curies":[{"name":"wp","href":"https:\/\/api.w.org\/{rel}","templated":true}]}}