{"id":105103,"date":"2019-10-26T10:24:20","date_gmt":"2019-10-26T15:24:20","guid":{"rendered":"http:\/\/visionpeninsular.com\/mid\/?p=105103"},"modified":"2019-10-26T10:24:33","modified_gmt":"2019-10-26T15:24:33","slug":"el-dengue-empieza-a-ceder-un-caso-cada-12-horas","status":"publish","type":"post","link":"https:\/\/visionpeninsular.com\/mid\/el-dengue-empieza-a-ceder-un-caso-cada-12-horas\/","title":{"rendered":"El dengue empieza a ceder, un caso cada 12 horas"},"content":{"rendered":"\n<p>El principal motivo es que se acerca el t\u00e9rmino de la\ntemporada de alta transmisi\u00f3n del dengue en M\u00e9xico, la cual inici\u00f3 en junio y\nconcluir\u00e1 en las siguientes dos semanas.<\/p>\n\n\n\n<p>El dengue empieza a retroceder en Yucat\u00e1n, revel\u00f3 la Secretar\u00eda\nde Salud federal, sin embargo, estableci\u00f3 que el aumento con respecto al a\u00f1o\npasado ya super\u00f3 el mil por ciento.<\/p>\n\n\n\n<p>Tan s\u00f3lo la semana pasada, en la entidad se registraron 13\nnuevos casos diagnosticados, la cifra m\u00e1s baja de los \u00faltimos dos meses.<\/p>\n\n\n\n<p>La cifra m\u00e1s alta se registr\u00f3 a principios de \u00e9ste mes, con\n28 casos, y en las dos semanas siguientes la cifra muestra un decremento.<\/p>\n\n\n\n<p>El principal motivo es que se acerca el t\u00e9rmino de la\ntemporada de alta transmisi\u00f3n del dengue en M\u00e9xico, la cual inici\u00f3 en junio y\nconcluir\u00e1 en las siguientes dos semanas.<\/p>\n\n\n\n<p>Mientras que en menor medida est\u00e1n los operativos efectuados\npara disminuir la presencia del mosco Aedes aegypti, vector del dengue,\nChikungunya y Zika, es decir, con la descacharrizaci\u00f3n, abatizaci\u00f3n y fumigaci\u00f3n.<\/p>\n\n\n\n<p>De acuerdo con el \u201cPanorama epidemiol\u00f3gico de dengue\u201d, en lo\nque va del a\u00f1o, en el pa\u00eds ya se registraron 26 mil 697 casos confirmados\nacumulados de dengue, con un aumento 237.5 por ciento con respecto al mismo\nper\u00edodo de 2018, cuando la suma fue de siete mil 911 infectados.<\/p>\n\n\n\n<p>Hasta el momento, el Estado con mayor n\u00famero de casos es\nVeracruz, con siete mil 222 casos, el 27.1 por ciento, seguido de Jalisco, con\nseis mil 962, el 26.1 porcentual, y el mal est\u00e1 ausente en dos entidades:\nCiudad de M\u00e9xico y Tlaxcala, pues en Baja California ya se registraron los\nprimeros dos infectado.<\/p>\n\n\n\n<p>El Centro Nacional de Programas Preventivos y Control de\nEnfermedades (Cenaprece) de la SS federal detall\u00f3 que en el caso de Yucat\u00e1n, ya\nson 226 los infectados, con un aumento del mil 30 por ciento el total de casos\nconfirmados durante 2018.<\/p>\n\n\n\n<p>El crecimiento de \u00e9sta mortal enfermedad es notable, al\ngrado que ya se super\u00f3 el total de infectados confirmados en 2017, cuya suma\nfue de 113 personas infectadas, mientras que en 2018 fueron 20.<\/p>\n\n\n\n<p>En Quintana Roo se vive una emergencia sanitaria por el\ndengue, al grado que ocupa el quinto lugar nacional, con mil 164 personas\ninfectadas, el 4.4 por ciento del total nacional de personas infectadas.<\/p>\n\n\n\n<p>Mientras que Yucat\u00e1n est\u00e1 en el sitio 15, por segunda semana\nconsecutiva, con el 0.85 por ciento del total nacional, y Campeche, en el\npelda\u00f1o 20, con 60 casos, el 0.22 porcentual.<\/p>\n\n\n\n<p>Afortunadamente, en la Pen\u00ednsula de Yucat\u00e1n no hay caso\nalguno de Chikungunya ni de Zika, patolog\u00edas transmitidas por el d\u00edptero, en lo\nque va del a\u00f1o.<\/p>\n\n\n\n<p>Asimismo, en esta semana no se registraron defunciones\nderivadas por complicaciones de \u00e9ste mal.<\/p>\n\n\n\n<p>Por lo pronto, la enfermedad ha segado la vida a 89 personas\ndel pa\u00eds, en 13 estados, con un aumento del 81.6 por ciento con respecto al\nmismo per\u00edodo del a\u00f1o anterior, cuando la suma fue de 49.<\/p>\n\n\n\n<p>Del total de defunciones, 20 son de Jalisco; 16 de Chiapas;\n15 de Veracruz; 10 de Morelos; siete de Guerrero; seis de Quintana Roo; cinco\nde Tabasco, cuatro de Oaxaca; tres de Puebla, y los restantes son de Hidalgo,\nMichoac\u00e1n y Nayarit.<\/p>\n<div class='share-to-whatsapp-wrapper'><div class='share-on-whsp'>Share on: <\/div><a data-text='El dengue empieza a ceder, un caso cada 12 horas' data-link='https:\/\/visionpeninsular.com\/mid\/el-dengue-empieza-a-ceder-un-caso-cada-12-horas\/' class='whatsapp-button whatsapp-share'>WhatsApp<\/a><div class='clear '><\/div><\/div>","protected":false},"excerpt":{"rendered":"<p>El principal motivo es que se acerca el t\u00e9rmino de la temporada de alta transmisi\u00f3n del dengue en M\u00e9xico, la cual inici\u00f3 en junio y concluir\u00e1 en las siguientes dos semanas. El dengue empieza a retroceder en Yucat\u00e1n, revel\u00f3 la Secretar\u00eda de Salud federal, sin embargo, estableci\u00f3 que el aumento con respecto al a\u00f1o pasado &hellip;<\/p>\n","protected":false},"author":5,"featured_media":105108,"comment_status":"open","ping_status":"open","sticky":false,"template":"","format":"standard","meta":{"_mi_skip_tracking":false},"categories":[50,37],"tags":[14309,18073,5346],"_links":{"self":[{"href":"https:\/\/visionpeninsular.com\/mid\/wp-json\/wp\/v2\/posts\/105103"}],"collection":[{"href":"https:\/\/visionpeninsular.com\/mid\/wp-json\/wp\/v2\/posts"}],"about":[{"href":"https:\/\/visionpeninsular.com\/mid\/wp-json\/wp\/v2\/types\/post"}],"author":[{"embeddable":true,"href":"https:\/\/visionpeninsular.com\/mid\/wp-json\/wp\/v2\/users\/5"}],"replies":[{"embeddable":true,"href":"https:\/\/visionpeninsular.com\/mid\/wp-json\/wp\/v2\/comments?post=105103"}],"version-history":[{"count":1,"href":"https:\/\/visionpeninsular.com\/mid\/wp-json\/wp\/v2\/posts\/105103\/revisions"}],"predecessor-version":[{"id":105109,"href":"https:\/\/visionpeninsular.com\/mid\/wp-json\/wp\/v2\/posts\/105103\/revisions\/105109"}],"wp:featuredmedia":[{"embeddable":true,"href":"https:\/\/visionpeninsular.com\/mid\/wp-json\/wp\/v2\/media\/105108"}],"wp:attachment":[{"href":"https:\/\/visionpeninsular.com\/mid\/wp-json\/wp\/v2\/media?parent=105103"}],"wp:term":[{"taxonomy":"category","embeddable":true,"href":"https:\/\/visionpeninsular.com\/mid\/wp-json\/wp\/v2\/categories?post=105103"},{"taxonomy":"post_tag","embeddable":true,"href":"https:\/\/visionpeninsular.com\/mid\/wp-json\/wp\/v2\/tags?post=105103"}],"curies":[{"name":"wp","href":"https:\/\/api.w.org\/{rel}","templated":true}]}}