{"id":105087,"date":"2019-10-26T10:17:04","date_gmt":"2019-10-26T15:17:04","guid":{"rendered":"http:\/\/visionpeninsular.com\/mid\/?p=105087"},"modified":"2019-10-26T10:17:43","modified_gmt":"2019-10-26T15:17:43","slug":"encuentran-en-chiapas-a-nino-discapacitado-reportado-como-desaparecido","status":"publish","type":"post","link":"https:\/\/visionpeninsular.com\/mid\/encuentran-en-chiapas-a-nino-discapacitado-reportado-como-desaparecido\/","title":{"rendered":"Encuentran en Chiapas a ni\u00f1o discapacitado reportado como desaparecido"},"content":{"rendered":"\n<p>A tres d\u00edas de elevada la Alerta \u00c1mber, la Unidad\nEspecializada de Combate al Secuestro (UECS) de la Fiscal\u00eda General del Estado\n(FGE) inform\u00f3 que fue localizado el menor Cristopher Sebasti\u00e1n \u00c1vila Dzib de 12\na\u00f1os de edad, quien escap\u00f3 por su propia voluntad de su vivienda ubicada en la\ncapital yucateca.<\/p>\n\n\n\n<p>Tras el apoyo y la colaboraci\u00f3n de la Fiscal\u00eda de B\u00fasqueda\nde personas de la FGE de Chiapas,&nbsp; el\nmenor fue ubicado en un albergue de Tuxtla Guti\u00e9rrez.<\/p>\n\n\n\n<p>El menor con problemas auditivos y de habla, fue llevado a\nese sitio cuando unos agentes polic\u00edacos de esa entidad lo identificaron\ndeambulando por las calles.<\/p>\n\n\n\n<p>Conforme se dio a conocer en su oportunidad, el menor fue\nvisto por \u00faltima vez cuando sali\u00f3 de su domicilio en la colonia Xocl\u00e1n Susul\u00e1\nde donde sali\u00f3 para abordar un cami\u00f3n y viajar hasta el referido Estado.<\/p>\n\n\n\n<p>El examen m\u00e9dico practicado al menor refiriere que se\nencuentra en perfecto estado de salud y los reportes de las autoridades de\nTuxtla indican que tras ser localizado se le puso a buen resguardo y nunca\nestuvo en riesgo.<\/p>\n\n\n\n<p>Agentes yucatecos viajaron de inmediato para el traslado del menor y fue entregado a su progenitora en las instalaciones de la FGE d\u00e1ndose por terminada la b\u00fasqueda.<\/p>\n<div class='share-to-whatsapp-wrapper'><div class='share-on-whsp'>Share on: <\/div><a data-text='Encuentran en Chiapas a ni\u00f1o discapacitado reportado como desaparecido' data-link='https:\/\/visionpeninsular.com\/mid\/encuentran-en-chiapas-a-nino-discapacitado-reportado-como-desaparecido\/' class='whatsapp-button whatsapp-share'>WhatsApp<\/a><div class='clear '><\/div><\/div>","protected":false},"excerpt":{"rendered":"<p>A tres d\u00edas de elevada la Alerta \u00c1mber, la Unidad Especializada de Combate al Secuestro (UECS) de la Fiscal\u00eda General del Estado (FGE) inform\u00f3 que fue localizado el menor Cristopher Sebasti\u00e1n \u00c1vila Dzib de 12 a\u00f1os de edad, quien escap\u00f3 por su propia voluntad de su vivienda ubicada en la capital yucateca. Tras el apoyo &hellip;<\/p>\n","protected":false},"author":5,"featured_media":105092,"comment_status":"open","ping_status":"open","sticky":false,"template":"","format":"standard","meta":{"_mi_skip_tracking":false},"categories":[50,37],"tags":[18072,18070,18071],"_links":{"self":[{"href":"https:\/\/visionpeninsular.com\/mid\/wp-json\/wp\/v2\/posts\/105087"}],"collection":[{"href":"https:\/\/visionpeninsular.com\/mid\/wp-json\/wp\/v2\/posts"}],"about":[{"href":"https:\/\/visionpeninsular.com\/mid\/wp-json\/wp\/v2\/types\/post"}],"author":[{"embeddable":true,"href":"https:\/\/visionpeninsular.com\/mid\/wp-json\/wp\/v2\/users\/5"}],"replies":[{"embeddable":true,"href":"https:\/\/visionpeninsular.com\/mid\/wp-json\/wp\/v2\/comments?post=105087"}],"version-history":[{"count":2,"href":"https:\/\/visionpeninsular.com\/mid\/wp-json\/wp\/v2\/posts\/105087\/revisions"}],"predecessor-version":[{"id":105097,"href":"https:\/\/visionpeninsular.com\/mid\/wp-json\/wp\/v2\/posts\/105087\/revisions\/105097"}],"wp:featuredmedia":[{"embeddable":true,"href":"https:\/\/visionpeninsular.com\/mid\/wp-json\/wp\/v2\/media\/105092"}],"wp:attachment":[{"href":"https:\/\/visionpeninsular.com\/mid\/wp-json\/wp\/v2\/media?parent=105087"}],"wp:term":[{"taxonomy":"category","embeddable":true,"href":"https:\/\/visionpeninsular.com\/mid\/wp-json\/wp\/v2\/categories?post=105087"},{"taxonomy":"post_tag","embeddable":true,"href":"https:\/\/visionpeninsular.com\/mid\/wp-json\/wp\/v2\/tags?post=105087"}],"curies":[{"name":"wp","href":"https:\/\/api.w.org\/{rel}","templated":true}]}}