{"id":104995,"date":"2019-10-25T11:35:17","date_gmt":"2019-10-25T16:35:17","guid":{"rendered":"http:\/\/visionpeninsular.com\/mid\/?p=104995"},"modified":"2019-10-25T11:35:39","modified_gmt":"2019-10-25T16:35:39","slug":"merida-hara-historia-con-la-feria-internacional-del-libro-infantil-y-juvenil","status":"publish","type":"post","link":"https:\/\/visionpeninsular.com\/mid\/merida-hara-historia-con-la-feria-internacional-del-libro-infantil-y-juvenil\/","title":{"rendered":"M\u00e9rida har\u00e1 historia con la Feria Internacional del Libro Infantil y Juvenil"},"content":{"rendered":"\n<p>Dan a conocer el programa del FILIJ M\u00e9rida que se realizar\u00e1\ndel 2 al 10 de noviembre, y por primera vez se har\u00e1 fuera de la capital del\npa\u00eds.<\/p>\n\n\n\n<p>Con la Feria Internacional del Libro Infantil y Juvenil, que\nse realizar\u00e1 en M\u00e9rida del 2 al 10 de noviembre, se cumple el compromiso del\nalcalde Ren\u00e1n Barrera Concha de promover la lectura e impulsar las actividades\nculturales entre j\u00f3venes y ni\u00f1os, lo que permite consolidar cada vez m\u00e1s a\nM\u00e9rida como referente cultural del pa\u00eds.<\/p>\n\n\n\n<p>Hoy, en rueda de prensa que se realiz\u00f3 en el Centro Cultural\nOlimpo, se dieron a conocer detalles del programa de la feria, que por primera\nvez se realizar\u00e1 en una sede distinta a la capital del pa\u00eds, donde se ha\nllevado a cabo desde hace 38 a\u00f1os.<\/p>\n\n\n\n<p>El alcalde Ren\u00e1n Barrera ha destacado el compromiso de su\nadministraci\u00f3n de llevar la cultura a todos lados, por lo que fue un logro\nimportante de su administraci\u00f3n la obtenci\u00f3n de la sede fruto de las gestiones\nrealizadas ante el Fondo de Cultura Econ\u00f3mica.<\/p>\n\n\n\n<p>El director de Cultura, Irving Berl\u00edn Villafa\u00f1a, indic\u00f3 que\nesta edici\u00f3n de la feria es un esfuerzo conjunto del Ayuntamiento de M\u00e9rida, la\nSecretar\u00eda de Cultura del Gobierno Federal, el Fondo de Cultura Econ\u00f3mica y la\nasociaci\u00f3n civil Leer por Placer.<\/p>\n\n\n\n<p>Aunque la mayor\u00eda de las actividades ser\u00e1n en el Parque de\nla Paz, tambi\u00e9n se realizar\u00e1n eventos alusivos en el Foro Alternativo \u201cRub\u00e9n\nChac\u00f3n\u201d y el Centro Cultural del Issste.<\/p>\n\n\n\n<p>Al presentar el programa oficial de las actividades ante los\nmedios de comunicaci\u00f3n, Rafael Morcillo L\u00f3pez, director de la agrupaci\u00f3n \u201cLeer\npor placer\u201d, que participa en la organizaci\u00f3n el evento, dijo que en total\nser\u00e1n 681 actividades, de las cuales 483 ser\u00e1 abiertas al p\u00fablico y 198 para\natender a excursiones escolares previamente inscritas.<\/p>\n\n\n\n<p>Habr\u00e1 talleres de animaci\u00f3n a la lectura para beb\u00e9s, ni\u00f1as,\nni\u00f1os y j\u00f3venes, as\u00ed como funciones de teatro, danza, clown, t\u00edteres,\ncuentacuentos, m\u00fasica, representaciones esc\u00e9nicas de libros, charlas,\npresentaciones de novedades editoriales y, por supuesto exhibici\u00f3n y venta de\nlibros, por parte de m\u00e1s de 50 expositores quienes ofrecer\u00e1n m\u00e1s de 300 sellos\neditoriales internacionales, nacionales y locales.<\/p>\n\n\n\n<p>El Pasillo de la Historieta y la Ilustraci\u00f3n ser\u00e1 otro\nespacio de numerosas actividades, con la presencia de moneros, ilustradores, el\ntrabajo de los historietistas Sergio Neri y Tania Camacho; los ilustradores\nMuertosRuz y Turrilandia, as\u00ed como del caricaturista Javier Covo y la entrega\nde premios a los ganadores del concurso \u201cDibuja tu lectura\u201d<\/p>\n\n\n\n<p>Se contar\u00e1 con un Cuent\u00f3dromo, con actividades diarias, El\nAndador del T\u00edtere, una bebeteca y una ludoteca donde se llevar\u00e1n a cabo\ntalleres de fomento a la lectura.<\/p>\n\n\n\n<p>Los visitantes de la FILIJ M\u00e9rida podr\u00e1n disfrutar de las\npresentaciones del pianista Rafael Guti\u00e9rrez V\u00e9lez, quien acompa\u00f1ar\u00e1 a la\nescritora M\u00f3nica Lav\u00edn y KL Joon, de Corea, pa\u00eds invitado, en la lectura de\ncuentos. La banda Chida, la Orquesta T\u00edpica Infantil y Juvenil Alas y Ra\u00edces,\nla Compa\u00f1\u00eda Clownclusiones, Pastor G\u00f3ngora, Kimmy Bomba y Dodi Maleanta,\nVirginia L\u00f3pez y Dalila Casanova, Gabriel Canul Olivares, Drag Story Hour\nM\u00e9rida y Totem Banda, entre muchas otras.<\/p>\n\n\n\n<p>Margarita Robleda, nombrada Embajadora de la FILIJ M\u00e9rida,\nagradeci\u00f3 que se hayan roto las barreras del centralismo para traer a la\nprovincia este evento literario y el que las autoridades municipales le\napuesten a la cultura para construir la paz.<\/p>\n\n\n\n<p>\u2014Ahora M\u00e9rida tendr\u00e1 dos ferias del libro, la FILEY y la\nFILIJ para enriquecer nuestras vidas \u2014expres\u00f3.<\/p>\n\n\n\n<p>En su intervenci\u00f3n, Marilina Barona del Valle, de la\nDirecci\u00f3n General de Publicaciones de la Secretar\u00eda de Cultura de la Ciudad de\nM\u00e9xico, subray\u00f3 la importancia de apoyar la literatura infantil y juvenil, ser\nm\u00e1s creativos y acercar el libro a las personas para hacer de M\u00e9xico una\nrep\u00fablica de lectores.<\/p>\n\n\n\n<p>Por su parte, Berl\u00edn Villafa\u00f1a enfatiz\u00f3 que el alcalde Ren\u00e1n\nbarrera Concha tiene una profunda convicci\u00f3n para que la ciudad mantenga sus\nest\u00e1ndares de seguridad, participaci\u00f3n ciudadana, en el fortalecimiento del\ntejido social y la cultura.<\/p>\n\n\n\n<p>Afirm\u00f3 que la FILIJ es fruto de coordinaci\u00f3n entre \u00f3rdenes\nde gobierno y agradeci\u00f3 a Paco Ignacio Taibo II, director del Fondo de Cultura\nEcon\u00f3mica, a las instancias federales y asociaciones civiles como Leer por Placer,\npor el trabajo realizado que se traduce en el acercamiento a los libros con la\npoblaci\u00f3n, beneficios para ni\u00f1o y j\u00f3venes y la formaci\u00f3n de ciudadanos libres y\ncr\u00edticos.<\/p>\n\n\n\n<p>En la FILIJ M\u00e9rida tambi\u00e9n se efectuar\u00e1n encuentros\ndirigidos a docentes de todos los niveles educativos, promotores de lectura,\nmediadores, acad\u00e9micos, universitarios y p\u00fablico en general. Tambi\u00e9n se\nrealizar\u00e1 el Primer Encuentro de Festivales y Ferias de Literatura Infantil y\nJuvenil, as\u00ed como los encuentros de Booktubers de la Pen\u00ednsula de Yucat\u00e1n; de\nmediadores de la lectura y de ni\u00f1as y j\u00f3venes lectoras.<\/p>\n\n\n\n<p>La inauguraci\u00f3n de la FILIJ M\u00e9rida ser\u00e1 el 2 de noviembre a\nlas 11 de la ma\u00f1ana en el Parque de la Paz. La programaci\u00f3n de eventos se puede\nseguir en las redes del Ayuntamiento de M\u00e9rida y la FILIJ M\u00e9rida.<\/p>\n<div class='share-to-whatsapp-wrapper'><div class='share-on-whsp'>Share on: <\/div><a data-text='M\u00e9rida har\u00e1 historia con la Feria Internacional del Libro Infantil y Juvenil' data-link='https:\/\/visionpeninsular.com\/mid\/merida-hara-historia-con-la-feria-internacional-del-libro-infantil-y-juvenil\/' class='whatsapp-button whatsapp-share'>WhatsApp<\/a><div class='clear '><\/div><\/div>","protected":false},"excerpt":{"rendered":"<p>Dan a conocer el programa del FILIJ M\u00e9rida que se realizar\u00e1 del 2 al 10 de noviembre, y por primera vez se har\u00e1 fuera de la capital del pa\u00eds. Con la Feria Internacional del Libro Infantil y Juvenil, que se realizar\u00e1 en M\u00e9rida del 2 al 10 de noviembre, se cumple el compromiso del alcalde &hellip;<\/p>\n","protected":false},"author":5,"featured_media":105000,"comment_status":"open","ping_status":"open","sticky":false,"template":"","format":"standard","meta":{"_mi_skip_tracking":false},"categories":[50,37],"tags":[9122,18061],"_links":{"self":[{"href":"https:\/\/visionpeninsular.com\/mid\/wp-json\/wp\/v2\/posts\/104995"}],"collection":[{"href":"https:\/\/visionpeninsular.com\/mid\/wp-json\/wp\/v2\/posts"}],"about":[{"href":"https:\/\/visionpeninsular.com\/mid\/wp-json\/wp\/v2\/types\/post"}],"author":[{"embeddable":true,"href":"https:\/\/visionpeninsular.com\/mid\/wp-json\/wp\/v2\/users\/5"}],"replies":[{"embeddable":true,"href":"https:\/\/visionpeninsular.com\/mid\/wp-json\/wp\/v2\/comments?post=104995"}],"version-history":[{"count":1,"href":"https:\/\/visionpeninsular.com\/mid\/wp-json\/wp\/v2\/posts\/104995\/revisions"}],"predecessor-version":[{"id":105005,"href":"https:\/\/visionpeninsular.com\/mid\/wp-json\/wp\/v2\/posts\/104995\/revisions\/105005"}],"wp:featuredmedia":[{"embeddable":true,"href":"https:\/\/visionpeninsular.com\/mid\/wp-json\/wp\/v2\/media\/105000"}],"wp:attachment":[{"href":"https:\/\/visionpeninsular.com\/mid\/wp-json\/wp\/v2\/media?parent=104995"}],"wp:term":[{"taxonomy":"category","embeddable":true,"href":"https:\/\/visionpeninsular.com\/mid\/wp-json\/wp\/v2\/categories?post=104995"},{"taxonomy":"post_tag","embeddable":true,"href":"https:\/\/visionpeninsular.com\/mid\/wp-json\/wp\/v2\/tags?post=104995"}],"curies":[{"name":"wp","href":"https:\/\/api.w.org\/{rel}","templated":true}]}}