{"id":10486,"date":"2016-08-23T07:38:38","date_gmt":"2016-08-23T12:38:38","guid":{"rendered":"http:\/\/visionpeninsular.com\/mid\/?p=10486"},"modified":"2016-08-23T07:38:38","modified_gmt":"2016-08-23T12:38:38","slug":"mauricio-vila-entrega-equipo-para-atender-contingencias-a-causa-del-clima-en-merida","status":"publish","type":"post","link":"https:\/\/visionpeninsular.com\/mid\/mauricio-vila-entrega-equipo-para-atender-contingencias-a-causa-del-clima-en-merida\/","title":{"rendered":"Mauricio Vila entrega equipo para atender contingencias a causa del clima en M\u00e9rida"},"content":{"rendered":"<p>A fin de reforzar la capacidad de operaci\u00f3n del Ayuntamiento en caso de que se presentara alguna contingencia durante esta temporada de ciclones -que inici\u00f3 en junio y concluye en noviembre-, el alcalde, Mauricio Vila Dosal, entreg\u00f3 a la direcci\u00f3n de Servicios P\u00fablicos Municipales (SPM) 74 equipos, en los que se  invirtieron alrededor de $800,000.<\/p>\n<p>La inversi\u00f3n forma parte de un total de $2 millones que la Comuna ejercer\u00e1 este a\u00f1o para reforzar  el Programa Especial de Ciclones Tropicales y consisten en 60 motosierras, 12 motobombas, un motor sumergible y un generador de energ\u00eda port\u00e1til, que ayudar\u00e1n a ofrecer una r\u00e1pida respuesta a los reportes ciudadanos por incidentes como acumulaci\u00f3n de agua, ramas o \u00e1rboles ca\u00eddos que puedan obstruir las vialidades o afectar viviendas.<\/p>\n<p>El alcalde manifest\u00f3 que para el Ayuntamiento la protecci\u00f3n civil es uno de los temas m\u00e1s importantes, sobre todo en esta temporada de ciclones, pues aunque en los \u00faltimos a\u00f1os no hemos sido afectados directamente, es un asunto que no debe tomarse a la ligera. <\/p>\n<p>\u201cCon la entrega de estos equipos contaremos con mayor capacidad para atender contingencias en todo el municipio\u201d, recalc\u00f3.<\/p>\n<p>Explic\u00f3 que entre otras acciones que se han realizado en materia de Protecci\u00f3n Civil est\u00e1 la certificaci\u00f3n de 335 brigadistas para afrontar de modo adecuado emergencias y se han realizado recorridos en los 68 inmuebles -18 en la ciudad y 50 en comisar\u00edas-que funcionar\u00edan como refugios temporales con capacidad de albergar a 7,000 personas, en caso de que fuera necesario.<\/p>\n<p>\u201cEstamos en alerta permanente para dar seguimiento a la formaci\u00f3n de fen\u00f3menos hidrometeorol\u00f3gicos y poner en marcha, cuando la situaci\u00f3n lo amerite, los protocolos de aviso y atenci\u00f3n a la poblaci\u00f3n del municipio\u201d, se\u00f1al\u00f3.<br \/>\nEl presidente municipal  agradeci\u00f3 la presencia del Coronel de Infanter\u00eda, Adelaido Le\u00f3n \u00c1vila, Comandante del 11\u00b0 Batall\u00f3n de infanter\u00eda, ya que el apoyo del Ej\u00e9rcito Mexicano es fundamental cuando se presentan contingencias ambientales.<\/p>\n<p>Vila Dosal record\u00f3 que las alertas ante la posible llegada del hurac\u00e1n \u201cEarl\u201d, sirvieron para poner en pr\u00e1ctica la capacidad operativa y de reacci\u00f3n ante esta naturaleza  de acontecimientos.  <\/p>\n<p>El director de Gobernaci\u00f3n Armando Villareal Guerra, inform\u00f3 que para este a\u00f1o el Ayuntamiento ejercer\u00e1 un total $2 millones para la adquisici\u00f3n de equipo \u2013la inversi\u00f3n de los equipos entregados hoy son parte de este monto -, que tambi\u00e9n sirven para el acondicionamiento de los inmuebles que servir\u00e1n como refugios temporales, y para la dotaci\u00f3n de v\u00edveres, colchonetas, botiquines, etc.<\/p>\n<p>El jefe de Protecci\u00f3n Civil, Enrique Alcocer Basto, expres\u00f3 que se mantiene el monitoreo de las posibles formaciones cicl\u00f3nicas que pudieran afectar en los 100 d\u00edas que restan de la temporada de ciclones.<\/p>\n<p>El director de SPM, Luis Montalvo Duarte, expres\u00f3 que con la entrega de los 74 equipos ya se\u00f1alados, llegan a 114 que sirven para contingencias y se destinar\u00e1n para subdirecciones del Oriente y del Poniente.<\/p>\n<p>Explic\u00f3 que actualmente se cuenta con la participaci\u00f3n de 2,000 trabajadores divididos en cuadrillas de entre 8 y 10 personas, las cuales, en esta temporada se mantienen en alerta permanente para que ante cualquier contingencia atiendan de manera inmediata los reportes.<br \/>\nAsistentes<\/p>\n<p>En el evento estuvieron, adem\u00e1s del alcalde y del coronel de Infanter\u00eda, y de los funcionarios municipales ya mencionados, los regidores, Mauricio D\u00edaz Montalvo y Alfonso Segu\u00ed Isaac, y la delegada estatal de la Cruz Roja Mexicana, Michell Byrne de Rodr\u00edguez.<\/p>\n<p>Programa Especial de Ciclones Tropicales<\/p>\n<p>Este programa engloba diferentes acciones de prevenci\u00f3n y auxilio, as\u00ed como el monitoreo y las alertas de las condiciones meteorol\u00f3gicas, y est\u00e1 vigente desde hace m\u00e1s 15 a\u00f1os. Est\u00e1 a cargo de la direcci\u00f3n de Gobernaci\u00f3n y del departamento de Protecci\u00f3n Civil, que se coordinan con SPM.<\/p>\n<div class='share-to-whatsapp-wrapper'><div class='share-on-whsp'>Share on: <\/div><a data-text='Mauricio Vila entrega equipo para atender contingencias a causa del clima en M\u00e9rida' data-link='https:\/\/visionpeninsular.com\/mid\/mauricio-vila-entrega-equipo-para-atender-contingencias-a-causa-del-clima-en-merida\/' class='whatsapp-button whatsapp-share'>WhatsApp<\/a><div class='clear '><\/div><\/div>","protected":false},"excerpt":{"rendered":"<p>A fin de reforzar la capacidad de operaci\u00f3n del Ayuntamiento en caso de que se presentara alguna contingencia durante esta temporada de ciclones -que inici\u00f3 en junio y concluye en noviembre-, el alcalde, Mauricio Vila Dosal, entreg\u00f3 a la direcci\u00f3n de Servicios P\u00fablicos Municipales (SPM) 74 equipos, en los que se invirtieron alrededor de $800,000. &hellip;<\/p>\n","protected":false},"author":1,"featured_media":10487,"comment_status":"open","ping_status":"open","sticky":false,"template":"","format":"standard","meta":{"_mi_skip_tracking":false},"categories":[49],"tags":[41,40],"_links":{"self":[{"href":"https:\/\/visionpeninsular.com\/mid\/wp-json\/wp\/v2\/posts\/10486"}],"collection":[{"href":"https:\/\/visionpeninsular.com\/mid\/wp-json\/wp\/v2\/posts"}],"about":[{"href":"https:\/\/visionpeninsular.com\/mid\/wp-json\/wp\/v2\/types\/post"}],"author":[{"embeddable":true,"href":"https:\/\/visionpeninsular.com\/mid\/wp-json\/wp\/v2\/users\/1"}],"replies":[{"embeddable":true,"href":"https:\/\/visionpeninsular.com\/mid\/wp-json\/wp\/v2\/comments?post=10486"}],"version-history":[{"count":1,"href":"https:\/\/visionpeninsular.com\/mid\/wp-json\/wp\/v2\/posts\/10486\/revisions"}],"predecessor-version":[{"id":10488,"href":"https:\/\/visionpeninsular.com\/mid\/wp-json\/wp\/v2\/posts\/10486\/revisions\/10488"}],"wp:featuredmedia":[{"embeddable":true,"href":"https:\/\/visionpeninsular.com\/mid\/wp-json\/wp\/v2\/media\/10487"}],"wp:attachment":[{"href":"https:\/\/visionpeninsular.com\/mid\/wp-json\/wp\/v2\/media?parent=10486"}],"wp:term":[{"taxonomy":"category","embeddable":true,"href":"https:\/\/visionpeninsular.com\/mid\/wp-json\/wp\/v2\/categories?post=10486"},{"taxonomy":"post_tag","embeddable":true,"href":"https:\/\/visionpeninsular.com\/mid\/wp-json\/wp\/v2\/tags?post=10486"}],"curies":[{"name":"wp","href":"https:\/\/api.w.org\/{rel}","templated":true}]}}