{"id":104412,"date":"2019-10-22T10:34:40","date_gmt":"2019-10-22T15:34:40","guid":{"rendered":"http:\/\/visionpeninsular.com\/mid\/?p=104412"},"modified":"2019-10-22T10:35:15","modified_gmt":"2019-10-22T15:35:15","slug":"comparten-testimonios-de-lucha-por-sus-derechos-y-contra-la-discriminacion","status":"publish","type":"post","link":"https:\/\/visionpeninsular.com\/mid\/comparten-testimonios-de-lucha-por-sus-derechos-y-contra-la-discriminacion\/","title":{"rendered":"Comparten testimonios de lucha por sus derechos y contra la discriminaci\u00f3n"},"content":{"rendered":"\n<p>Estudiantes de la Universidad Tecnol\u00f3gica Metropolitana\nescucharon testimonios de personas que han enfrentado adversidades como\nsobrevivir al c\u00e1ncer infantil, as\u00ed como historias de lucha por la inclusi\u00f3n y\nno discriminaci\u00f3n por tener alguna condici\u00f3n de discapacidad, por ser adultos\nmayores o vivir con VIH\/Sida, durante la actividad denominada \u201cBiblioteca\nHumana\u201d.<\/p>\n\n\n\n<p>En el marco del D\u00eda Nacional contra la Discriminaci\u00f3n, que\nse conmemor\u00f3 el 19 de octubre, la Comisi\u00f3n de Derechos Humanos del Estado de\nYucat\u00e1n (CODHEY) y el Centro para Prevenir y Eliminar la Discriminaci\u00f3n en el\nEstado de Yucat\u00e1n convocaron a la \u201cBiblioteca Humana\u201d, actividad en la que\nparticiparon m\u00e1s de 80 estudiantes de la UTM.<\/p>\n\n\n\n<p>\u201cEstuve a punto de llorar al conocer las historias que nos\ncont\u00f3 Susana, he tenido familiares con c\u00e1ncer y s\u00e9 que es una enfermedad muy\ndif\u00edcil\u201d, dijo una de las j\u00f3venes estudiantes que escuch\u00f3 a Susana Troyo,\nfundadora de la organizaci\u00f3n de apoyo integral de ni\u00f1os con c\u00e1ncer, Sue\u00f1os de \u00c1ngel.<\/p>\n\n\n\n<p>Otra de las historias que sorprendieron a los asistentes fue\nla de Rodrigo Chan Cua, capacitador de la CODHEY y persona con discapacidad\nvisual, quien destaca por su autonom\u00eda e independencia.<\/p>\n\n\n\n<p>\u201cUn a\u00f1o estuve trabajando en la Ciudad de M\u00e9xico. Me fui solo,\nno conoc\u00eda a nadie y ahora soy experto en andar en el metro\u201d, relat\u00f3 el tambi\u00e9n\nabogado quien explic\u00f3 que, como cualquier persona, utiliza la computadora, el\ntel\u00e9fono m\u00f3vil, as\u00ed como las redes sociales.<\/p>\n\n\n\n<p>Tambi\u00e9n formaron parte de la \u201cBiblioteca Humana\u201d la joven\ncon discapacidad intelectual, Miriam Abud Bujaidar; el capacitador de la CODHEY\ny persona mayor, Rafael Campos L\u00f3pez; la sobreviviente al c\u00e1ncer infantil,\nAliss Tamayo; el vicepresidente de la Red de Personas Afectadas por VIH\n(Repavih), Eduardo Espadas; y de la Asociaci\u00f3n Yucateca Pro Deficiente\nAuditivo, Jorge Canto Herrera, Naicy N\u00e1jera Sol\u00eds y Mar\u00eda Georgina Canto.<\/p>\n\n\n\n<p>El Presidente de la CODHEY, Miguel \u00d3scar Sabido Santana\nagradeci\u00f3 a los \u201clibros humanos\u201d por compartir sus experiencias con los j\u00f3venes,\nquienes mostraron gran inter\u00e9s por las historias de vida, pues conocieron a\npersonas que han destacado por enfrentar situaciones que superaran d\u00eda a d\u00eda y\nque adem\u00e1s, contribuyen a la sociedad, desde sus diferentes trincheras.<\/p>\n\n\n\n<p>Por su parte, la directora del Centro para Prevenir y\nEliminar la Discriminaci\u00f3n en el Estado de Yucat\u00e1n, Mar\u00eda Guadalupe M\u00e9ndez\nCorrea, agradeci\u00f3 a los participantes, a la Universidad Tecnol\u00f3gica\nMetropolitana por brindar el espacio, as\u00ed como a la CODHEY por ser aliados en la\nlucha contra la discriminaci\u00f3n en la entidad.<\/p>\n\n\n\n<p>Acompa\u00f1ados de la Coordinadora de Servicios de Apoyo al\nEstudiante de la UTM, Andrea Reyes Goff, al final de la actividad entregaron\nreconocimientos a los participantes.<\/p>\n\n\n\n<p>Bolet\u00edn de prensa<\/p>\n<div class='share-to-whatsapp-wrapper'><div class='share-on-whsp'>Share on: <\/div><a data-text='Comparten testimonios de lucha por sus derechos y contra la discriminaci\u00f3n' data-link='https:\/\/visionpeninsular.com\/mid\/comparten-testimonios-de-lucha-por-sus-derechos-y-contra-la-discriminacion\/' class='whatsapp-button whatsapp-share'>WhatsApp<\/a><div class='clear '><\/div><\/div>","protected":false},"excerpt":{"rendered":"<p>Estudiantes de la Universidad Tecnol\u00f3gica Metropolitana escucharon testimonios de personas que han enfrentado adversidades como sobrevivir al c\u00e1ncer infantil, as\u00ed como historias de lucha por la inclusi\u00f3n y no discriminaci\u00f3n por tener alguna condici\u00f3n de discapacidad, por ser adultos mayores o vivir con VIH\/Sida, durante la actividad denominada \u201cBiblioteca Humana\u201d. En el marco del D\u00eda &hellip;<\/p>\n","protected":false},"author":5,"featured_media":104421,"comment_status":"open","ping_status":"open","sticky":false,"template":"","format":"standard","meta":{"_mi_skip_tracking":false},"categories":[50,37],"tags":[468,17978,17979,2043],"_links":{"self":[{"href":"https:\/\/visionpeninsular.com\/mid\/wp-json\/wp\/v2\/posts\/104412"}],"collection":[{"href":"https:\/\/visionpeninsular.com\/mid\/wp-json\/wp\/v2\/posts"}],"about":[{"href":"https:\/\/visionpeninsular.com\/mid\/wp-json\/wp\/v2\/types\/post"}],"author":[{"embeddable":true,"href":"https:\/\/visionpeninsular.com\/mid\/wp-json\/wp\/v2\/users\/5"}],"replies":[{"embeddable":true,"href":"https:\/\/visionpeninsular.com\/mid\/wp-json\/wp\/v2\/comments?post=104412"}],"version-history":[{"count":1,"href":"https:\/\/visionpeninsular.com\/mid\/wp-json\/wp\/v2\/posts\/104412\/revisions"}],"predecessor-version":[{"id":104422,"href":"https:\/\/visionpeninsular.com\/mid\/wp-json\/wp\/v2\/posts\/104412\/revisions\/104422"}],"wp:featuredmedia":[{"embeddable":true,"href":"https:\/\/visionpeninsular.com\/mid\/wp-json\/wp\/v2\/media\/104421"}],"wp:attachment":[{"href":"https:\/\/visionpeninsular.com\/mid\/wp-json\/wp\/v2\/media?parent=104412"}],"wp:term":[{"taxonomy":"category","embeddable":true,"href":"https:\/\/visionpeninsular.com\/mid\/wp-json\/wp\/v2\/categories?post=104412"},{"taxonomy":"post_tag","embeddable":true,"href":"https:\/\/visionpeninsular.com\/mid\/wp-json\/wp\/v2\/tags?post=104412"}],"curies":[{"name":"wp","href":"https:\/\/api.w.org\/{rel}","templated":true}]}}