{"id":10399,"date":"2016-08-22T10:15:02","date_gmt":"2016-08-22T15:15:02","guid":{"rendered":"http:\/\/visionpeninsular.com\/mid\/?p=10399"},"modified":"2016-08-22T10:15:02","modified_gmt":"2016-08-22T15:15:02","slug":"parque-eolico-comenzaria-a-instalarse-en-septiembre-dicen","status":"publish","type":"post","link":"https:\/\/visionpeninsular.com\/mid\/parque-eolico-comenzaria-a-instalarse-en-septiembre-dicen\/","title":{"rendered":"Parque e\u00f3lico comenzar\u00eda a instalarse en Septiembre, dicen"},"content":{"rendered":"<p> (ACOM).- A finales del mes de septiembre comenzar\u00eda la instalaci\u00f3n de los aerogeneradores del parque e\u00f3lico de Dzilam de Bravo, un proyecto que busca hacerse realidad desde hace unos tres a\u00f1os.<\/p>\n<p>Al respecto, el delegado estatal de la Secretar\u00eda de Medio Ambiente y Recursos Naturales (Semarnat), Carlos Berl\u00edn Montero, indic\u00f3 que dicho parque tendr\u00e1 unos 36 aerogeneradores que producir\u00e1n 70.2 megawatts (MW) en su conjunto, lo que permitir\u00e1 generar energ\u00eda suficiente para varios municipios de la zona.<\/p>\n<p>\u201cEntendemos que la empresa (Vive Energ\u00eda) ya est\u00e1 avanzada en la instalaci\u00f3n de las estructuras y solo es cuesti\u00f3n de tiempo para que inicie su colocaci\u00f3n\u201d, dijo.<\/p>\n<p>Mencion\u00f3 que en este caso, la Semarnat ha buscado que el sitio genere la menor afectaci\u00f3n posible, algo que ha sido factor para su retraso en el funcionamiento.<\/p>\n<p>Record\u00f3  que Yucat\u00e1n tiene pactado contar con al menos 11 parques de energ\u00edas limpias, cinco de los cuales ser\u00edan fotovoltaicos y estar\u00edan dispersos por varios municipios.<\/p>\n<p>Berl\u00edn Montero precis\u00f3 que otro de los proyectos m\u00e1s avanzados, es uno que estar\u00eda ubicado en Cansahcab.<\/p>\n<p>Tambi\u00e9n, en el municipio de Sinanch\u00e9 tambi\u00e9n habr\u00edan proyectado dos parques m\u00e1s, junto a otros en la zona centro norte de la entidad, agreg\u00f3.<\/p>\n<p>\u201cEn el sur del estado hay proyectos de parques fotovoltaicos, como es el caso de Sucil\u00e1 donde hay uno en proceso de aprobarse y esperamos que tambi\u00e9n se aprovechen las bondades del estado en esta materia\u201d, expuso.<\/p>\n<p>El funcionario confi\u00f3 en que a finales de 2018 ya haya varios de estos proyectos en funcionamiento, lo que permitir\u00e1 que Yucat\u00e1n sea autosuficiente en la producci\u00f3n de energ\u00edas limpias.<\/p>\n<p>De acuerdo con la Asociaci\u00f3n Mexicana de Energ\u00eda E\u00f3lica (Amdee), en el pa\u00eds existen 24 parques ubicados en cinco estados (Chiapas, Oaxaca, Tamaulipas, Nuevo Le\u00f3n y Jalisco), que en total producen 1,906.67 MW de energ\u00eda limpia para las regiones noreste, occidente y sur-sureste de M\u00e9xico.<\/p>\n<div class='share-to-whatsapp-wrapper'><div class='share-on-whsp'>Share on: <\/div><a data-text='Parque e\u00f3lico comenzar\u00eda a instalarse en Septiembre, dicen' data-link='https:\/\/visionpeninsular.com\/mid\/parque-eolico-comenzaria-a-instalarse-en-septiembre-dicen\/' class='whatsapp-button whatsapp-share'>WhatsApp<\/a><div class='clear '><\/div><\/div>","protected":false},"excerpt":{"rendered":"<p>(ACOM).- A finales del mes de septiembre comenzar\u00eda la instalaci\u00f3n de los aerogeneradores del parque e\u00f3lico de Dzilam de Bravo, un proyecto que busca hacerse realidad desde hace unos tres a\u00f1os. Al respecto, el delegado estatal de la Secretar\u00eda de Medio Ambiente y Recursos Naturales (Semarnat), Carlos Berl\u00edn Montero, indic\u00f3 que dicho parque tendr\u00e1 unos &hellip;<\/p>\n","protected":false},"author":1,"featured_media":10400,"comment_status":"open","ping_status":"open","sticky":false,"template":"","format":"standard","meta":{"_mi_skip_tracking":false},"categories":[50],"tags":[2244],"_links":{"self":[{"href":"https:\/\/visionpeninsular.com\/mid\/wp-json\/wp\/v2\/posts\/10399"}],"collection":[{"href":"https:\/\/visionpeninsular.com\/mid\/wp-json\/wp\/v2\/posts"}],"about":[{"href":"https:\/\/visionpeninsular.com\/mid\/wp-json\/wp\/v2\/types\/post"}],"author":[{"embeddable":true,"href":"https:\/\/visionpeninsular.com\/mid\/wp-json\/wp\/v2\/users\/1"}],"replies":[{"embeddable":true,"href":"https:\/\/visionpeninsular.com\/mid\/wp-json\/wp\/v2\/comments?post=10399"}],"version-history":[{"count":1,"href":"https:\/\/visionpeninsular.com\/mid\/wp-json\/wp\/v2\/posts\/10399\/revisions"}],"predecessor-version":[{"id":10401,"href":"https:\/\/visionpeninsular.com\/mid\/wp-json\/wp\/v2\/posts\/10399\/revisions\/10401"}],"wp:featuredmedia":[{"embeddable":true,"href":"https:\/\/visionpeninsular.com\/mid\/wp-json\/wp\/v2\/media\/10400"}],"wp:attachment":[{"href":"https:\/\/visionpeninsular.com\/mid\/wp-json\/wp\/v2\/media?parent=10399"}],"wp:term":[{"taxonomy":"category","embeddable":true,"href":"https:\/\/visionpeninsular.com\/mid\/wp-json\/wp\/v2\/categories?post=10399"},{"taxonomy":"post_tag","embeddable":true,"href":"https:\/\/visionpeninsular.com\/mid\/wp-json\/wp\/v2\/tags?post=10399"}],"curies":[{"name":"wp","href":"https:\/\/api.w.org\/{rel}","templated":true}]}}