{"id":10395,"date":"2016-08-22T10:05:08","date_gmt":"2016-08-22T15:05:08","guid":{"rendered":"http:\/\/visionpeninsular.com\/mid\/?p=10395"},"modified":"2016-08-22T10:05:08","modified_gmt":"2016-08-22T15:05:08","slug":"entrega-mauricio-vila-obras-de-alumbrado-publico-de-la-av-10-de-monterreal-montebello","status":"publish","type":"post","link":"https:\/\/visionpeninsular.com\/mid\/entrega-mauricio-vila-obras-de-alumbrado-publico-de-la-av-10-de-monterreal-montebello\/","title":{"rendered":"Entrega Mauricio Vila obras de alumbrado p\u00fablico de la Av. 10 de Monterreal-Montebello"},"content":{"rendered":"<p>El alcalde, Mauricio Vila Dosal, puso en marcha, en d\u00edas pasados, el mejoramiento del alumbrado p\u00fablico de la Avenida 10 Monterreal y Monte Bello, a fin de dotar de mejor servicio y mayor seguridad a los ciudadanos que transitan por esta v\u00eda, obra que se hizo con una inversi\u00f3n de $500,000.<\/p>\n<p>El presidente municipal se\u00f1al\u00f3 que al ser una v\u00eda alterna al Perif\u00e9rico registra elevado movimiento en el tr\u00e1nsito de veh\u00edculos y, por tanto, era necesaria una mayor iluminaci\u00f3n para salvaguardar la seguridad de quienes la utilizan.<\/p>\n<p>Vila Dosal recorri\u00f3 parte de esta importante avenida acompa\u00f1ado de Luis Jorge Montalvo Duarte, director de Servicios P\u00fablicos Municipales del Ayuntamiento, quien explic\u00f3 que los trabajos realizados en esta v\u00eda, que va de la escuela El Renacimiento al Perif\u00e9rico, consistieron en la instalaci\u00f3n de 48 luminarias de 150 watts, el tendido el\u00e9ctrico subterr\u00e1neo de 900 metros, as\u00ed como la instalaci\u00f3n de 23 postes de nueve metros de altura, para lograr una mejor iluminaci\u00f3n.<\/p>\n<p>El alcalde se\u00f1al\u00f3 que con esta mejora se atiende una necesidad de las personas que viven en esta zona de la ciudad, as\u00ed como a las empresas que realizan operaciones comerciales y de servicios m\u00faltiples y, por supuesto, a todos los ciudadanos que transitan por esa v\u00eda al Perif\u00e9rico. <\/p>\n<div class='share-to-whatsapp-wrapper'><div class='share-on-whsp'>Share on: <\/div><a data-text='Entrega Mauricio Vila obras de alumbrado p\u00fablico de la Av. 10 de Monterreal-Montebello' data-link='https:\/\/visionpeninsular.com\/mid\/entrega-mauricio-vila-obras-de-alumbrado-publico-de-la-av-10-de-monterreal-montebello\/' class='whatsapp-button whatsapp-share'>WhatsApp<\/a><div class='clear '><\/div><\/div>","protected":false},"excerpt":{"rendered":"<p>El alcalde, Mauricio Vila Dosal, puso en marcha, en d\u00edas pasados, el mejoramiento del alumbrado p\u00fablico de la Avenida 10 Monterreal y Monte Bello, a fin de dotar de mejor servicio y mayor seguridad a los ciudadanos que transitan por esta v\u00eda, obra que se hizo con una inversi\u00f3n de $500,000. El presidente municipal se\u00f1al\u00f3 &hellip;<\/p>\n","protected":false},"author":1,"featured_media":10396,"comment_status":"open","ping_status":"open","sticky":false,"template":"","format":"standard","meta":{"_mi_skip_tracking":false},"categories":[49],"tags":[41,40],"_links":{"self":[{"href":"https:\/\/visionpeninsular.com\/mid\/wp-json\/wp\/v2\/posts\/10395"}],"collection":[{"href":"https:\/\/visionpeninsular.com\/mid\/wp-json\/wp\/v2\/posts"}],"about":[{"href":"https:\/\/visionpeninsular.com\/mid\/wp-json\/wp\/v2\/types\/post"}],"author":[{"embeddable":true,"href":"https:\/\/visionpeninsular.com\/mid\/wp-json\/wp\/v2\/users\/1"}],"replies":[{"embeddable":true,"href":"https:\/\/visionpeninsular.com\/mid\/wp-json\/wp\/v2\/comments?post=10395"}],"version-history":[{"count":1,"href":"https:\/\/visionpeninsular.com\/mid\/wp-json\/wp\/v2\/posts\/10395\/revisions"}],"predecessor-version":[{"id":10397,"href":"https:\/\/visionpeninsular.com\/mid\/wp-json\/wp\/v2\/posts\/10395\/revisions\/10397"}],"wp:featuredmedia":[{"embeddable":true,"href":"https:\/\/visionpeninsular.com\/mid\/wp-json\/wp\/v2\/media\/10396"}],"wp:attachment":[{"href":"https:\/\/visionpeninsular.com\/mid\/wp-json\/wp\/v2\/media?parent=10395"}],"wp:term":[{"taxonomy":"category","embeddable":true,"href":"https:\/\/visionpeninsular.com\/mid\/wp-json\/wp\/v2\/categories?post=10395"},{"taxonomy":"post_tag","embeddable":true,"href":"https:\/\/visionpeninsular.com\/mid\/wp-json\/wp\/v2\/tags?post=10395"}],"curies":[{"name":"wp","href":"https:\/\/api.w.org\/{rel}","templated":true}]}}