{"id":103778,"date":"2019-10-17T10:29:05","date_gmt":"2019-10-17T15:29:05","guid":{"rendered":"http:\/\/visionpeninsular.com\/mid\/?p=103778"},"modified":"2019-10-17T10:29:18","modified_gmt":"2019-10-17T15:29:18","slug":"cultura-para-todos-prioridad-del-gobernador-mauricio-vila-dosal","status":"publish","type":"post","link":"https:\/\/visionpeninsular.com\/mid\/cultura-para-todos-prioridad-del-gobernador-mauricio-vila-dosal\/","title":{"rendered":"Cultura para todos, prioridad del Gobernador Mauricio Vila Dosal"},"content":{"rendered":"\n<p>Artistas yucatecos llevar\u00e1n su talento en la m\u00fasica, danza y\nteatro para el disfrute de los habitantes del interior del estado a trav\u00e9s del\nOto\u00f1o Cultural, festival que promueve el Gobernador Mauricio Vila Dosal para\nhacer llegar hasta los municipios espect\u00e1culos y eventos culturales de calidad.<\/p>\n\n\n\n<p>Al inaugurar en Hom\u00fan la edici\u00f3n 2019 de la fiesta de las\nartes, Vila Dosal se\u00f1al\u00f3 que la raz\u00f3n por la cual se extendieron las\nactividades culturales hacia los municipios es porque a\u00f1os atr\u00e1s los habitantes\ndel interior del estado no ten\u00edan acceso a eventos de esta \u00edndole, por lo que\nhoy, en su Gobierno, esto est\u00e1 cambiando.<\/p>\n\n\n\n<p>\u201cCon nosotros, esto est\u00e1 cambiando, normalmente esta\ninauguraci\u00f3n se realizar\u00eda en el teatro \u2018Jos\u00e9 Pe\u00f3n Contreras\u2019, porque todos los\neventos se hac\u00edan en M\u00e9rida, muy pocos eventos se hac\u00edan al interior, en\ncambio, en esta ocasi\u00f3n en 10 municipios se har\u00e1n actividades culturales como\nlas que tenemos hoy ac\u00e1\u201d, puntualiz\u00f3 el Gobernador.<\/p>\n\n\n\n<p>Acompa\u00f1ado del alcalde anfitri\u00f3n Manuel Jes\u00fas Ch\u00ed Chin y\n\u00c9rica Millet Corona, secretaria de la Cultura y las Artes en Yucat\u00e1n, Vila\nDosal indic\u00f3 que con estas acciones se busca descentralizar la cultura y\nbrindar las mismas oportunidades a los yucatecos que viven en el resto de los\nmunicipios distintos a M\u00e9rida.<\/p>\n\n\n\n<p>\u201cLas mismas oportunidades y los mismos derechos tiene la\ngente del interior del estado que la gente de M\u00e9rida y en este Gobierno nos\nvamos a seguir esforzando para que se sigan haciendo m\u00e1s actividades para\nequilibrar la balanza entre lo que pasa en M\u00e9rida y lo que pasa en el\ninterior\u201d, a\u00f1adi\u00f3 el Gobernador.<\/p>\n\n\n\n<p>El Oto\u00f1o Cultural 2019 se llevar\u00e1 a cabo tambi\u00e9n en los\nmunicipios de Cansahcab, Dzoncauich, Espita, Hunucm\u00e1, Progreso, Tekax, Ticul,\nTizim\u00edn y Valladolid, con 10 actividades, mientras que en M\u00e9rida habr\u00e1 45\neventos art\u00edsticos, de los cuales 27 son de m\u00fasica, 14 de teatro, nueve de\ndanza, tres de artes visuales y dos de tipo did\u00e1ctico. En total participan m\u00e1s\nde 600 artistas.<\/p>\n\n\n\n<p>En el espect\u00e1culo de apertura se incluy\u00f3 m\u00fasica, danza y\nteatro, actos que las familias yucatecas asistentes pudieron disfrutar.<\/p>\n\n\n\n<p>El evento inaugural incluy\u00f3 la intervenci\u00f3n de Salom\u00e9\nSansores L\u00f3pez \u201cChepita Kakat\u00faa de la Papaya Fresca de Um\u00e1n\u201d, as\u00ed como la\nparticipaci\u00f3n del Ballet Folkl\u00f3rico Juvenil del Estado y la Orquesta Jaranera\ndel Mayab, bajo la direcci\u00f3n de Felipe de Jes\u00fas e Naal.<\/p>\n\n\n\n<p>De igual forma estuvieron presentes el Cuarteto Ensamble\nYucat\u00e1n acompa\u00f1ando las voces de los solistas Ingrid Frine\u00e9, Georgina Gallegos\ny Luis Poblete, quienes deleitaron al p\u00fablico con algunas piezas de Juan\nAcereto Manzanilla, Manuel Montes de Oca, Santiago Manzanero, Armando\nManzanero, Alejandro Rosas, Serio Esquivel y Ang\u00e9lica Balado.<\/p>\n\n\n\n<p>Asimismo, de forma simult\u00e1nea en M\u00e9rida, en el teatro \u201cJos\u00e9\nPe\u00f3n Contreras\u201d, se present\u00f3 la Orquesta T\u00edpica Yukalpet\u00e9n (OTY), bajo la\ndirecci\u00f3n de Pedro Carlos Herrera L\u00f3pez, brindando lo mejor de su repertorio en\nlas voces de sus solistas Maricarmen P\u00e9rez, Emma Alcocer y Jes\u00fas Armando.<\/p>\n\n\n\n<p>Adem\u00e1s, particip\u00f3 el Coro de C\u00e1mara de Yucat\u00e1n, dirigido por\nJonathan Renter\u00eda, el Ballet Folkl\u00f3rico del Estado \u201cAlfredo Cort\u00e9s Aguilar\u201d,\nigualmente estuvieron Andrea Herrera y su compa\u00f1\u00eda Titeradas, as\u00ed como Ixchel\nG\u00f3mez Sandoval y \u00c1lvar Alcocer L\u00f3pez, del Proyecto de Danza Cl\u00e1sica de la\nSedeculta.<\/p>\n\n\n\n<p>Al evento de inauguraci\u00f3n asistieron los diputados locales\nEnrique Castillo Ruz, Karla Franco Blanco y Paulina Viana G\u00f3mez; as\u00ed como los\npresidentes municipales de Acanceh, Felipe de Jes\u00fas Medina Ch\u00ed; Cuzam\u00e1, Mar\u00eda\nAntonia Zapata Maas; Hunucm\u00e1, Alberto Padr\u00f3n Romero; Progreso, Juli\u00e1n Zacarias\nCuri; Tekax, Diego \u00c1vila Romero; Tekit, Jos\u00e9 Armando Medina Koh; Tahmek, Neyda\nMar\u00eda Heredia Leal y Ticul, Rafael Montalvo Mata; adem\u00e1s de Irving Berl\u00edn\nVillafa\u00f1a, director de Cultura del Ayuntamiento de M\u00e9rida.<\/p>\n<div class='share-to-whatsapp-wrapper'><div class='share-on-whsp'>Share on: <\/div><a data-text='Cultura para todos, prioridad del Gobernador Mauricio Vila Dosal' data-link='https:\/\/visionpeninsular.com\/mid\/cultura-para-todos-prioridad-del-gobernador-mauricio-vila-dosal\/' class='whatsapp-button whatsapp-share'>WhatsApp<\/a><div class='clear '><\/div><\/div>","protected":false},"excerpt":{"rendered":"<p>Artistas yucatecos llevar\u00e1n su talento en la m\u00fasica, danza y teatro para el disfrute de los habitantes del interior del estado a trav\u00e9s del Oto\u00f1o Cultural, festival que promueve el Gobernador Mauricio Vila Dosal para hacer llegar hasta los municipios espect\u00e1culos y eventos culturales de calidad. Al inaugurar en Hom\u00fan la edici\u00f3n 2019 de la &hellip;<\/p>\n","protected":false},"author":5,"featured_media":103783,"comment_status":"open","ping_status":"open","sticky":false,"template":"","format":"standard","meta":{"_mi_skip_tracking":false},"categories":[50,37],"tags":[3316,17811],"_links":{"self":[{"href":"https:\/\/visionpeninsular.com\/mid\/wp-json\/wp\/v2\/posts\/103778"}],"collection":[{"href":"https:\/\/visionpeninsular.com\/mid\/wp-json\/wp\/v2\/posts"}],"about":[{"href":"https:\/\/visionpeninsular.com\/mid\/wp-json\/wp\/v2\/types\/post"}],"author":[{"embeddable":true,"href":"https:\/\/visionpeninsular.com\/mid\/wp-json\/wp\/v2\/users\/5"}],"replies":[{"embeddable":true,"href":"https:\/\/visionpeninsular.com\/mid\/wp-json\/wp\/v2\/comments?post=103778"}],"version-history":[{"count":1,"href":"https:\/\/visionpeninsular.com\/mid\/wp-json\/wp\/v2\/posts\/103778\/revisions"}],"predecessor-version":[{"id":103784,"href":"https:\/\/visionpeninsular.com\/mid\/wp-json\/wp\/v2\/posts\/103778\/revisions\/103784"}],"wp:featuredmedia":[{"embeddable":true,"href":"https:\/\/visionpeninsular.com\/mid\/wp-json\/wp\/v2\/media\/103783"}],"wp:attachment":[{"href":"https:\/\/visionpeninsular.com\/mid\/wp-json\/wp\/v2\/media?parent=103778"}],"wp:term":[{"taxonomy":"category","embeddable":true,"href":"https:\/\/visionpeninsular.com\/mid\/wp-json\/wp\/v2\/categories?post=103778"},{"taxonomy":"post_tag","embeddable":true,"href":"https:\/\/visionpeninsular.com\/mid\/wp-json\/wp\/v2\/tags?post=103778"}],"curies":[{"name":"wp","href":"https:\/\/api.w.org\/{rel}","templated":true}]}}