{"id":103545,"date":"2019-10-15T11:21:44","date_gmt":"2019-10-15T16:21:44","guid":{"rendered":"http:\/\/visionpeninsular.com\/mid\/?p=103545"},"modified":"2019-10-15T11:27:24","modified_gmt":"2019-10-15T16:27:24","slug":"fallecen-dos-personas-mas-del-fatal-accidente-carretero-suman-8-los-fallecidos","status":"publish","type":"post","link":"https:\/\/visionpeninsular.com\/mid\/fallecen-dos-personas-mas-del-fatal-accidente-carretero-suman-8-los-fallecidos\/","title":{"rendered":"Fallecen dos personas m\u00e1s del fatal accidente carretero; suman 8 las v\u00edctimas"},"content":{"rendered":"\n<p>La cifra de fallecidos por el fatal &nbsp;accidente de tr\u00e1nsito registrado este lunes por\nla ma\u00f1ana en la carretera M\u00e9rida-Tizim\u00edn, a la altura del entronque de Mococh\u00e1\nen el kil\u00f3metro 17, &nbsp;&nbsp;ha cobrado m\u00e1s&nbsp; v\u00edctimas al fallecer dos de los siete lesionados\nreportados como graves, que se encontraban internados en el Hospital Ignacio\nGarc\u00eda T\u00e9llez (T1) del IMSS.<\/p>\n\n\n\n<p>Los primeros informes destacaron que cinco personas\nperdieron la vida de forma instant\u00e1nea, en tanto que una sexta muri\u00f3 en camino\na un nosocomio; el chofer de la unidad de traslado de pacientes, proveniente de\nDzoncauich, pereci\u00f3 de manera instant\u00e1nea prensado en el interior del veh\u00edculo.<\/p>\n\n\n\n<p>Las v\u00edctimas, quienes fueron reconocidos por sus familiares\ncomo Cornelio Baas Canch\u00e9, de 42 a\u00f1os; Mar\u00eda Sof\u00eda Pat Chan, 37; Manuel Chin\nChan, 43; Araceli Escalante Chan, 35; Gabriela Couoh, 38; y Antonia Escalante,\n40, a los que se sumaron &nbsp;Virgilio Canch\u00e9\nDzul y Pedro Canch\u00e9 Chan, de 72 y 41 a\u00f1os respectivamente, en el hospital\nIgnacio Garc\u00eda T\u00e9llez (T1) del IMSS, en M\u00e9rida.<\/p>\n\n\n\n<p>Al lugar del accidente arribaron polic\u00edas de Mococh\u00e1, Tekat,\nBaca, agentes de la Secretar\u00eda de Seguridad P\u00fablica (SSP) y bomberos de la\nmisma corporaci\u00f3n, &nbsp;quienes rescataron &nbsp;los cuerpos de los fallecidos, adem\u00e1s de\nelementos de la Polic\u00eda Federal y voluntarios que pasaban por el lugar y\nayudaron a los siete lesionados que hab\u00eda en ese momento.<\/p>\n\n\n\n<p>Finalmente trascendi\u00f3 que una persona m\u00e1s sigue en estado\ncr\u00edtico en la T1, en tanto que solo dos de los cinco heridos restantes sufrieron\ngolpes y heridas que no ponen en peligro su vida y que convalecen estables en\nel hospital O\u2019Hor\u00e1n, donde se orden\u00f3 su atenci\u00f3n inmediata. <\/p>\n<div class='share-to-whatsapp-wrapper'><div class='share-on-whsp'>Share on: <\/div><a data-text='Fallecen dos personas m\u00e1s del fatal accidente carretero; suman 8 las v\u00edctimas' data-link='https:\/\/visionpeninsular.com\/mid\/fallecen-dos-personas-mas-del-fatal-accidente-carretero-suman-8-los-fallecidos\/' class='whatsapp-button whatsapp-share'>WhatsApp<\/a><div class='clear '><\/div><\/div>","protected":false},"excerpt":{"rendered":"<p>La cifra de fallecidos por el fatal &nbsp;accidente de tr\u00e1nsito registrado este lunes por la ma\u00f1ana en la carretera M\u00e9rida-Tizim\u00edn, a la altura del entronque de Mococh\u00e1 en el kil\u00f3metro 17, &nbsp;&nbsp;ha cobrado m\u00e1s&nbsp; v\u00edctimas al fallecer dos de los siete lesionados reportados como graves, que se encontraban internados en el Hospital Ignacio Garc\u00eda T\u00e9llez &hellip;<\/p>\n","protected":false},"author":5,"featured_media":103555,"comment_status":"open","ping_status":"open","sticky":false,"template":"","format":"standard","meta":{"_mi_skip_tracking":false},"categories":[50,37],"tags":[17881,17882],"_links":{"self":[{"href":"https:\/\/visionpeninsular.com\/mid\/wp-json\/wp\/v2\/posts\/103545"}],"collection":[{"href":"https:\/\/visionpeninsular.com\/mid\/wp-json\/wp\/v2\/posts"}],"about":[{"href":"https:\/\/visionpeninsular.com\/mid\/wp-json\/wp\/v2\/types\/post"}],"author":[{"embeddable":true,"href":"https:\/\/visionpeninsular.com\/mid\/wp-json\/wp\/v2\/users\/5"}],"replies":[{"embeddable":true,"href":"https:\/\/visionpeninsular.com\/mid\/wp-json\/wp\/v2\/comments?post=103545"}],"version-history":[{"count":2,"href":"https:\/\/visionpeninsular.com\/mid\/wp-json\/wp\/v2\/posts\/103545\/revisions"}],"predecessor-version":[{"id":103565,"href":"https:\/\/visionpeninsular.com\/mid\/wp-json\/wp\/v2\/posts\/103545\/revisions\/103565"}],"wp:featuredmedia":[{"embeddable":true,"href":"https:\/\/visionpeninsular.com\/mid\/wp-json\/wp\/v2\/media\/103555"}],"wp:attachment":[{"href":"https:\/\/visionpeninsular.com\/mid\/wp-json\/wp\/v2\/media?parent=103545"}],"wp:term":[{"taxonomy":"category","embeddable":true,"href":"https:\/\/visionpeninsular.com\/mid\/wp-json\/wp\/v2\/categories?post=103545"},{"taxonomy":"post_tag","embeddable":true,"href":"https:\/\/visionpeninsular.com\/mid\/wp-json\/wp\/v2\/tags?post=103545"}],"curies":[{"name":"wp","href":"https:\/\/api.w.org\/{rel}","templated":true}]}}